{"id":23647,"date":"2019-03-23T16:55:22","date_gmt":"2019-03-23T20:55:22","guid":{"rendered":"https:\/\/linitiative.ca\/International\/tunisie-rene-trabelsi-revendique-pour-la-tunisie-un-siege-a-lomt\/"},"modified":"2019-03-23T16:55:22","modified_gmt":"2019-03-23T20:55:22","slug":"tunisie-rene-trabelsi-revendique-pour-la-tunisie-un-siege-a-lomt","status":"publish","type":"post","link":"https:\/\/linitiative.ca\/International\/tunisie-rene-trabelsi-revendique-pour-la-tunisie-un-siege-a-lomt\/","title":{"rendered":"Tunisie \u2013 Ren\u00e9 Trabelsi revendique pour la Tunisie un si\u00e8ge \u00e0 l\u2019OMT"},"content":{"rendered":"<div class=\"post-cont-in left relative\">\n<div class=\"nc_socialPanel swp_flatFresh swp_d_fullColor swp_i_fullColor swp_o_fullColor scale-100 scale-fullWidth\" data-position=\"none\" data-float=\"floatNone\" data-count=\"5\" data-floatcolor=\"#ffffff\" data-emphasize=\"0\">\n<div class=\"nc_tweetContainer totes totesalt\" data-id=\"6\"><span class=\"swp_count\"><span class=\"swp_label\">Partages<\/span> 10<\/span><\/div>\n<\/div>\n<p>Le ministre tunisien du tourisme a officiellement demand\u00e9 \u00e0 l\u2019Organisation mondiale du tourisme (OMT) de si\u00e9ger au sein de son conseil ex\u00e9cutif. C\u2019est ce qu\u2019a d\u00e9clar\u00e9, ce jeudi, Ren\u00e9 Trabelsi, apr\u00e8s son entretien avec le secr\u00e9taire g\u00e9n\u00e9ral de l\u2019OMT, Zurab Pololikashvili.<\/p>\n<p>Ren\u00e9 Trabelsi a ajout\u00e9 que cette demande semble b\u00e9n\u00e9ficier de l\u2019accord et du soutien de Pololikashvili.<\/p>\n<div class=\"code-block code-block-1 c3\"><ins class=\"adsbygoogle c2\" data-ad-layout=\"in-article\" data-ad-format=\"fluid\" data-ad-client=\"ca-pub-2102118777505746\" data-ad-slot=\"7301775417\"\/> <\/div>\n<p>L\u2019obtention par la Tunisie d\u2019un si\u00e8ge au sein de l\u2019OMT permettrait d\u2019am\u00e9liorer le rendement du secteur touristique aux plans de la qualit\u00e9 des services et d\u2019assurer un meilleur niveau de formation, selon le ministre.<\/p>\n<p>Pololikashvili a annonc\u00e9 qu\u2019un programme de coop\u00e9ration entre la Tunisie et l\u2019OMT a \u00e9t\u00e9 mis en place, ajoutant que \u00ab\u00a0la Tunisie est l\u2019une des destinations touristiques qui enregistre la meilleure croissance en Afrique \u00bb. Pololikashvili a ajout\u00e9 que l\u2019OMT soutient la Tunisie dans le d\u00e9veloppement de sa strat\u00e9gie et de ses programmes touristiques, notamment en mati\u00e8re de formation, avec, notamment, le projet de cr\u00e9ation d\u2019un centre international du tourisme en Tunisie afin d\u2019am\u00e9liorer la qualit\u00e9 de la formation du personnel de tourisme tunisien et de diversifier son produit.<\/p>\n<div class=\"mvp-org-wrap mvp-org-logo\" itemprop=\"publisher\" itemscope=\"\" itemtype=\"https:\/\/schema.org\/Organization\"><img decoding=\"async\" src=\"https:\/\/www.tunisienumerique.com\/wp-content\/uploads\/2017\/02\/logo_tunisie_numerique.png\"\/><\/div>\n<div class=\"nc_socialPanel swp_flatFresh swp_d_fullColor swp_i_fullColor swp_o_fullColor scale-100 scale-fullWidth\" data-position=\"none\" data-float=\"floatNone\" data-count=\"5\" data-floatcolor=\"#ffffff\" data-emphasize=\"0\">\n<div class=\"nc_tweetContainer totes totesalt\" data-id=\"6\"><span class=\"swp_count\"><span class=\"swp_label\">Partages<\/span> 10<\/span><\/div>\n<\/div>\n<div class=\"mvp-related-posts left relative\">\n<h4 class=\"post-header\"><span class=\"post-header\">Lire aussi<\/span><\/h4>\n<\/div>\n<\/div>\n<p>Auteur: LM<br \/>\n<a href=\"https:\/\/www.tunisienumerique.com\/tunisie-rene-trabelsi-revendique-pour-la-tunisie-un-siege-a-lomt\/\">Cliquez ici pour lire l&rsquo;article depuis sa source.<\/a><\/p>\n","protected":false},"excerpt":{"rendered":"<p>Partages 10 Le ministre tunisien du tourisme a officiellement demand\u00e9 \u00e0 l\u2019Organisation mondiale du tourisme (OMT) de si\u00e9ger au sein de son conseil ex\u00e9cutif. C\u2019est ce qu\u2019a d\u00e9clar\u00e9, ce jeudi, Ren\u00e9 Trabelsi, apr\u00e8s son entretien avec le secr\u00e9taire g\u00e9n\u00e9ral de l\u2019OMT, Zurab Pololikashvili. Ren\u00e9 Trabelsi a ajout\u00e9 que cette demande semble b\u00e9n\u00e9ficier de l\u2019accord et [&hellip;]<\/p>\n","protected":false},"author":1789,"featured_media":23648,"comment_status":"closed","ping_status":"closed","sticky":false,"template":"","format":"standard","meta":{"fifu_image_url":"","fifu_image_alt":"","footnotes":""},"categories":[73,55],"tags":[],"class_list":["post-23647","post","type-post","status-publish","format-standard","has-post-thumbnail","hentry","category-actualite","category-tunisie"],"_links":{"self":[{"href":"https:\/\/linitiative.ca\/International\/wp-json\/wp\/v2\/posts\/23647","targetHints":{"allow":["GET"]}}],"collection":[{"href":"https:\/\/linitiative.ca\/International\/wp-json\/wp\/v2\/posts"}],"about":[{"href":"https:\/\/linitiative.ca\/International\/wp-json\/wp\/v2\/types\/post"}],"author":[{"embeddable":true,"href":"https:\/\/linitiative.ca\/International\/wp-json\/wp\/v2\/users\/1789"}],"replies":[{"embeddable":true,"href":"https:\/\/linitiative.ca\/International\/wp-json\/wp\/v2\/comments?post=23647"}],"version-history":[{"count":0,"href":"https:\/\/linitiative.ca\/International\/wp-json\/wp\/v2\/posts\/23647\/revisions"}],"wp:featuredmedia":[{"embeddable":true,"href":"https:\/\/linitiative.ca\/International\/wp-json\/"}],"wp:attachment":[{"href":"https:\/\/linitiative.ca\/International\/wp-json\/wp\/v2\/media?parent=23647"}],"wp:term":[{"taxonomy":"category","embeddable":true,"href":"https:\/\/linitiative.ca\/International\/wp-json\/wp\/v2\/categories?post=23647"},{"taxonomy":"post_tag","embeddable":true,"href":"https:\/\/linitiative.ca\/International\/wp-json\/wp\/v2\/tags?post=23647"}],"curies":[{"name":"wp","href":"https:\/\/api.w.org\/{rel}","templated":true}]}}