{"id":23653,"date":"2019-03-23T13:50:04","date_gmt":"2019-03-23T17:50:04","guid":{"rendered":"https:\/\/linitiative.ca\/International\/au-golan-occupe-par-israel-des-druzes-manifestent-contre-les-propos-de-trump\/"},"modified":"2019-03-23T13:50:04","modified_gmt":"2019-03-23T17:50:04","slug":"au-golan-occupe-par-israel-des-druzes-manifestent-contre-les-propos-de-trump","status":"publish","type":"post","link":"https:\/\/linitiative.ca\/International\/au-golan-occupe-par-israel-des-druzes-manifestent-contre-les-propos-de-trump\/","title":{"rendered":"Au Golan occup\u00e9 par Isra\u00ebl, des Druzes manifestent contre les propos de Trump"},"content":{"rendered":"<div readability=\"32\">\n<p>Publi\u00e9 le 23.03.2019 \u00e0 18h50 par AFP<\/p>\n<\/div>\n<div readability=\"84\">\n<p>Des Druzes du plateau du Golan ont manifest\u00e9 samedi contre la d\u00e9claration du pr\u00e9sident am\u00e9ricain Donald Trump en faveur d\u2019une reconnaissance de la souverainet\u00e9 d\u2019Isra\u00ebl sur ce territoire occup\u00e9 depuis 1967.<\/p>\n<p>Le pr\u00e9sident am\u00e9ricain a estim\u00e9 jeudi sur Twitter qu\u2019il \u00e9tait \u00ab\u00a0temps pour les Etats-Unis de reconna\u00eetre pleinement la souverainet\u00e9 d\u2019Isra\u00ebl sur le plateau du Golan\u00a0\u00bb, rompant avec des d\u00e9cennies de diplomatie am\u00e9ricaine au Moyen-Orient.<\/p>\n<p>Des dizaines de milliers de Syriens ont fui ou ont \u00e9t\u00e9 expuls\u00e9s lorsqu\u2019Isra\u00ebl a conquis une grande partie du Golan en 1967 lors de la guerre des Six Jours, avant de l\u2019annexer en 1981. La communaut\u00e9 internationale n\u2019a jamais reconnu cette annexion.<\/p>\n<p>D\u2019autres sont rest\u00e9s dans la partie contr\u00f4l\u00e9e par Isra\u00ebl o\u00f9 vivent aujourd\u2019hui environ 23.000 Druzes \u2013une branche h\u00e9t\u00e9rodoxe de l\u2019islam chiite\u2013 aux c\u00f4t\u00e9s de 25.000 colons isra\u00e9liens.<\/p>\n<p>Une vaste majorit\u00e9 de ces Druzes se consid\u00e8rent comme Syriens et refusent d\u2019acqu\u00e9rir la nationalit\u00e9 isra\u00e9lienne.<\/p>\n<p>Samedi, des hommes, femmes et enfants druzes se sont rassembl\u00e9s dans la ville de Majdal Shams, \u00e0 proximit\u00e9 de la zone tampon onusienne s\u00e9parant la partie occup\u00e9e et non occup\u00e9e du Golan syrien.<\/p>\n<p><ins data-revive-zoneid=\"9\" data-revive-id=\"10111e19d28d19d031742ee3b0b33eb0\"\/> <\/p>\n<p>Ils ont brandi des drapeaux druzes et syriens, des portraits du pr\u00e9sident syrien Bachar al-Assad et des banderoles sur lesquelles on pouvait lire, en arabe, \u00ab\u00a0Le Golan est syrien\u00a0\u00bb ou \u00ab\u00a0Nous sommes ceux qui d\u00e9cidons de l\u2019identit\u00e9 du Golan\u00a0\u00bb.<\/p>\n<p>Pour Wasef Khatar, un repr\u00e9sentant de la communaut\u00e9 kurde, Donald Trump a pris des engagements sur des \u00ab\u00a0terres arabes, syriennes, mais pas isra\u00e9liennes\u00a0\u00bb.<\/p>\n<p>\u00ab\u00a0Nous rejetons la d\u00e9cision du pr\u00e9sident am\u00e9ricain Trump car il parle de quelque chose qui ne lui appartient pas\u00a0\u00bb, a d\u00e9clar\u00e9 M. Khatar.<\/p>\n<p>La d\u00e9claration de M. Trump intervient une semaine apr\u00e8s que le D\u00e9partement d\u2019Etat am\u00e9ricain a chang\u00e9 sa d\u00e9nomination du Golan syrien en \u00ab\u00a0contr\u00f4l\u00e9\u00a0\u00bb et non plus \u00ab\u00a0occup\u00e9\u00a0\u00bb par Isra\u00ebl, un glissement s\u00e9mantique qui avait \u00e9t\u00e9 vu par certains comme le pr\u00e9lude \u00e0 une reconnaissance am\u00e9ricaine de la souverainet\u00e9 isra\u00e9lienne.<\/p>\n<p>Cette reconnaissance doit encore se mat\u00e9rialiser au Congr\u00e8s ou sous la forme d\u2019un acte de l\u2019ex\u00e9cutif am\u00e9ricain.<\/p>\n<\/div>\n<p>Auteur: AFP<br \/>\n<a href=\"https:\/\/www.journalducameroun.com\/fr\/au-golan-occupe-par-israel-des-druzes-manifestent-contre-les-propos-de-trump\/\">Cliquez ici pour lire l&rsquo;article depuis sa source.<\/a><\/p>\n","protected":false},"excerpt":{"rendered":"<p>Publi\u00e9 le 23.03.2019 \u00e0 18h50 par AFP Des Druzes du plateau du Golan ont manifest\u00e9 samedi contre la d\u00e9claration du pr\u00e9sident am\u00e9ricain Donald Trump en faveur d\u2019une reconnaissance de la souverainet\u00e9 d\u2019Isra\u00ebl sur ce territoire occup\u00e9 depuis 1967. Le pr\u00e9sident am\u00e9ricain a estim\u00e9 jeudi sur Twitter qu\u2019il \u00e9tait \u00ab\u00a0temps pour les Etats-Unis de reconna\u00eetre pleinement [&hellip;]<\/p>\n","protected":false},"author":1965,"featured_media":0,"comment_status":"closed","ping_status":"closed","sticky":false,"template":"","format":"standard","meta":{"fifu_image_url":"","fifu_image_alt":"","footnotes":""},"categories":[73,82],"tags":[],"class_list":["post-23653","post","type-post","status-publish","format-standard","hentry","category-actualite","category-cameroun"],"_links":{"self":[{"href":"https:\/\/linitiative.ca\/International\/wp-json\/wp\/v2\/posts\/23653","targetHints":{"allow":["GET"]}}],"collection":[{"href":"https:\/\/linitiative.ca\/International\/wp-json\/wp\/v2\/posts"}],"about":[{"href":"https:\/\/linitiative.ca\/International\/wp-json\/wp\/v2\/types\/post"}],"author":[{"embeddable":true,"href":"https:\/\/linitiative.ca\/International\/wp-json\/wp\/v2\/users\/1965"}],"replies":[{"embeddable":true,"href":"https:\/\/linitiative.ca\/International\/wp-json\/wp\/v2\/comments?post=23653"}],"version-history":[{"count":0,"href":"https:\/\/linitiative.ca\/International\/wp-json\/wp\/v2\/posts\/23653\/revisions"}],"wp:attachment":[{"href":"https:\/\/linitiative.ca\/International\/wp-json\/wp\/v2\/media?parent=23653"}],"wp:term":[{"taxonomy":"category","embeddable":true,"href":"https:\/\/linitiative.ca\/International\/wp-json\/wp\/v2\/categories?post=23653"},{"taxonomy":"post_tag","embeddable":true,"href":"https:\/\/linitiative.ca\/International\/wp-json\/wp\/v2\/tags?post=23653"}],"curies":[{"name":"wp","href":"https:\/\/api.w.org\/{rel}","templated":true}]}}