{"id":23654,"date":"2019-03-23T13:50:06","date_gmt":"2019-03-23T17:50:06","guid":{"rendered":"https:\/\/linitiative.ca\/International\/norvege-noria-dhelicopteres-pour-evacuer-les-1-300-passagers-dun-paquebot-en-difficulte\/"},"modified":"2019-03-23T13:50:06","modified_gmt":"2019-03-23T17:50:06","slug":"norvege-noria-dhelicopteres-pour-evacuer-les-1-300-passagers-dun-paquebot-en-difficulte","status":"publish","type":"post","link":"https:\/\/linitiative.ca\/International\/norvege-noria-dhelicopteres-pour-evacuer-les-1-300-passagers-dun-paquebot-en-difficulte\/","title":{"rendered":"Norv\u00e8ge: noria d\u2019h\u00e9licopt\u00e8res pour \u00e9vacuer les 1.300 passagers d\u2019un paquebot en difficult\u00e9"},"content":{"rendered":"<div readability=\"32\">\n<p>Publi\u00e9 le 23.03.2019 \u00e0 18h50 par AFP<\/p>\n<\/div>\n<div readability=\"105\">\n<p>Les autorit\u00e9s norv\u00e9giennes ont initi\u00e9 samedi l\u2019\u00e9vacuation spectaculaire par h\u00e9licopt\u00e8re de quelque 1.300 passagers d\u2019un navire de croisi\u00e8re, victime d\u2019un probl\u00e8me moteur au large du littoral norv\u00e9gien.<\/p>\n<p>\u00ab\u00a0Le navire de croisi\u00e8re Viking Sky a lanc\u00e9 un SOS, probl\u00e8mes de motorisation dans une m\u00e9t\u00e9o mauvaise\u00a0\u00bb, a annonc\u00e9 le Centre de secours du sud de la Norv\u00e8ge sur Twitter.<\/p>\n<p>Dans un autre tweet, la police locale a indiqu\u00e9 que les 1.300 passagers allaient \u00eatre \u00e9vacu\u00e9s vers la terre.<\/p>\n<p>\u00ab\u00a0Le bateau n\u2019a qu\u2019un moteur qui fonctionne et les vents sont assez forts. Nous pr\u00e9f\u00e9rons donc que les gens soient \u00e0 terre qu\u2019\u00e0 bord du navire\u00a0\u00bb, a d\u00e9clar\u00e9 \u00e0 l\u2019AFP le chef des op\u00e9rations de la police, Tor Andre Franck.<\/p>\n<p>Aux alentours de 16H30 (14H30 GMT), une centaine de personnes avaient \u00e9t\u00e9 \u00e9vacu\u00e9es par h\u00e9litreuillage.<\/p>\n<p>Cinq h\u00e9licopt\u00e8res ont \u00e9t\u00e9 d\u00e9p\u00each\u00e9s sur place pour y effectuer des navettes entre le navire et la terre ferme avec les passagers \u00e9vacu\u00e9s, a indiqu\u00e9 le Centre de secours.<\/p>\n<p>Les images des m\u00e9dias norv\u00e9giens, film\u00e9es depuis la terre, montraient la grande silhouette blanche du paquebot survol\u00e9e par des h\u00e9licopt\u00e8res dans une mer agit\u00e9e et des vents forts.<\/p>\n<p>Chaque appareil emporte entre 15 et 20 personnes par rotation.<\/p>\n<p>\u00ab\u00a0Cela va prendre du temps pour \u00e9vacuer tout le monde\u00a0\u00bb, a pr\u00e9cis\u00e9 M. Franck.<\/p>\n<p>L\u2019incident s\u2019est produit vers 14H00 \u00e0 quelques milles marins au large de la r\u00e9gion de M\u00f8re og Romsdal (ouest de la Norv\u00e8ge), o\u00f9 plusieurs naufrages ont d\u00e9j\u00e0 eu lieu.<\/p>\n<p><ins data-revive-zoneid=\"9\" data-revive-id=\"10111e19d28d19d031742ee3b0b33eb0\"\/> <\/p>\n<p>\u00ab\u00a0C\u2019est dangereux de rencontrer des probl\u00e8mes moteur dans ces eaux qui cachent de nombreux r\u00e9cifs\u00a0\u00bb, a indiqu\u00e9 M. Franck, pr\u00e9cisant que les creux atteignaient jusqu\u2019\u00e0 8 m\u00e8tres samedi.<\/p>\n<p>En provenance de Troms\u00f8 (nord), le bateau devait se rendre \u00e0 Stavanger (sud-ouest).<\/p>\n<p>Des bateaux des garde-c\u00f4tes et des secours en mer ont \u00e9t\u00e9 d\u00e9p\u00each\u00e9s sur zone. Un centre d\u2019accueil a \u00e9t\u00e9 mis en place \u00e0 terre pour accueillir les personnes \u00e9vacu\u00e9es.<\/p>\n<p>En fin d\u2019apr\u00e8s-midi, un remorqueur faisait aussi route vers le Viking Sky dans l\u2019espoir de pouvoir le tirer vers un port des environs, ce qui dispenserait les secours d\u2019\u00e9vacuer l\u2019ensemble des passagers par h\u00e9licopt\u00e8re.<\/p>\n<p>\u00ab\u00a0Le navire est stable. Il a jet\u00e9 l\u2019ancre et un de ses moteurs est en marche\u00a0\u00bb, a d\u00e9clar\u00e9 \u00e0 l\u2019AFP une porte-parole du Centre de secours, Borghild Eld\u00f8en.<\/p>\n<p>Le Viking Sky se trouve \u00e0 environ deux kilom\u00e8tres des c\u00f4tes.<\/p>\n<p>Les secours ont jusqu\u2019\u00e0 pr\u00e9sent fait \u00e9tat d\u2019un bless\u00e9 l\u00e9ger.<\/p>\n<p>\u00ab\u00a0Pour l\u2019instant, tout semble se passer correctement\u00a0\u00bb, a pr\u00e9cis\u00e9 un autre porte-parole des secours, Einar Knutsen, \u00e0 la cha\u00eene publique NRK.<\/p>\n<\/div>\n<p>Auteur: AFP<br \/>\n<a href=\"https:\/\/www.journalducameroun.com\/fr\/norvege-noria-dhelicopteres-pour-evacuer-les-1-300-passagers-dun-paquebot-en-difficulte\/\">Cliquez ici pour lire l&rsquo;article depuis sa source.<\/a><\/p>\n","protected":false},"excerpt":{"rendered":"<p>Publi\u00e9 le 23.03.2019 \u00e0 18h50 par AFP Les autorit\u00e9s norv\u00e9giennes ont initi\u00e9 samedi l\u2019\u00e9vacuation spectaculaire par h\u00e9licopt\u00e8re de quelque 1.300 passagers d\u2019un navire de croisi\u00e8re, victime d\u2019un probl\u00e8me moteur au large du littoral norv\u00e9gien. \u00ab\u00a0Le navire de croisi\u00e8re Viking Sky a lanc\u00e9 un SOS, probl\u00e8mes de motorisation dans une m\u00e9t\u00e9o mauvaise\u00a0\u00bb, a annonc\u00e9 le Centre [&hellip;]<\/p>\n","protected":false},"author":1965,"featured_media":0,"comment_status":"closed","ping_status":"closed","sticky":false,"template":"","format":"standard","meta":{"fifu_image_url":"","fifu_image_alt":"","footnotes":""},"categories":[73,82],"tags":[],"class_list":["post-23654","post","type-post","status-publish","format-standard","hentry","category-actualite","category-cameroun"],"_links":{"self":[{"href":"https:\/\/linitiative.ca\/International\/wp-json\/wp\/v2\/posts\/23654","targetHints":{"allow":["GET"]}}],"collection":[{"href":"https:\/\/linitiative.ca\/International\/wp-json\/wp\/v2\/posts"}],"about":[{"href":"https:\/\/linitiative.ca\/International\/wp-json\/wp\/v2\/types\/post"}],"author":[{"embeddable":true,"href":"https:\/\/linitiative.ca\/International\/wp-json\/wp\/v2\/users\/1965"}],"replies":[{"embeddable":true,"href":"https:\/\/linitiative.ca\/International\/wp-json\/wp\/v2\/comments?post=23654"}],"version-history":[{"count":0,"href":"https:\/\/linitiative.ca\/International\/wp-json\/wp\/v2\/posts\/23654\/revisions"}],"wp:attachment":[{"href":"https:\/\/linitiative.ca\/International\/wp-json\/wp\/v2\/media?parent=23654"}],"wp:term":[{"taxonomy":"category","embeddable":true,"href":"https:\/\/linitiative.ca\/International\/wp-json\/wp\/v2\/categories?post=23654"},{"taxonomy":"post_tag","embeddable":true,"href":"https:\/\/linitiative.ca\/International\/wp-json\/wp\/v2\/tags?post=23654"}],"curies":[{"name":"wp","href":"https:\/\/api.w.org\/{rel}","templated":true}]}}