{"id":23659,"date":"2019-03-23T15:50:03","date_gmt":"2019-03-23T19:50:03","guid":{"rendered":"https:\/\/linitiative.ca\/International\/allemagne-manifestations-contre-la-reforme-du-droit-dauteur\/"},"modified":"2019-03-23T15:50:03","modified_gmt":"2019-03-23T19:50:03","slug":"allemagne-manifestations-contre-la-reforme-du-droit-dauteur","status":"publish","type":"post","link":"https:\/\/linitiative.ca\/International\/allemagne-manifestations-contre-la-reforme-du-droit-dauteur\/","title":{"rendered":"Allemagne: manifestations contre la r\u00e9forme du droit d\u2019auteur"},"content":{"rendered":"<div readability=\"32\">\n<p>Publi\u00e9 le 23.03.2019 \u00e0 20h50 par AFP<\/p>\n<\/div>\n<div readability=\"133\">\n<p>Des dizaines de milliers de manifestants ont d\u00e9fil\u00e9 samedi partout en Allemagne pour \u00ab\u00a0sauver internet\u00a0\u00bb, exhortant les eurod\u00e9put\u00e9s \u00e0 voter contre la future r\u00e9forme europ\u00e9enne du droit d\u2019auteur qu\u2019ils jugent n\u00e9faste \u00e0 la cr\u00e9ation en ligne.<\/p>\n<p>Le Parlement europ\u00e9en doit se prononcer mardi sur une adoption d\u00e9finitive de ce projet controvers\u00e9 de directive r\u00e9vis\u00e9e, pr\u00e9sent\u00e9 par la Commission europ\u00e9enne en septembre 2016.<\/p>\n<p>D\u2019autres manifestations \u00e9taient \u00e9galement pr\u00e9vues en Europe, notamment en Autriche, Pologne ou encore au Portugal.<\/p>\n<p>Les manifestants \u00e0 Berlin (15.000 selon les organisateurs), Munich (40.000 selon la police) ou encore Cologne, g\u00e9n\u00e9ralement jeunes, portaient des pancartes comme \u00ab\u00a0Ne cassez pas notre internet!\u00a0\u00bb, \u00ab\u00a0Je ne suis pas un BOT (programme informatique qui envoie automatiquement des messages, NDLR)\u00a0\u00bb ou encore \u00ab\u00a0la libert\u00e9 d\u2019expression n\u2019est malheureusement pas disponible dans ton pays\u00a0\u00bb.<\/p>\n<p>\u00ab\u00a0Nous avons vraiment besoin d\u2019une r\u00e9forme du droit d\u2019auteur qui simplifie et uniformise tout au niveau europ\u00e9en, mais les int\u00e9r\u00eats de l\u2019industrie se sont \u00e0 nouveau affirm\u00e9s ici\u00a0\u00bb, a expliqu\u00e9 Julia Reda, d\u00e9put\u00e9e europ\u00e9enne du parti Pirate allemand fortement mobilis\u00e9e contre ce projet.<\/p>\n<p>Elle a propos\u00e9 que la r\u00e9forme soit vot\u00e9e, mais sans ses aspects controvers\u00e9s, invitant les diff\u00e9rentes parties \u00e0 \u00ab\u00a0s\u2019asseoir derri\u00e8re une table et voir comment nous pouvons nous assurer, d\u2019une part, que les grandes plateformes redistribuent une partie de leurs profits aux artistes et, d\u2019autre part, que l\u2019internet libre reste prot\u00e9g\u00e9\u00a0\u00bb.<\/p>\n<p>Soutenue par plusieurs dizaines de m\u00e9dias europ\u00e9ens, dont l\u2019AFP, et les artistes, la r\u00e9forme ambitionne d\u2019adapter \u00e0 l\u2019\u00e8re du num\u00e9rique la l\u00e9gislation europ\u00e9enne du droit d\u2019auteur, qui date de 2001, une \u00e9poque o\u00f9 YouTube, Tumblr ou encore Twitter n\u2019existaient pas.<\/p>\n<p>Ses d\u00e9fenseurs esp\u00e8rent obtenir une r\u00e9mun\u00e9ration plus juste des plateformes utilisatrices de leur contenus, mais cette r\u00e9forme reste combattue avec force par les g\u00e9ants du net comme Google et les partisans d\u2019un internet libre.<\/p>\n<p>Dans leur collimateur, l\u2019article 13 de la r\u00e9forme, qui a pour objectif de renforcer la position de n\u00e9gociation des cr\u00e9ateurs et ayant droits face aux plateformes comme YouTube ou Tumblr, qui utilisent leur contenus.<\/p>\n<p><ins data-revive-zoneid=\"9\" data-revive-id=\"10111e19d28d19d031742ee3b0b33eb0\"\/> <\/p>\n<p>D\u00e8s lors, les plateformes seraient tenues pour juridiquement responsables des contenus.<\/p>\n<p>Ainsi, pour trier les contenus qui peuvent \u00eatre montr\u00e9s, le plus simple est d\u2019utiliser des filtres automatiques, des algorithmes, accus\u00e9s par les partisans de la libert\u00e9 sur internet d\u2019ouvrir la porte \u00e0 une certaine forme de censure.<\/p>\n<p>En Allemagne, les sociaux-d\u00e9mocrates, membres de la coalition au pouvoir avec les conservateurs d\u2019Angela Merkel, ont d\u2019ailleurs samedi dans leur programme \u00e9lectoral pour les europ\u00e9ennes exprim\u00e9 leur d\u00e9saccord sur la mise en place de tels filtres.<\/p>\n<p>Autre article dans le viseur des opposants: le 11, qui pr\u00e9conise la cr\u00e9ation d\u2019un \u00ab\u00a0droit voisin\u00a0\u00bb du droit d\u2019auteur pour les \u00e9diteurs de presse.<\/p>\n<p>Il doit permettre aux m\u00e9dias, comme l\u2019AFP, de se faire mieux r\u00e9mun\u00e9rer lors de la r\u00e9utilisation en ligne de leur production par des agr\u00e9gateurs d\u2019informations, comme Google News ou des r\u00e9seaux sociaux, comme Facebook.<\/p>\n<p>Ces plateformes sont en effet accus\u00e9es de profiter de ces contenus en d\u00e9tournant les retomb\u00e9es publicitaires normalement d\u00e9volues aux \u00e9diteurs.<\/p>\n<p>Dans une tribune publi\u00e9e vendredi, plus de 260 journalistes et photographes europ\u00e9ens avaient estim\u00e9 que l\u2019adoption de cette directive \u00e9tait \u00ab\u00a0une question de vie ou de mort pour les m\u00e9dias et de survie pour beaucoup d\u2019artistes et d\u2019auteurs\u00a0\u00bb.<\/p>\n<\/div>\n<p>Auteur: AFP<br \/>\n<a href=\"https:\/\/www.journalducameroun.com\/fr\/allemagne-manifestations-contre-la-reforme-du-droit-dauteur\/\">Cliquez ici pour lire l&rsquo;article depuis sa source.<\/a><\/p>\n","protected":false},"excerpt":{"rendered":"<p>Publi\u00e9 le 23.03.2019 \u00e0 20h50 par AFP Des dizaines de milliers de manifestants ont d\u00e9fil\u00e9 samedi partout en Allemagne pour \u00ab\u00a0sauver internet\u00a0\u00bb, exhortant les eurod\u00e9put\u00e9s \u00e0 voter contre la future r\u00e9forme europ\u00e9enne du droit d\u2019auteur qu\u2019ils jugent n\u00e9faste \u00e0 la cr\u00e9ation en ligne. Le Parlement europ\u00e9en doit se prononcer mardi sur une adoption d\u00e9finitive de [&hellip;]<\/p>\n","protected":false},"author":1965,"featured_media":0,"comment_status":"closed","ping_status":"closed","sticky":false,"template":"","format":"standard","meta":{"fifu_image_url":"","fifu_image_alt":"","footnotes":""},"categories":[73,82],"tags":[],"class_list":["post-23659","post","type-post","status-publish","format-standard","hentry","category-actualite","category-cameroun"],"_links":{"self":[{"href":"https:\/\/linitiative.ca\/International\/wp-json\/wp\/v2\/posts\/23659","targetHints":{"allow":["GET"]}}],"collection":[{"href":"https:\/\/linitiative.ca\/International\/wp-json\/wp\/v2\/posts"}],"about":[{"href":"https:\/\/linitiative.ca\/International\/wp-json\/wp\/v2\/types\/post"}],"author":[{"embeddable":true,"href":"https:\/\/linitiative.ca\/International\/wp-json\/wp\/v2\/users\/1965"}],"replies":[{"embeddable":true,"href":"https:\/\/linitiative.ca\/International\/wp-json\/wp\/v2\/comments?post=23659"}],"version-history":[{"count":0,"href":"https:\/\/linitiative.ca\/International\/wp-json\/wp\/v2\/posts\/23659\/revisions"}],"wp:attachment":[{"href":"https:\/\/linitiative.ca\/International\/wp-json\/wp\/v2\/media?parent=23659"}],"wp:term":[{"taxonomy":"category","embeddable":true,"href":"https:\/\/linitiative.ca\/International\/wp-json\/wp\/v2\/categories?post=23659"},{"taxonomy":"post_tag","embeddable":true,"href":"https:\/\/linitiative.ca\/International\/wp-json\/wp\/v2\/tags?post=23659"}],"curies":[{"name":"wp","href":"https:\/\/api.w.org\/{rel}","templated":true}]}}