{"id":23660,"date":"2019-03-23T15:58:58","date_gmt":"2019-03-23T19:58:58","guid":{"rendered":"https:\/\/linitiative.ca\/International\/cameroun-les-etats-unis-rappellent-leurs-soldats-bases-a-garoua\/"},"modified":"2019-03-23T15:58:58","modified_gmt":"2019-03-23T19:58:58","slug":"cameroun-les-etats-unis-rappellent-leurs-soldats-bases-a-garoua","status":"publish","type":"post","link":"https:\/\/linitiative.ca\/International\/cameroun-les-etats-unis-rappellent-leurs-soldats-bases-a-garoua\/","title":{"rendered":"Cameroun : les Etats-Unis rappellent leurs soldats bas\u00e9s \u00e0 Garoua"},"content":{"rendered":"<div readability=\"32\">\n<p>Publi\u00e9 le 23.03.2019 \u00e0 20h58 par Ludovic Amara<\/p>\n<\/div>\n<div readability=\"62.9722064663\">\n<h2 class=\"c1\">Plus de 100 militaires am\u00e9ricains ont commenc\u00e9 leur rapatriement. Ils \u00e9taient d\u00e9ploy\u00e9s au Cameroun dans le cadre de la mission \u00ab\u00a0Talon\u00a0\u00bb.<\/h2>\n<p class=\"c2\">D\u2019apr\u00e8s le charg\u00e9 de la communication de <strong>Fort Campbell<\/strong>, aux <strong>Etats-Unis<\/strong>, cit\u00e9 par des m\u00e9dias am\u00e9ricains, une c\u00e9r\u00e9monie de bienvenue est pr\u00e9vue le 24 mars au hangar 3 de cette base militaire. La base va accueillir plus de <strong>100 soldats am\u00e9ricains<\/strong> arriv\u00e9s en fin de mission au <strong>Cameroun<\/strong>.<\/p>\n<p class=\"c2\">Ces soldats \u00e9taient <strong>d\u00e9ploy\u00e9s depuis octobre 2015<\/strong> pr\u00e8s de la base <strong>a\u00e9rienne de Garoua<\/strong>, dans la r\u00e9gion du Nord du <strong>Cameroun<\/strong>. La centaine de soldats appartient au 1er Bataillon, 502\u00e8me R\u00e9giment d\u2019infanterie, 2\u00e8me \u00e9quipe de combat de brigade, 101\u00e8me Division a\u00e9roport\u00e9e de l\u2019arm\u00e9e am\u00e9ricaine.<\/p>\n<p>Lire aussi :: <a href=\"https:\/\/www.journalducameroun.com\/fr\/crise-anglophone-les-etats-unis-suspendent-leur-aide-militaire-au-cameroun\/\" target=\"_blank\" rel=\"noopener noreferrer\">Cameroun : les Etat-Unis suspendent leur aide militaire<\/a><\/p>\n<p><ins data-revive-zoneid=\"9\" data-revive-id=\"10111e19d28d19d031742ee3b0b33eb0\"\/> <\/p>\n<p class=\"c2\">\u00a0Le d\u00e9ploiement s\u2019est fait dans le cadre d\u2019une force op\u00e9rationnelle baptis\u00e9e <em>\u00ab\u00a0Talon\u00a0\u00bb.<\/em> Pendant 4 ans, cette force dite de <em>\u00ab\u00a0premi\u00e8re frappe\u00a0\u00bb<\/em> a men\u00e9 des missions de s\u00e9curit\u00e9 et de construction infrastructures de d\u00e9fense dans le but de prot\u00e9ger les forces et d\u2019am\u00e9liorer les relations strat\u00e9giques. Selon des m\u00e9dias am\u00e9ricains, le gouvernement d\u2019\u00c9tats-Unis envisage en effet de faire de Garoua, au <strong>Cameroun<\/strong>, une des bases de projection de ses forces dans le reste de la sous-r\u00e9gion.<\/p>\n<p class=\"c2\">Rappelons qu\u2019en octobre 2015, l\u2019ancien pr\u00e9sident am\u00e9ricain <strong>Barack Obama<\/strong> avait annonc\u00e9 au Congr\u00e8s qu\u2019il avait d\u00e9cid\u00e9 de d\u00e9ployer un peu plus de <strong>200 soldats au Cameroun<\/strong>. Quelques mois plus tard, des images satellitaires avaient r\u00e9v\u00e9l\u00e9 des travaux d\u2019agrandissement de la base a\u00e9rienne 301 de Garoua, du fait de l\u2019activit\u00e9 du contingent am\u00e9ricain. La mission de cette partie du contingent prend fin en mars 2019.<\/p>\n<\/div>\n<p>Auteur: Ludovic Amara<br \/>\n<a href=\"https:\/\/www.journalducameroun.com\/fr\/cameroun-les-etats-unis-rappellent-leurs-soldats-bases-a-garoua-cameroun\/\">Cliquez ici pour lire l&rsquo;article depuis sa source.<\/a><\/p>\n","protected":false},"excerpt":{"rendered":"<p>Publi\u00e9 le 23.03.2019 \u00e0 20h58 par Ludovic Amara Plus de 100 militaires am\u00e9ricains ont commenc\u00e9 leur rapatriement. Ils \u00e9taient d\u00e9ploy\u00e9s au Cameroun dans le cadre de la mission \u00ab\u00a0Talon\u00a0\u00bb. D\u2019apr\u00e8s le charg\u00e9 de la communication de Fort Campbell, aux Etats-Unis, cit\u00e9 par des m\u00e9dias am\u00e9ricains, une c\u00e9r\u00e9monie de bienvenue est pr\u00e9vue le 24 mars au [&hellip;]<\/p>\n","protected":false},"author":1965,"featured_media":0,"comment_status":"closed","ping_status":"closed","sticky":false,"template":"","format":"standard","meta":{"fifu_image_url":"","fifu_image_alt":"","footnotes":""},"categories":[73,82],"tags":[],"class_list":["post-23660","post","type-post","status-publish","format-standard","hentry","category-actualite","category-cameroun"],"_links":{"self":[{"href":"https:\/\/linitiative.ca\/International\/wp-json\/wp\/v2\/posts\/23660","targetHints":{"allow":["GET"]}}],"collection":[{"href":"https:\/\/linitiative.ca\/International\/wp-json\/wp\/v2\/posts"}],"about":[{"href":"https:\/\/linitiative.ca\/International\/wp-json\/wp\/v2\/types\/post"}],"author":[{"embeddable":true,"href":"https:\/\/linitiative.ca\/International\/wp-json\/wp\/v2\/users\/1965"}],"replies":[{"embeddable":true,"href":"https:\/\/linitiative.ca\/International\/wp-json\/wp\/v2\/comments?post=23660"}],"version-history":[{"count":0,"href":"https:\/\/linitiative.ca\/International\/wp-json\/wp\/v2\/posts\/23660\/revisions"}],"wp:attachment":[{"href":"https:\/\/linitiative.ca\/International\/wp-json\/wp\/v2\/media?parent=23660"}],"wp:term":[{"taxonomy":"category","embeddable":true,"href":"https:\/\/linitiative.ca\/International\/wp-json\/wp\/v2\/categories?post=23660"},{"taxonomy":"post_tag","embeddable":true,"href":"https:\/\/linitiative.ca\/International\/wp-json\/wp\/v2\/tags?post=23660"}],"curies":[{"name":"wp","href":"https:\/\/api.w.org\/{rel}","templated":true}]}}