{"id":23661,"date":"2019-03-23T16:50:01","date_gmt":"2019-03-23T20:50:01","guid":{"rendered":"https:\/\/linitiative.ca\/International\/ali-bongo-a-retrouve-le-gabon-apres-des-mois-dabsence\/"},"modified":"2019-03-23T16:50:01","modified_gmt":"2019-03-23T20:50:01","slug":"ali-bongo-a-retrouve-le-gabon-apres-des-mois-dabsence","status":"publish","type":"post","link":"https:\/\/linitiative.ca\/International\/ali-bongo-a-retrouve-le-gabon-apres-des-mois-dabsence\/","title":{"rendered":"Ali Bongo a retrouv\u00e9 le Gabon apr\u00e8s des mois d\u2019absence"},"content":{"rendered":"<p>Apr\u00e8s des mois d\u2019absence, le pr\u00e9sident gabonais Ali Bongo Ondimba, victime d\u2019un accident vasculaire c\u00e9r\u00e9bral (AVC) fin octobre et en convalescence au Maroc depuis, est arriv\u00e9 samedi \u00e0 Libreville, o\u00f9 une foule de sympathisants est venue l\u2019accueillir et surtout le voir, \u00ab\u00a0en chair et en os\u00a0\u00bb.<\/p>\n<p>Le chef de l\u2019Etat a atterri dans la capitale gabonaise avec sa femme Sylvia Bongo aux alentours de 17H00 (16H00 GMT).<\/p>\n<p>Le couple pr\u00e9sidentiel a d\u2019abord \u00e9t\u00e9 accueilli par le Premier ministre Julien Nkoghe Bekal\u00e9 et l\u2019\u00e9quipe gouvernementale.<\/p>\n<p>Le pr\u00e9sident s\u2019est ensuite rendu sur le perron de l\u2019a\u00e9roport, \u00e0 la rencontre d\u2019une foule de plusieurs milliers de personnes.<\/p>\n<p>Debout, aid\u00e9 d\u2019une canne, il s\u2019est d\u00e9plac\u00e9 lentement vers les personnes agglutin\u00e9es contre des barri\u00e8res, a constat\u00e9 un journaliste de l\u2019AFP.<\/p>\n<p>Il a d\u2019abord lev\u00e9 la main gauche pour saluer la foule, puis la droite.<\/p>\n<p>Une forte pr\u00e9sence polici\u00e8re \u00e9tait pr\u00e9sente sur les lieux.<\/p>\n<p>En cinq mois, le pr\u00e9sident Ali Bongo n\u2019\u00e9tait revenu que deux fois \u00e0 Libreville, chaque fois moins de 48 heures. Depuis son AVC, c\u2019est la premi\u00e8re fois que le public voit le chef de l\u2019Etat marcher.<\/p>\n<p>\u00ab\u00a0Je vous remercie de cet accueil, cet accueil me touche. Je tiens sinc\u00e8rement \u00e0 vous dire merci\u00a0\u00bb, a-t-il d\u00e9clar\u00e9 \u00e0 la presse.<\/p>\n<p>\u2013 \u00ab\u00a0Bien vivant!\u00a0\u00bb \u2013<\/p>\n<p>Quelques minutes plus tard, le couple pr\u00e9sidentiel a quitt\u00e9 l\u2019a\u00e9roport en voiture, en direction de sa r\u00e9sidence.<\/p>\n<p>Vitre baiss\u00e9e, Ali Bongo a continu\u00e9 de saluer le public.<\/p>\n<p>A son passage, la foule compacte chantait \u00ab\u00a0Ali est l\u00e0, Ali est l\u00e0\u00a0\u00bb, tout en agitant vivement les drapeaux gabonais, vert-jaune-bleu.<\/p>\n<p>Certains avaient rev\u00eatus des tee-shirt \u00e0 l\u2019effigie du chef de l\u2019\u00c9tat, d\u2019autres ont d\u00e9ploy\u00e9 des banderoles sur lesquelles on pouvait lire \u00ab\u00a0Bon retour chez vous boss\u00a0\u00bb.<\/p>\n<p><ins data-revive-zoneid=\"9\" data-revive-id=\"10111e19d28d19d031742ee3b0b33eb0\"\/> <\/p>\n<p>\u00ab\u00a0Je l\u2019ai bien vu, il est bel et bien vivant ! Tous ceux qui ont parl\u00e9 pour dire qu\u2019Ali ne vit plus ont \u00e9chou\u00e9. Le pr\u00e9sident est de retour et en forme!\u00a0\u00bb, s\u2019exclame Sylvie Matouke venue acclamer le chef de l\u2019Etat.<\/p>\n<p>Tr\u00e8s peu d\u2019informations ont filtr\u00e9 ces cinq derniers mois sur le pr\u00e9sident gabonais et son \u00e9tat de sant\u00e9.<\/p>\n<p>Depuis octobre, les bruits les plus fous, notamment sur l\u2019existence d\u2019un sosie, ont circul\u00e9 sur les r\u00e9seaux sociaux dans ce pays habitu\u00e9 \u00e0 la \u00ab\u00a0kongossa\u00a0\u00bb, la \u00ab\u00a0rumeur\u00a0\u00bb en langue locale.<\/p>\n<p>Le Parti d\u00e9mocratique gabonais, au pouvoir, avait largement diffus\u00e9 sur les r\u00e9seaux sociaux des appels \u00ab\u00a0\u00e0 se rendre massivement \u00e0 l\u2019a\u00e9roport\u00a0\u00bb pour \u00ab\u00a0r\u00e9server un accueil militant et chaleureux\u00a0\u00bb au chef de l\u2019Etat.<\/p>\n<p>\u2013 \u00ab\u00a0Capacit\u00e9 \u00e0 diriger\u00a0\u00bb \u2013<\/p>\n<p>Une invitation \u00e0 laquelle avait r\u00e9pondu Ousmane Bouba Adamou, militant du mouvement.<\/p>\n<p>\u00ab\u00a0Je suis l\u00e0 pour accueillir notre champion. C\u2019est important pour nous de venir pour lui montrer notre soutien alors qu\u2019il y a eu tellement de rumeurs. Ce n\u2019est ni une momie, ni une mascotte, ni un sosie: Ali Bongo en chair et en os\u00a0\u00bb, a-t-il affirm\u00e9 \u00e0 l\u2019AFP.<\/p>\n<p>Cette v\u00e9ritable d\u00e9monstration de soutien au pr\u00e9sident intervient alors que depuis l\u2019absence du chef de l\u2019\u00c9tat dans le pays, l\u2019opposition semblait avoir retrouv\u00e9 un peu de son \u00e9nergie.<\/p>\n<p>Depuis quatre mois, elle a plusieurs fois appel\u00e9 les autorit\u00e9s \u00e0 saisir la Cour constitutionnelle afin qu\u2019elle d\u00e9clare une vacance de pouvoir en l\u2019absence du pr\u00e9sident.<\/p>\n<p>Fin f\u00e9vrier, dix personnalit\u00e9s politiques, syndicales et de la soci\u00e9t\u00e9 civile ont lanc\u00e9 un ultimatum au pouvoir \u2013 fix\u00e9 au 31 mars \u2013 pour d\u00e9clarer la vacance du pouvoir, appelant \u00e0 \u00ab\u00a0agir\u00a0\u00bb pacifiquement si celle-ci n\u2019est pas d\u00e9clar\u00e9e.<\/p>\n<p>\u00ab\u00a0Nous pensons que son retour va apaiser la classe politique, on ne parlera plus de vacance du pouvoir\u00a0\u00bb, a estim\u00e9 l\u2019un des sympathisants du pr\u00e9sident apr\u00e8s le passage de la voiture.<\/p>\n<p>\u00ab\u00a0Bien au contraire\u00a0\u00bb, a analys\u00e9 Marc Ona, l\u2019un des repr\u00e9sentants de la soci\u00e9t\u00e9 civile et signataire de \u00ab\u00a0l\u2019appel \u00e0 agir\u00a0\u00bb. \u00ab\u00a0La d\u00e9claration de la vacance du pouvoir ne concerne pas sa pr\u00e9sence dans le pays, mais sa capacit\u00e9 \u00e0 diriger le Gabon\u00a0\u00bb.<\/p>\n<p>\u00ab\u00a0Aujourd\u2019hui le monde a bien vu qu\u2019il \u00e9tait compl\u00e8tement diminu\u00e9. Il n\u2019y a pas eu de bain de foule ou d\u2019interview digne de ce nom, on doit le tenir pour marcher\u00a0\u00bb, a-t-il ajout\u00e9, pr\u00e9cisant que l\u2019opposition allait r\u00e9clamer \u00ab\u00a0une expertise m\u00e9dicale\u00a0\u00bb.<\/p>\n<p>Auteur: AFP<br \/>\n<a href=\"https:\/\/www.journalducameroun.com\/fr\/ali-bongo-a-retrouve-le-gabon-apres-des-mois-dabsence\/\">Cliquez ici pour lire l&rsquo;article depuis sa source.<\/a><\/p>\n","protected":false},"excerpt":{"rendered":"<p>Apr\u00e8s des mois d\u2019absence, le pr\u00e9sident gabonais Ali Bongo Ondimba, victime d\u2019un accident vasculaire c\u00e9r\u00e9bral (AVC) fin octobre et en convalescence au Maroc depuis, est arriv\u00e9 samedi \u00e0 Libreville, o\u00f9 une foule de sympathisants est venue l\u2019accueillir et surtout le voir, \u00ab\u00a0en chair et en os\u00a0\u00bb. Le chef de l\u2019Etat a atterri dans la capitale [&hellip;]<\/p>\n","protected":false},"author":1965,"featured_media":0,"comment_status":"closed","ping_status":"closed","sticky":false,"template":"","format":"standard","meta":{"fifu_image_url":"","fifu_image_alt":"","footnotes":""},"categories":[73,82],"tags":[],"class_list":["post-23661","post","type-post","status-publish","format-standard","hentry","category-actualite","category-cameroun"],"_links":{"self":[{"href":"https:\/\/linitiative.ca\/International\/wp-json\/wp\/v2\/posts\/23661","targetHints":{"allow":["GET"]}}],"collection":[{"href":"https:\/\/linitiative.ca\/International\/wp-json\/wp\/v2\/posts"}],"about":[{"href":"https:\/\/linitiative.ca\/International\/wp-json\/wp\/v2\/types\/post"}],"author":[{"embeddable":true,"href":"https:\/\/linitiative.ca\/International\/wp-json\/wp\/v2\/users\/1965"}],"replies":[{"embeddable":true,"href":"https:\/\/linitiative.ca\/International\/wp-json\/wp\/v2\/comments?post=23661"}],"version-history":[{"count":0,"href":"https:\/\/linitiative.ca\/International\/wp-json\/wp\/v2\/posts\/23661\/revisions"}],"wp:attachment":[{"href":"https:\/\/linitiative.ca\/International\/wp-json\/wp\/v2\/media?parent=23661"}],"wp:term":[{"taxonomy":"category","embeddable":true,"href":"https:\/\/linitiative.ca\/International\/wp-json\/wp\/v2\/categories?post=23661"},{"taxonomy":"post_tag","embeddable":true,"href":"https:\/\/linitiative.ca\/International\/wp-json\/wp\/v2\/tags?post=23661"}],"curies":[{"name":"wp","href":"https:\/\/api.w.org\/{rel}","templated":true}]}}