{"id":23662,"date":"2019-03-23T17:50:01","date_gmt":"2019-03-23T21:50:01","guid":{"rendered":"https:\/\/linitiative.ca\/International\/mort-de-lagent-du-mossad-qui-avait-capture-le-nazi-eichmann-2\/"},"modified":"2019-03-23T17:50:01","modified_gmt":"2019-03-23T21:50:01","slug":"mort-de-lagent-du-mossad-qui-avait-capture-le-nazi-eichmann-2","status":"publish","type":"post","link":"https:\/\/linitiative.ca\/International\/mort-de-lagent-du-mossad-qui-avait-capture-le-nazi-eichmann-2\/","title":{"rendered":"Mort de l\u2019agent du Mossad qui avait captur\u00e9 le nazi Eichmann"},"content":{"rendered":"<div readability=\"32\">\n<p>Publi\u00e9 le 23.03.2019 \u00e0 22h50 par AFP<\/p>\n<\/div>\n<div readability=\"146\">\n<p>L\u2019ancien espion isra\u00e9lien Rafi Eitan, chef du commando ayant enlev\u00e9 en Argentine en 1960 Adolf Eichmann, un des principaux responsables de la \u00ab\u00a0solution finale\u00a0\u00bb, est d\u00e9c\u00e9d\u00e9 samedi \u00e0 l\u2019\u00e2ge de 92 ans en Isra\u00ebl, a annonc\u00e9 la radio publique isra\u00e9lienne.<\/p>\n<p>M. Eitan est mort samedi apr\u00e8s-midi \u00e0 l\u2019h\u00f4pital Ichilov \u00e0 Tel-Aviv, ville c\u00f4ti\u00e8re isra\u00e9lienne, selon la radio publique qui n\u2019a pas donn\u00e9 plus de d\u00e9tails.<\/p>\n<p>\u00ab\u00a0Rafi \u00e9tait l\u2019un des h\u00e9ros des services de renseignements de l\u2019Etat d\u2019Isra\u00ebl, avec d\u2019innombrables actions en faveur de la s\u00e9curit\u00e9 d\u2019Isra\u00ebl\u00a0\u00bb, a d\u00e9clar\u00e9 dans un communiqu\u00e9 le Premier ministre isra\u00e9lien, Benjamin Netanyahu. \u00ab\u00a0Nous pleurons sa mort.\u00a0\u00bb<\/p>\n<p>La mort de M. Eitan a \u00e9galement suscit\u00e9 un rare \u00e9loge fun\u00e8bre du service de s\u00e9curit\u00e9 int\u00e9rieure isra\u00e9lien, le Shin Bet.<\/p>\n<p>\u00ab\u00a0Rafi, qui \u00e9tait l\u2019un des fondateurs de la branche op\u00e9rationnelle du Shin Bet, a men\u00e9 et a particip\u00e9 \u00e0 une dizaine d\u2019op\u00e9rations historiques qui resteront secr\u00e8tes encore pour de nombreuses ann\u00e9es\u00a0\u00bb, a affirm\u00e9 dans un communiqu\u00e9 Nadav Argaman, \u00e0 la t\u00eate du Shin Bet.<\/p>\n<p>M. Eitan \u00e9tait \u00ab\u00a0un combattant-n\u00e9 qui s\u2019en tenait \u00e0 sa mission et \u00e0 ce qu\u2019il consid\u00e9rait comme juste\u00a0\u00bb, a aussi salu\u00e9 dans un communiqu\u00e9 le pr\u00e9sident isra\u00e9lien Reuven Rivlin.<\/p>\n<p>La mort de l\u2019ancien espion a \u00e9galement pouss\u00e9 les services secrets isra\u00e9liens \u00e0 sortir de leur habituel silence: Rafi Eitan \u00ab\u00a0\u00e9tait de mani\u00e8re g\u00e9n\u00e9rale un pilier de la communaut\u00e9 des membres du renseignement et du Mossad en particulier\u00a0\u00bb, a d\u00e9clar\u00e9 le chef du Mossad, Yossi Cohen, dans un communiqu\u00e9.<\/p>\n<p>\u00ab\u00a0Les fondements pos\u00e9s par Rafi pendant les premi\u00e8res ann\u00e9es de l\u2019Etat (h\u00e9breu) sont essentiels pour les activit\u00e9s du Mossad aujourd\u2019hui encore\u00a0\u00bb, a-t-il affirm\u00e9.<\/p>\n<p>\u2013 Capture d\u2019Eichmann \u2013<\/p>\n<p>N\u00e9 en novembre 1926 dans un kibboutz dans une Palestine alors sous mandat britannique, M. Eitan a particip\u00e9 \u00e0 ses premi\u00e8res op\u00e9rations militaires avant m\u00eame la naissance de l\u2019Etat d\u2019Isra\u00ebl, en 1948.<\/p>\n<p>Il rejoint ensuite le Palmach, branche d\u2019\u00e9lite de l\u2019organisation paramalitaire juive Haganah, qui pr\u00e9figure l\u2019arm\u00e9e isra\u00e9lienne. Il int\u00e8gre ensuite le Mossad dans les ann\u00e9es 1950.<\/p>\n<p>Apr\u00e8s avoir grimp\u00e9 les \u00e9chelons jusqu\u2019\u00e0 prendre la t\u00eate des op\u00e9rations du Mossad, il participe \u00e0 la capture \u00e0 Buenos Aires d\u2019Adolf Eichmann.<\/p>\n<p><ins data-revive-zoneid=\"9\" data-revive-id=\"10111e19d28d19d031742ee3b0b33eb0\"\/> <\/p>\n<p>Celui qui fut un haut fonctionnaire nazi, notamment en charge de la \u00ab\u00a0solution finale\u00a0\u00bb, est emmen\u00e9 en Isra\u00ebl. En 1962, il est jug\u00e9 et pendu pour sa responsabilit\u00e9 dans l\u2019extermination de six millions de juifs lors de la Seconde guerre mondiale.<\/p>\n<p>Avec son d\u00e9roul\u00e9 digne d\u2019un roman \u00e0 suspens, l\u2019enl\u00e8vement d\u2019Eichmann a contribu\u00e9 \u00e0 la gloire des services secrets isra\u00e9liens.<\/p>\n<p>En 2017, interrog\u00e9 par des m\u00e9dias isra\u00e9liens, Rafi Eitan confie cependant que le m\u00e9decin nazi Josef Mengele a \u00e9chapp\u00e9 \u00e0 deux reprises et de justesse au Mossad avant de mourir accidentellement au Br\u00e9sil en 1979.<\/p>\n<p>Le chef du Mossad Isser Harel avait donn\u00e9 ordre \u00e0 Rafi Eitan de profiter de la capture d\u2019Eichmann pour arr\u00eater \u00e9galement Mengele, qui vivait aussi \u00e0 Buenos Aires, a relat\u00e9 M. Eitan.<\/p>\n<p>Mais celui-ci dit s\u2019\u00eatre oppos\u00e9 au plan propos\u00e9: \u00ab\u00a0Je ne voulais pas mener deux op\u00e9rations en m\u00eame temps (\u2026) Nous avions r\u00e9ussi la premi\u00e8re et, d\u2019apr\u00e8s mon exp\u00e9rience, lorsque vous tentez d\u2019en mener une deuxi\u00e8me, vous mettez en danger les deux op\u00e9rations\u00a0\u00bb.<\/p>\n<p>\u2013 Affaire Pollard \u2013<\/p>\n<p>Outre son r\u00f4le dans l\u2019enl\u00e8vement d\u2019Adolf Eichmann, Rafi Eitan est connu pour avoir \u00e9t\u00e9 l\u2019agent traitant de Jonathan Pollard, un analyste de la Marine am\u00e9ricaine arr\u00eat\u00e9 en 1985 et emprisonn\u00e9 aux Etats-Unis pendant 30 ans pour espionnage au profit d\u2019Isra\u00ebl.<\/p>\n<p>A la suite de cette affaire qui a provoqu\u00e9 une grave crise de confiance entre les Etats-Unis et Isra\u00ebl, il est sous le coup d\u2019un mandat d\u2019arr\u00eat am\u00e9ricain.<\/p>\n<p>En 2006, \u00e0 l\u2019\u00e2ge de 79 ans, il est \u00e9lu au Parlement et prend la t\u00eate du Parti des Retrait\u00e9s, avant de devenir ministre pour les Seniors.<\/p>\n<p>Il avait alors dit avoir subi une op\u00e9ration du coeur un an plus t\u00f4t. \u00ab\u00a0Je ne vois rien et je n\u2019entends rien mais je cours tous les matins, je fais de la sculpture et ma femme dit que je vais bien\u00a0\u00bb, avait-il confi\u00e9.<\/p>\n<\/div>\n<p>Auteur: AFP<br \/>\n<a href=\"https:\/\/www.journalducameroun.com\/fr\/mort-de-lagent-du-mossad-qui-avait-capture-le-nazi-eichmann-2\/\">Cliquez ici pour lire l&rsquo;article depuis sa source.<\/a><\/p>\n","protected":false},"excerpt":{"rendered":"<p>Publi\u00e9 le 23.03.2019 \u00e0 22h50 par AFP L\u2019ancien espion isra\u00e9lien Rafi Eitan, chef du commando ayant enlev\u00e9 en Argentine en 1960 Adolf Eichmann, un des principaux responsables de la \u00ab\u00a0solution finale\u00a0\u00bb, est d\u00e9c\u00e9d\u00e9 samedi \u00e0 l\u2019\u00e2ge de 92 ans en Isra\u00ebl, a annonc\u00e9 la radio publique isra\u00e9lienne. M. Eitan est mort samedi apr\u00e8s-midi \u00e0 l\u2019h\u00f4pital [&hellip;]<\/p>\n","protected":false},"author":1965,"featured_media":0,"comment_status":"closed","ping_status":"closed","sticky":false,"template":"","format":"standard","meta":{"fifu_image_url":"","fifu_image_alt":"","footnotes":""},"categories":[73,82],"tags":[],"class_list":["post-23662","post","type-post","status-publish","format-standard","hentry","category-actualite","category-cameroun"],"_links":{"self":[{"href":"https:\/\/linitiative.ca\/International\/wp-json\/wp\/v2\/posts\/23662","targetHints":{"allow":["GET"]}}],"collection":[{"href":"https:\/\/linitiative.ca\/International\/wp-json\/wp\/v2\/posts"}],"about":[{"href":"https:\/\/linitiative.ca\/International\/wp-json\/wp\/v2\/types\/post"}],"author":[{"embeddable":true,"href":"https:\/\/linitiative.ca\/International\/wp-json\/wp\/v2\/users\/1965"}],"replies":[{"embeddable":true,"href":"https:\/\/linitiative.ca\/International\/wp-json\/wp\/v2\/comments?post=23662"}],"version-history":[{"count":0,"href":"https:\/\/linitiative.ca\/International\/wp-json\/wp\/v2\/posts\/23662\/revisions"}],"wp:attachment":[{"href":"https:\/\/linitiative.ca\/International\/wp-json\/wp\/v2\/media?parent=23662"}],"wp:term":[{"taxonomy":"category","embeddable":true,"href":"https:\/\/linitiative.ca\/International\/wp-json\/wp\/v2\/categories?post=23662"},{"taxonomy":"post_tag","embeddable":true,"href":"https:\/\/linitiative.ca\/International\/wp-json\/wp\/v2\/tags?post=23662"}],"curies":[{"name":"wp","href":"https:\/\/api.w.org\/{rel}","templated":true}]}}