{"id":23666,"date":"2019-03-24T04:05:06","date_gmt":"2019-03-24T08:05:06","guid":{"rendered":"https:\/\/linitiative.ca\/International\/lavenir-de-la-f1-apres-2020-devrait-etre-eclairci-le-26-mars\/"},"modified":"2019-03-24T04:05:06","modified_gmt":"2019-03-24T08:05:06","slug":"lavenir-de-la-f1-apres-2020-devrait-etre-eclairci-le-26-mars","status":"publish","type":"post","link":"https:\/\/linitiative.ca\/International\/lavenir-de-la-f1-apres-2020-devrait-etre-eclairci-le-26-mars\/","title":{"rendered":"L\u2019avenir de la F1 apr\u00e8s 2020  \u00abdevrait\u00bb \u00eatre \u00e9clairci le 26 mars"},"content":{"rendered":"<header>\n<\/header>\n<div class=\"entry-content clearfix\" readability=\"59\"><img decoding=\"async\" class=\"post_layout_5_img\" src=\"http:\/\/aujourdhui.ma\/wp-content\/uploads\/2019\/03\/Formula-One-FIA.jpg?x29840\" alt=\"L\u2019avenir de la F1 apr\u00e8s 2020 \u00abdevrait\u00bb \u00eatre \u00e9clairci le 26 mars\"\/><\/p>\n<p><span class=\"c4\"><strong>L\u2019annonce a \u00e9t\u00e9 faite par le pr\u00e9sident de la FIA Jean Todt en Australie<\/strong><\/span><br \/><span id=\"more-307710\"\/>\u00abNous devrions pouvoir pr\u00e9senter des propositions globales\u00bb sur l\u2019avenir de la Formule 1 apr\u00e8s 2020 le 26 mars, a annonc\u00e9 le pr\u00e9sident de la F\u00e9d\u00e9ration internationale de l\u2019automobile (FIA) Jean Todt vendredi, en marge du Grand prix d\u2019Australie.\u00abNous avons une r\u00e9union du Groupe strat\u00e9gique (qui r\u00e9unit la FIA, le promoteur Formula One et les \u00e9curies historiques et de pointe) le 26 mars \u00e0 Londres, ainsi que de la Commission F1 (de la FIA)\u00bb, a indiqu\u00e9 Todt lors d\u2019une conf\u00e9rence de presse.<br \/>\u00abNous devrions pouvoir pr\u00e9senter des propositions globales sur le volet commercial et financier, le plafonnement des budgets, les r\u00e8glementations moteur et ch\u00e2ssis ainsi que la gouvernance\u00bb, a-t-il poursuivi.<a href=\"http:\/\/aujourdhui.ma\/wp-content\/uploads\/2019\/03\/Jean-Todt-FIA.jpg?x29840\"><img loading=\"lazy\" decoding=\"async\" class=\"size-full wp-image-307714 aligncenter\" src=\"http:\/\/aujourdhui.ma\/wp-content\/uploads\/2019\/03\/Jean-Todt-FIA.jpg?x29840\" alt=\"\" width=\"746\" height=\"380\" srcset=\"http:\/\/aujourdhui.ma\/wp-content\/uploads\/2019\/03\/Jean-Todt-FIA.jpg 746w, http:\/\/aujourdhui.ma\/wp-content\/uploads\/2019\/03\/Jean-Todt-FIA-300x153.jpg 300w\" sizes=\"auto, (max-width: 746px) 100vw, 746px\"\/><\/a><br \/>\u00abJe pense que ces discussions doivent avoir lieu en priv\u00e9, entre nous et les \u00e9curies\u00bb, a pr\u00e9cis\u00e9 le patron de la F1, Chase Carey, lors de cette conf\u00e9rence de presse. Mais \u00abnous avons r\u00e9alis\u00e9 de bons progr\u00e8s\u00bb, a-t-il ajout\u00e9.<br \/>Les Accords Concorde, qui r\u00e9gissent la cat\u00e9gorie reine du sport automobile, doivent \u00eatre renouvel\u00e9s \u00e0 partir de 2021 et sont actuellement ren\u00e9goci\u00e9s. Son propri\u00e9taire depuis 2017, Liberty Media, veut en profiter pour rendre le sport plus \u00e9quitable et plus concurrentiel.<br \/>Carey y voit \u00abune plate-forme pour faire v\u00e9ritablement d\u00e9coller (la F1) apr\u00e8s 2021\u00bb et \u00abrendre le sport plus attractif pour de nouveaux entrants\u00bb, afin id\u00e9alement d\u2019avoir douze \u00e9curies sur la grille au lieu de dix aujourd\u2019hui.\u00abNous avons \u00e9t\u00e9 en contact avec un certain nombre de nouveaux entrants potentiels du c\u00f4t\u00e9 des \u00e9quipes, assure-t-il. Il faut finaliser ces accords pour qu\u2019ils puissent d\u00e9cider en connaissance de cause\u00bb.<br \/>L\u2019objectif, ajoute-t-il, est toutefois avant tout que \u00abceux qui sont d\u00e9j\u00e0 l\u00e0 restent\u00bb.<br \/>Les deux dirigeants reconnaissent par ailleurs que les chances sont faibles \u00ab\u00e0 court et moyen termes\u00bb d\u2019attirer un nouveau motoriste dans le sport, aux c\u00f4t\u00e9s de Mercedes, Ferrari, Renault et Honda actuellement.<\/p>\n<\/div>\n<p>Auteur: ALM<br \/>\n<a href=\"http:\/\/aujourdhui.ma\/automobile\/lavenir-de-la-f1-apres-2020-devrait-etre-eclairci-le-26-mars\">Cliquez ici pour lire l&rsquo;article depuis sa source.<\/a><\/p>\n","protected":false},"excerpt":{"rendered":"<p>L\u2019annonce a \u00e9t\u00e9 faite par le pr\u00e9sident de la FIA Jean Todt en Australie\u00abNous devrions pouvoir pr\u00e9senter des propositions globales\u00bb sur l\u2019avenir de la Formule 1 apr\u00e8s 2020 le 26 mars, a annonc\u00e9 le pr\u00e9sident de la F\u00e9d\u00e9ration internationale de l\u2019automobile (FIA) Jean Todt vendredi, en marge du Grand prix d\u2019Australie.\u00abNous avons une r\u00e9union du [&hellip;]<\/p>\n","protected":false},"author":1759,"featured_media":0,"comment_status":"closed","ping_status":"closed","sticky":false,"template":"","format":"standard","meta":{"fifu_image_url":"","fifu_image_alt":"","footnotes":""},"categories":[73,54],"tags":[],"class_list":["post-23666","post","type-post","status-publish","format-standard","hentry","category-actualite","category-maroc"],"_links":{"self":[{"href":"https:\/\/linitiative.ca\/International\/wp-json\/wp\/v2\/posts\/23666","targetHints":{"allow":["GET"]}}],"collection":[{"href":"https:\/\/linitiative.ca\/International\/wp-json\/wp\/v2\/posts"}],"about":[{"href":"https:\/\/linitiative.ca\/International\/wp-json\/wp\/v2\/types\/post"}],"author":[{"embeddable":true,"href":"https:\/\/linitiative.ca\/International\/wp-json\/wp\/v2\/users\/1759"}],"replies":[{"embeddable":true,"href":"https:\/\/linitiative.ca\/International\/wp-json\/wp\/v2\/comments?post=23666"}],"version-history":[{"count":0,"href":"https:\/\/linitiative.ca\/International\/wp-json\/wp\/v2\/posts\/23666\/revisions"}],"wp:attachment":[{"href":"https:\/\/linitiative.ca\/International\/wp-json\/wp\/v2\/media?parent=23666"}],"wp:term":[{"taxonomy":"category","embeddable":true,"href":"https:\/\/linitiative.ca\/International\/wp-json\/wp\/v2\/categories?post=23666"},{"taxonomy":"post_tag","embeddable":true,"href":"https:\/\/linitiative.ca\/International\/wp-json\/wp\/v2\/tags?post=23666"}],"curies":[{"name":"wp","href":"https:\/\/api.w.org\/{rel}","templated":true}]}}