{"id":23670,"date":"2019-03-24T04:12:41","date_gmt":"2019-03-24T08:12:41","guid":{"rendered":"https:\/\/linitiative.ca\/International\/cambodia-de-ibn-salmane-dans-les-salles-a-partir-du-27-mars\/"},"modified":"2019-03-24T04:12:41","modified_gmt":"2019-03-24T08:12:41","slug":"cambodia-de-ibn-salmane-dans-les-salles-a-partir-du-27-mars","status":"publish","type":"post","link":"https:\/\/linitiative.ca\/International\/cambodia-de-ibn-salmane-dans-les-salles-a-partir-du-27-mars\/","title":{"rendered":"\u00abCambodia\u00bb de Ibn Salmane dans les salles \u00e0 partir du 27 mars"},"content":{"rendered":"<header>\n<\/header>\n<div class=\"entry-content clearfix\" readability=\"43\"><img decoding=\"async\" class=\"post_layout_5_img\" src=\"http:\/\/aujourdhui.ma\/wp-content\/uploads\/2019\/03\/Cambodia-Film-de-Ibn-Salmane.jpg?x29840\" alt=\"\u00abCambodia\u00bb de Ibn Salmane dans les salles \u00e0 partir du 27 mars\"\/><\/p>\n<p class=\"p1\"><span class=\"s1\"><span class=\"c4\"><strong>La com\u00e9die marocaine \u00abCambodia\u00bb de Taha Mohamed Ibn Salmane sera projet\u00e9e dans les salles obscures \u00e0 partir du 27 mars.<\/strong><\/span><span class=\"Apple-converted-space\">\u00a0<\/span><\/span><span id=\"more-307803\"\/><\/p>\n<p class=\"p1\"><span class=\"s1\">Ce film r\u00e9unit une palette de com\u00e9diens dont Rafik Boubker, Sanae Bahaj, Hassan Badida, Zhor Slimani, Khadija Adly et autres. <em>\u00abUne voiture classique appartenant au chef du gang dispara\u00eet du garage d\u2019un m\u00e9canicien appel\u00e9 Ezzeddine \u00abKouika\u00bb. Ce dernier se retrouvera dans une situation d\u00e9licate avec le chef du gang et devra trouver un moyen de lui payer la valeur de la voiture dans un d\u00e9lai d\u2019un mois, ce qui le poussera \u00e0 tenter l\u2019impossible et vendre un de ses reins \u00e0 Ismail fils unique dont la famille exigera de Kouika de se faire op\u00e9rer \u00e0 Singapour\u2026\u00bb.<\/em><\/span><\/p>\n<\/div>\n<p>Auteur: ALM<br \/>\n<a href=\"http:\/\/aujourdhui.ma\/culture\/cinema\/cambodia-de-ibn-salmane-dans-les-salles-a-partir-du-27-mars\">Cliquez ici pour lire l&rsquo;article depuis sa source.<\/a><\/p>\n","protected":false},"excerpt":{"rendered":"<p>La com\u00e9die marocaine \u00abCambodia\u00bb de Taha Mohamed Ibn Salmane sera projet\u00e9e dans les salles obscures \u00e0 partir du 27 mars.\u00a0 Ce film r\u00e9unit une palette de com\u00e9diens dont Rafik Boubker, Sanae Bahaj, Hassan Badida, Zhor Slimani, Khadija Adly et autres. \u00abUne voiture classique appartenant au chef du gang dispara\u00eet du garage d\u2019un m\u00e9canicien appel\u00e9 Ezzeddine [&hellip;]<\/p>\n","protected":false},"author":1759,"featured_media":0,"comment_status":"closed","ping_status":"closed","sticky":false,"template":"","format":"standard","meta":{"fifu_image_url":"","fifu_image_alt":"","footnotes":""},"categories":[73,54],"tags":[],"class_list":["post-23670","post","type-post","status-publish","format-standard","hentry","category-actualite","category-maroc"],"_links":{"self":[{"href":"https:\/\/linitiative.ca\/International\/wp-json\/wp\/v2\/posts\/23670","targetHints":{"allow":["GET"]}}],"collection":[{"href":"https:\/\/linitiative.ca\/International\/wp-json\/wp\/v2\/posts"}],"about":[{"href":"https:\/\/linitiative.ca\/International\/wp-json\/wp\/v2\/types\/post"}],"author":[{"embeddable":true,"href":"https:\/\/linitiative.ca\/International\/wp-json\/wp\/v2\/users\/1759"}],"replies":[{"embeddable":true,"href":"https:\/\/linitiative.ca\/International\/wp-json\/wp\/v2\/comments?post=23670"}],"version-history":[{"count":0,"href":"https:\/\/linitiative.ca\/International\/wp-json\/wp\/v2\/posts\/23670\/revisions"}],"wp:attachment":[{"href":"https:\/\/linitiative.ca\/International\/wp-json\/wp\/v2\/media?parent=23670"}],"wp:term":[{"taxonomy":"category","embeddable":true,"href":"https:\/\/linitiative.ca\/International\/wp-json\/wp\/v2\/categories?post=23670"},{"taxonomy":"post_tag","embeddable":true,"href":"https:\/\/linitiative.ca\/International\/wp-json\/wp\/v2\/tags?post=23670"}],"curies":[{"name":"wp","href":"https:\/\/api.w.org\/{rel}","templated":true}]}}