{"id":23688,"date":"2019-03-24T06:00:00","date_gmt":"2019-03-24T10:00:00","guid":{"rendered":"https:\/\/linitiative.ca\/International\/trois-ouvriers-meurent-ensevelis-apres-un-eboulement\/"},"modified":"2019-03-24T06:00:00","modified_gmt":"2019-03-24T10:00:00","slug":"trois-ouvriers-meurent-ensevelis-apres-un-eboulement","status":"publish","type":"post","link":"https:\/\/linitiative.ca\/International\/trois-ouvriers-meurent-ensevelis-apres-un-eboulement\/","title":{"rendered":"Trois ouvriers meurent ensevelis apr\u00e8s un \u00e9boulement"},"content":{"rendered":"<div id=\"originalText\" readability=\"43\">\n<p>Un tragique accident de travail s\u2019est produit hier au douar Hamiane rattach\u00e9 administrativement \u00e0 la commune d\u2019Oued Sebbah, dans la da\u00efra d\u2019A\u00efn El-Arba, situ\u00e9e \u00e0 une quarantaine de kilom\u00e8tres \u00e0 l\u2019est de la wilaya d\u2019A\u00efn T\u00e9mouchent, o\u00f9 trois ouvriers ont trouv\u00e9 la mort ensevelis par la terre \u00e0 la suite d\u2019un \u00e9boulement, alors qu\u2019un quatri\u00e8me a pu \u00eatre sauv\u00e9. Les quatre ouvriers ex\u00e9cutaient des travaux dans un chantier de r\u00e9alisation d\u2019un r\u00e9seau d\u2019assainissement \u00e0 l\u2019int\u00e9rieur d\u2019une fosse de plusieurs m\u00e8tres de profondeur. Selon notre source, l\u2019op\u00e9ration de recherches entam\u00e9e par les agents de la Protection civile, aid\u00e9s des citoyens, a permis de sauver l\u2019une des quatre victimes, originaire du douar Hamiane.<\/p>\n<p class=\"c10\"><strong>M. LARADJ<\/strong><\/p>\n<\/div>\n<div id=\"text_core\" readability=\"43\">\n<p>Un tragique accident de travail s\u2019est produit hier au douar Hamiane rattach\u00e9 administrativement \u00e0 la commune d\u2019Oued Sebbah, dans la da\u00efra d\u2019A\u00efn El-Arba, situ\u00e9e \u00e0 une quarantaine de kilom\u00e8tres \u00e0 l\u2019est de la wilaya d\u2019A\u00efn T\u00e9mouchent, o\u00f9 trois ouvriers ont trouv\u00e9 la mort ensevelis par la terre \u00e0 la suite d\u2019un \u00e9boulement, alors qu\u2019un quatri\u00e8me a pu \u00eatre sauv\u00e9. Les quatre ouvriers ex\u00e9cutaient des travaux dans un chantier de r\u00e9alisation d\u2019un r\u00e9seau d\u2019assainissement \u00e0 l\u2019int\u00e9rieur d\u2019une fosse de plusieurs m\u00e8tres de profondeur. Selon notre source, l\u2019op\u00e9ration de recherches entam\u00e9e par les agents de la Protection civile, aid\u00e9s des citoyens, a permis de sauver l\u2019une des quatre victimes, originaire du douar Hamiane.<\/p>\n<p class=\"c10\"><strong>M. LARADJ<\/strong><\/p>\n<\/div>\n<p>Auteur:<br \/>\n<a href=\"https:\/\/www.liberte-algerie.com\/actualite\/trois-ouvriers-meurent-ensevelis-apres-un-eboulement-312203\">Cliquez ici pour lire l&rsquo;article depuis sa source.<\/a><\/p>\n","protected":false},"excerpt":{"rendered":"<p>Un tragique accident de travail s\u2019est produit hier au douar Hamiane rattach\u00e9 administrativement \u00e0 la commune d\u2019Oued Sebbah, dans la da\u00efra d\u2019A\u00efn El-Arba, situ\u00e9e \u00e0 une quarantaine de kilom\u00e8tres \u00e0 l\u2019est de la wilaya d\u2019A\u00efn T\u00e9mouchent, o\u00f9 trois ouvriers ont trouv\u00e9 la mort ensevelis par la terre \u00e0 la suite d\u2019un \u00e9boulement, alors qu\u2019un quatri\u00e8me [&hellip;]<\/p>\n","protected":false},"author":1742,"featured_media":0,"comment_status":"closed","ping_status":"closed","sticky":false,"template":"","format":"standard","meta":{"fifu_image_url":"","fifu_image_alt":"","footnotes":""},"categories":[73,53],"tags":[],"class_list":["post-23688","post","type-post","status-publish","format-standard","hentry","category-actualite","category-algerie"],"_links":{"self":[{"href":"https:\/\/linitiative.ca\/International\/wp-json\/wp\/v2\/posts\/23688","targetHints":{"allow":["GET"]}}],"collection":[{"href":"https:\/\/linitiative.ca\/International\/wp-json\/wp\/v2\/posts"}],"about":[{"href":"https:\/\/linitiative.ca\/International\/wp-json\/wp\/v2\/types\/post"}],"author":[{"embeddable":true,"href":"https:\/\/linitiative.ca\/International\/wp-json\/wp\/v2\/users\/1742"}],"replies":[{"embeddable":true,"href":"https:\/\/linitiative.ca\/International\/wp-json\/wp\/v2\/comments?post=23688"}],"version-history":[{"count":0,"href":"https:\/\/linitiative.ca\/International\/wp-json\/wp\/v2\/posts\/23688\/revisions"}],"wp:attachment":[{"href":"https:\/\/linitiative.ca\/International\/wp-json\/wp\/v2\/media?parent=23688"}],"wp:term":[{"taxonomy":"category","embeddable":true,"href":"https:\/\/linitiative.ca\/International\/wp-json\/wp\/v2\/categories?post=23688"},{"taxonomy":"post_tag","embeddable":true,"href":"https:\/\/linitiative.ca\/International\/wp-json\/wp\/v2\/tags?post=23688"}],"curies":[{"name":"wp","href":"https:\/\/api.w.org\/{rel}","templated":true}]}}