{"id":23689,"date":"2019-03-24T06:00:00","date_gmt":"2019-03-24T10:00:00","guid":{"rendered":"https:\/\/linitiative.ca\/International\/la-crue-emporte-une-fillette\/"},"modified":"2019-03-24T06:00:00","modified_gmt":"2019-03-24T10:00:00","slug":"la-crue-emporte-une-fillette","status":"publish","type":"post","link":"https:\/\/linitiative.ca\/International\/la-crue-emporte-une-fillette\/","title":{"rendered":"La crue emporte une fillette"},"content":{"rendered":"<div id=\"originalText\" readability=\"40\">\n<p>\u00a0Les pluies torrentielles qui se sont abattues, avant-hier, ont \u00e9t\u00e9 \u00e0 l\u2019origine de la noyade d\u2019une fillette de 5 ans qui a \u00e9t\u00e9 emport\u00e9e par les flots de l\u2019oued Bousselam \u00e0 Ouled Sba\u00e2, dans la commune de B\u00e9ni Oucine, \u00e0 S\u00e9tif. Le corps a \u00e9t\u00e9 rep\u00each\u00e9 \u00e0 500 m\u00e8tres du lieu de sa chute par les \u00e9l\u00e9ments de la Protection civile de Bouga\u00e2, ainsi que des \u00e9l\u00e9ments de la Gendarmerie nationale et des habitants de la r\u00e9gion qui s\u2019\u00e9taient mobilis\u00e9s pour participer aux recherches. Le corps de la victime a \u00e9t\u00e9 d\u00e9pos\u00e9 \u00e0 la morgue de l\u2019h\u00f4pital Sa\u00efd-Aouamri de Bouga\u00e2. Une enqu\u00eate a \u00e9t\u00e9 ouverte.\u00a0\u00a0 \u00a0<\/p>\n<p class=\"c10\"><strong>Faouzi SENOUSSAOUI<\/strong><\/p>\n<\/div>\n<div id=\"text_core\" readability=\"40\">\n<p>\u00a0Les pluies torrentielles qui se sont abattues, avant-hier, ont \u00e9t\u00e9 \u00e0 l\u2019origine de la noyade d\u2019une fillette de 5 ans qui a \u00e9t\u00e9 emport\u00e9e par les flots de l\u2019oued Bousselam \u00e0 Ouled Sba\u00e2, dans la commune de B\u00e9ni Oucine, \u00e0 S\u00e9tif. Le corps a \u00e9t\u00e9 rep\u00each\u00e9 \u00e0 500 m\u00e8tres du lieu de sa chute par les \u00e9l\u00e9ments de la Protection civile de Bouga\u00e2, ainsi que des \u00e9l\u00e9ments de la Gendarmerie nationale et des habitants de la r\u00e9gion qui s\u2019\u00e9taient mobilis\u00e9s pour participer aux recherches. Le corps de la victime a \u00e9t\u00e9 d\u00e9pos\u00e9 \u00e0 la morgue de l\u2019h\u00f4pital Sa\u00efd-Aouamri de Bouga\u00e2. Une enqu\u00eate a \u00e9t\u00e9 ouverte.\u00a0\u00a0 \u00a0<\/p>\n<p class=\"c10\"><strong>Faouzi SENOUSSAOUI<\/strong><\/p>\n<\/div>\n<p>Auteur:<br \/>\n<a href=\"https:\/\/www.liberte-algerie.com\/actualite\/la-crue-emporte-une-fillette-312202\">Cliquez ici pour lire l&rsquo;article depuis sa source.<\/a><\/p>\n","protected":false},"excerpt":{"rendered":"<p>\u00a0Les pluies torrentielles qui se sont abattues, avant-hier, ont \u00e9t\u00e9 \u00e0 l\u2019origine de la noyade d\u2019une fillette de 5 ans qui a \u00e9t\u00e9 emport\u00e9e par les flots de l\u2019oued Bousselam \u00e0 Ouled Sba\u00e2, dans la commune de B\u00e9ni Oucine, \u00e0 S\u00e9tif. Le corps a \u00e9t\u00e9 rep\u00each\u00e9 \u00e0 500 m\u00e8tres du lieu de sa chute par [&hellip;]<\/p>\n","protected":false},"author":1742,"featured_media":0,"comment_status":"closed","ping_status":"closed","sticky":false,"template":"","format":"standard","meta":{"fifu_image_url":"","fifu_image_alt":"","footnotes":""},"categories":[73,53],"tags":[],"class_list":["post-23689","post","type-post","status-publish","format-standard","hentry","category-actualite","category-algerie"],"_links":{"self":[{"href":"https:\/\/linitiative.ca\/International\/wp-json\/wp\/v2\/posts\/23689","targetHints":{"allow":["GET"]}}],"collection":[{"href":"https:\/\/linitiative.ca\/International\/wp-json\/wp\/v2\/posts"}],"about":[{"href":"https:\/\/linitiative.ca\/International\/wp-json\/wp\/v2\/types\/post"}],"author":[{"embeddable":true,"href":"https:\/\/linitiative.ca\/International\/wp-json\/wp\/v2\/users\/1742"}],"replies":[{"embeddable":true,"href":"https:\/\/linitiative.ca\/International\/wp-json\/wp\/v2\/comments?post=23689"}],"version-history":[{"count":0,"href":"https:\/\/linitiative.ca\/International\/wp-json\/wp\/v2\/posts\/23689\/revisions"}],"wp:attachment":[{"href":"https:\/\/linitiative.ca\/International\/wp-json\/wp\/v2\/media?parent=23689"}],"wp:term":[{"taxonomy":"category","embeddable":true,"href":"https:\/\/linitiative.ca\/International\/wp-json\/wp\/v2\/categories?post=23689"},{"taxonomy":"post_tag","embeddable":true,"href":"https:\/\/linitiative.ca\/International\/wp-json\/wp\/v2\/tags?post=23689"}],"curies":[{"name":"wp","href":"https:\/\/api.w.org\/{rel}","templated":true}]}}