{"id":23697,"date":"2019-03-24T07:25:02","date_gmt":"2019-03-24T11:25:02","guid":{"rendered":"https:\/\/linitiative.ca\/International\/essaouira-tombee-du-rideau-sur-la-3e-edition-du-festival-les-oceanes\/"},"modified":"2019-03-24T07:25:02","modified_gmt":"2019-03-24T11:25:02","slug":"essaouira-tombee-du-rideau-sur-la-3e-edition-du-festival-les-oceanes","status":"publish","type":"post","link":"https:\/\/linitiative.ca\/International\/essaouira-tombee-du-rideau-sur-la-3e-edition-du-festival-les-oceanes\/","title":{"rendered":"Essaouira : Tomb\u00e9e du rideau sur la 3\u00e8 \u00e9dition du festival \u00ab\u00a0Les Oc\u00e9anes\u00a0\u00bb"},"content":{"rendered":"<div readability=\"40\">\n<p>Essaouira \u2013 Le rideau est tomb\u00e9, samedi \u00e0 Essaouira, sur la 3\u00e8 \u00e9dition du Festival \u00ab\u00a0Les Oc\u00e9anes\u00a0\u00bb et ce, apr\u00e8s trois jours d\u2019intenses activit\u00e9s alliant, dans un esprit de convivialit\u00e9 et de partage, sports de glisse, expression artistique et protection de l\u2019environnement.<\/p>\n<\/div>\n<div readability=\"139\">\n<p>La derni\u00e8re journ\u00e9e de ce festival d\u00e9di\u00e9 \u00e0 la promotion de la culture surf et de la protection de l\u2019environnement, a \u00e9t\u00e9 marqu\u00e9e par une s\u00e9rie d\u2019activit\u00e9s entre autres, une \u2018\u2019Caravane Verte\u2019\u2019 organis\u00e9e par le Secr\u00e9tariat d\u2019Etat charg\u00e9 du D\u00e9veloppement Durable, dans le but d\u2019informer, d\u2019\u00e9duquer et de sensibiliser \u00e0 la protection de l\u2019environnement.<\/p>\n<p>Par la m\u00eame occasion, des ateliers d\u00e9di\u00e9s \u00e0 la promotion des \u00e9nergies renouvelables, anim\u00e9s par des \u00e9tudiants du Club Environnement relevant de l\u2019Ecole Sup\u00e9rieure de Technologie (EST) d\u2019Essaouira, ont \u00e9t\u00e9 initi\u00e9s au profit du public.<\/p>\n<p>Sur le plan artistique, le jeune peintre Ouarhim Nourredine a poursuivi ses performances artistiques en r\u00e9alisant une s\u00e9rie de fresques murales de toute beaut\u00e9, autour de th\u00e9matiques en rapport avec l\u2019environnement et le littoral.<\/p>\n<p>La promotion des sports de glisse n\u2019a pas \u00e9t\u00e9 exclue de la liste, puisque des sessions d\u2019initiation \u00e0 ces sports nautiques ont \u00e9t\u00e9 programm\u00e9es au niveau de plusieurs clubs de la cit\u00e9 des aliz\u00e9s et ce, pour le bonheur des petits et des grands.<\/p>\n<p>A l\u2019Institut Fran\u00e7ais d\u2019Essaouira (IFE), les festivaliers ont eu droit \u00e0 la projection d\u2019un film documentaire intitul\u00e9 \u2018\u2019Blue\u2019\u2019 de Keith Scholey d\u2019une dur\u00e9e de 1h17min, suivie d\u2019un \u00e9change-d\u00e9bat.<\/p>\n<p>Par ailleurs, lors d\u2019une r\u00e9ception organis\u00e9e en l\u2019honneur des partenaires du Festival \u2018\u2019Les Oc\u00e9anes\u2019\u2019, le gouverneur de la province, M. Adil El Maliki, a mis en avant l\u2019importance de cet \u00e9v\u00e9nement qui v\u00e9hicule des messages importants en termes de protection de l\u2019environnement, se disant optimiste quant \u00e0 la richesse et la diversit\u00e9 des activit\u00e9s qui se tiennent \u00e0 Essaouira et contribuent au d\u00e9veloppement durable et \u00e0 l\u2019\u00e9panouissement de la jeunesse.<\/p>\n<p>\u2018\u2019Nous sommes en train de travailler pour peaufiner un programme d\u2019activit\u00e9s estivales qui soit \u00e0 la hauteur de l\u2019image de la cit\u00e9 des aliz\u00e9s et de ses ambitions\u2019\u2019, a-t-il dit, appelant l\u2019ensemble des acteurs de la ville \u00e0 s\u2019associer \u00e0 ce grand projet ambitieux.<\/p>\n<p>Le Consul G\u00e9n\u00e9ral de France \u00e0 Marrakech, Philippe Casenave a estim\u00e9, quant \u00e0 lui, que le festival \u2018\u2019Les Oc\u00e9anes\u2019\u2019 en r\u00e9unissant jeunesse, sports et expression culturelle pour parler de l\u2019environnement \u00e0 travers diff\u00e9rentes activit\u00e9s de sensibilisation, de m\u00e9diation et d\u2019interaction avec le public souiri et les visiteurs de la cit\u00e9 des aliz\u00e9s, constitue un excellent projet qui s\u2019inscrit dans la p\u00e9rennit\u00e9.<\/p>\n<p>Ce festival qui porte en lui un projet d\u2019avenir puisqu\u2019il ambitionne de contribuer aux efforts visant la protection de l\u2019\u00e9cosyst\u00e8me, se veut un actif positif pour les populations locales, et une initiative louable au service de la promotion du potentiel de d\u00e9veloppement \u00e9conomique, a-t-il poursuivi.<\/p>\n<p>\u2018\u2019Il faut vraiment qu\u2019on multiplie ce genre d\u2019initiatives en y associant le maximum de partenaires en vue de les inscrire dans la durabilit\u00e9 afin de sensibiliser tout un chacun sur l\u2019imp\u00e9ratif de pr\u00e9server ce que la nature nous a donn\u00e9 pour pouvoir en profiter et faire profiter les g\u00e9n\u00e9rations montantes\u2019\u2019, a dit M. Casenave, sugg\u00e9rant l\u2019association, pour les prochaines \u00e9ditions de ce festival, d\u2019entreprises fran\u00e7aises install\u00e9es au Maroc, car les acteurs \u00e9conomiques ont \u00e9galement une part de responsabilit\u00e9 dans la protection de l\u2019environnement.<\/p>\n<p>Mme Louisa Babaci, directrice de l\u2019Institut Fran\u00e7ais d\u2019Essaouira, a rappel\u00e9 que ce festival a pour ambition de r\u00e9unir les \u00e9coles autour d\u2019un \u00e9v\u00e9nement annuel, les sportifs, les artistes, et les professionnels de l\u2019environnement, avec l\u2019organisation cette ann\u00e9e d\u2019une \u2018\u2019Caravane Verte\u2019\u2019 par le Secr\u00e9tariat d\u2019Etat charg\u00e9 du d\u00e9veloppement durable.<\/p>\n<p>Et de poursuivre que \u00ab\u00a0ce festival orient\u00e9 vers l\u2019\u00e9ducation \u00e0 travers des moments d\u2019\u00e9change et de partage, a pour objectif de sensibiliser les acteurs de la soci\u00e9t\u00e9 civile aux enjeux environnementaux et aux probl\u00e9matiques du littoral et de l\u2019oc\u00e9an, par l\u2019urgence de prot\u00e9ger la nature et l\u2019oc\u00e9an qui repr\u00e9sentent \u00e0 Essaouira notre quotidien mais surtout, celui des surfeurs\u00a0\u00bb.<\/p>\n<p>M. Tarik Ottmani, pr\u00e9sident du bureau ex\u00e9cutif de l\u2019Association Essaouira-Mogador a lou\u00e9 cette initiative qui s\u2019inscrit dans le cadre des \u00e9v\u00e9nements annuels de la cit\u00e9 des aliz\u00e9s, r\u00e9it\u00e9rant l\u2019engagement de ladite Association \u00e0 contribuer \u00e0 l\u2019ensemble des efforts visant \u00e0 booster la dynamique socio-\u00e9conomique et culturelle que connait Essaouira et \u00e0 l\u2019inscrire dans la durabilit\u00e9.<\/p>\n<p>A rappeler que le Festival \u2018\u2019Les Oc\u00e9anes\u2019\u2019 intervient dans le sillage de la notori\u00e9t\u00e9 de la ville d\u2019Essaouira en tant que destination incontournable des rendez-vous culturels internationaux mais aussi gr\u00e2ce \u00e0 son spot de surf de renomm\u00e9e mondiale.<\/p>\n<\/div>\n<p>Auteur: Meriem IGASS<br \/>\n<a href=\"http:\/\/www.mapmarrakech.ma\/fr\/essaouira-tombee-du-rideau-sur-la-3e-edition-du-festival-les-oceanes\/\">Cliquez ici pour lire l&rsquo;article depuis sa source.<\/a><\/p>\n","protected":false},"excerpt":{"rendered":"<p>Essaouira \u2013 Le rideau est tomb\u00e9, samedi \u00e0 Essaouira, sur la 3\u00e8 \u00e9dition du Festival \u00ab\u00a0Les Oc\u00e9anes\u00a0\u00bb et ce, apr\u00e8s trois jours d\u2019intenses activit\u00e9s alliant, dans un esprit de convivialit\u00e9 et de partage, sports de glisse, expression artistique et protection de l\u2019environnement. La derni\u00e8re journ\u00e9e de ce festival d\u00e9di\u00e9 \u00e0 la promotion de la culture [&hellip;]<\/p>\n","protected":false},"author":1788,"featured_media":0,"comment_status":"closed","ping_status":"closed","sticky":false,"template":"","format":"standard","meta":{"fifu_image_url":"","fifu_image_alt":"","footnotes":""},"categories":[54,76],"tags":[],"class_list":["post-23697","post","type-post","status-publish","format-standard","hentry","category-maroc","category-regions"],"_links":{"self":[{"href":"https:\/\/linitiative.ca\/International\/wp-json\/wp\/v2\/posts\/23697","targetHints":{"allow":["GET"]}}],"collection":[{"href":"https:\/\/linitiative.ca\/International\/wp-json\/wp\/v2\/posts"}],"about":[{"href":"https:\/\/linitiative.ca\/International\/wp-json\/wp\/v2\/types\/post"}],"author":[{"embeddable":true,"href":"https:\/\/linitiative.ca\/International\/wp-json\/wp\/v2\/users\/1788"}],"replies":[{"embeddable":true,"href":"https:\/\/linitiative.ca\/International\/wp-json\/wp\/v2\/comments?post=23697"}],"version-history":[{"count":0,"href":"https:\/\/linitiative.ca\/International\/wp-json\/wp\/v2\/posts\/23697\/revisions"}],"wp:attachment":[{"href":"https:\/\/linitiative.ca\/International\/wp-json\/wp\/v2\/media?parent=23697"}],"wp:term":[{"taxonomy":"category","embeddable":true,"href":"https:\/\/linitiative.ca\/International\/wp-json\/wp\/v2\/categories?post=23697"},{"taxonomy":"post_tag","embeddable":true,"href":"https:\/\/linitiative.ca\/International\/wp-json\/wp\/v2\/tags?post=23697"}],"curies":[{"name":"wp","href":"https:\/\/api.w.org\/{rel}","templated":true}]}}