{"id":23706,"date":"2019-03-24T11:33:44","date_gmt":"2019-03-24T15:33:44","guid":{"rendered":"https:\/\/linitiative.ca\/International\/festival-lire-en-fete-affluence-considerable-des-enfants-a-chlef\/"},"modified":"2019-03-24T11:33:44","modified_gmt":"2019-03-24T15:33:44","slug":"festival-lire-en-fete-affluence-considerable-des-enfants-a-chlef","status":"publish","type":"post","link":"https:\/\/linitiative.ca\/International\/festival-lire-en-fete-affluence-considerable-des-enfants-a-chlef\/","title":{"rendered":"Festival lire en f\u00eate: affluence consid\u00e9rable des enfants \u00e0 Chlef"},"content":{"rendered":"<div>\n<div class=\"K2FeedImage\"><img decoding=\"async\" src=\"http:\/\/www.aps.dz\/media\/k2\/items\/cache\/5fa19998074cbaf6816a20dc596112f7_S.jpg\" alt=\"Festival lire en f\u00eate: affluence consid\u00e9rable des enfants \u00e0 Chlef\"><\/div>\n<div class=\"K2FeedIntroText\">\n<p><strong>\u00a0CHLEF- Une grande affluence d\u2019enfants a marqu\u00e9 la 9<sup>\u00e8me<\/sup> \u00e9dition du festival culturel \u00ab\u00a0lire en f\u00eate\u00a0\u00bb ouverte dimanche au mus\u00e9e national public \u00ab\u00a0Abdelmadjid Meziane\u00a0\u00bb de Chlef, \u00e0 l&rsquo;occasion des vacances\u00a0scolaires.<\/strong><\/p>\n<\/div>\n<div class=\"K2FeedFullText\">\n<p>Cette manifestation a pour objectif principal de \u00ab\u00a0promouvoir la lecture et l\u2019amour du livre chez l\u2019enfant\u00a0\u00bb, a indiqu\u00e9 le commissaire du festival, Mohamed Guemoumia, \u00e9galement directeur du mus\u00e9e Abdelmadjid Meziane, tout en se f\u00e9licitant de l\u2019 \u00ab\u00a0affluence consid\u00e9rable\u00a0\u00bb ayant marqu\u00e9e l\u2019ouverture de cet \u00e9v\u00e9nement culturel d\u2019une semaine.<\/p>\n<p>Outre des pi\u00e8ces th\u00e9\u00e2trales \u00e0 th\u00e8mes et autres chansonnettes qui seront anim\u00e9es par les enfants eux-m\u00eames, trois ateliers relatifs \u00e0 la lecture, l\u2019\u00e9criture en alphabet arabe, et le dessin sont port\u00e9s au programme de ce festival culturel.<\/p>\n<p>D\u2019autres activit\u00e9s sont \u00e9galement pr\u00e9vues au titre de la m\u00eame manifestation, dans nombre d\u2019\u00e9tablissements culturels de la wilaya, \u00e0 l\u2019instar de la biblioth\u00e8que principale de lecture publique, qui abritera une table ronde sur le livre et les moyens de promotion de la lecture chez l\u2019enfant, a ajout\u00e9 le m\u00eame responsable.<\/p>\n<p>Les nombreuses familles accompagnant leur prog\u00e9niture, pr\u00e9sentes sur place, n\u2019ont pas manqu\u00e9 de louer ce type d\u2019initiative, susceptible, selon eux, outre son aspect p\u00e9dagogique, de \u00ab\u00a0recharger en \u00e9nergie positive\u00a0\u00bb, leur enfants, apr\u00e8s un trimestre de labeur.<\/p>\n<p>Une dame, Souad, accompagn\u00e9e de ses trois enfants, a surtout soulign\u00e9 l\u2019importance de ce festival dans l\u2019ancrage de la culture du th\u00e9\u00e2tre et de la lecture chez les enfants, soumis actuellement \u00e0 \u00ab\u00a0une invasion\u00a0culturelle\u00a0\u00bb, a-t-elle d\u00e9plor\u00e9.<\/p>\n<p>A noter \u00e9galement l\u2019organisation, au cours de cette m\u00eame semaine \u00e0 Chlef, d\u2019une semaine de l\u2019enfance, au niveau de la maison de la culture du chef lieu de wilaya, \u00e0 l\u2019occasion des vacances scolaires.<\/p>\n<\/div>\n<\/div>\n<p>Auteur:<br \/>\n<a href=\"http:\/\/www.aps.dz\/regions\/87247-festival-lire-en-fete-affluence-considerable-des-enfants-a-chlef\">Cliquez ici pour lire l&rsquo;article depuis sa source.<\/a><\/p>\n","protected":false},"excerpt":{"rendered":"<p>\u00a0CHLEF- Une grande affluence d\u2019enfants a marqu\u00e9 la 9\u00e8me \u00e9dition du festival culturel \u00ab\u00a0lire en f\u00eate\u00a0\u00bb ouverte dimanche au mus\u00e9e national public \u00ab\u00a0Abdelmadjid Meziane\u00a0\u00bb de Chlef, \u00e0 l&rsquo;occasion des vacances\u00a0scolaires. Cette manifestation a pour objectif principal de \u00ab\u00a0promouvoir la lecture et l\u2019amour du livre chez l\u2019enfant\u00a0\u00bb, a indiqu\u00e9 le commissaire du festival, Mohamed Guemoumia, \u00e9galement [&hellip;]<\/p>\n","protected":false},"author":1790,"featured_media":23707,"comment_status":"closed","ping_status":"closed","sticky":false,"template":"","format":"standard","meta":{"fifu_image_url":"","fifu_image_alt":"","footnotes":""},"categories":[53,76],"tags":[],"class_list":["post-23706","post","type-post","status-publish","format-standard","has-post-thumbnail","hentry","category-algerie","category-regions"],"_links":{"self":[{"href":"https:\/\/linitiative.ca\/International\/wp-json\/wp\/v2\/posts\/23706","targetHints":{"allow":["GET"]}}],"collection":[{"href":"https:\/\/linitiative.ca\/International\/wp-json\/wp\/v2\/posts"}],"about":[{"href":"https:\/\/linitiative.ca\/International\/wp-json\/wp\/v2\/types\/post"}],"author":[{"embeddable":true,"href":"https:\/\/linitiative.ca\/International\/wp-json\/wp\/v2\/users\/1790"}],"replies":[{"embeddable":true,"href":"https:\/\/linitiative.ca\/International\/wp-json\/wp\/v2\/comments?post=23706"}],"version-history":[{"count":0,"href":"https:\/\/linitiative.ca\/International\/wp-json\/wp\/v2\/posts\/23706\/revisions"}],"wp:featuredmedia":[{"embeddable":true,"href":"https:\/\/linitiative.ca\/International\/wp-json\/"}],"wp:attachment":[{"href":"https:\/\/linitiative.ca\/International\/wp-json\/wp\/v2\/media?parent=23706"}],"wp:term":[{"taxonomy":"category","embeddable":true,"href":"https:\/\/linitiative.ca\/International\/wp-json\/wp\/v2\/categories?post=23706"},{"taxonomy":"post_tag","embeddable":true,"href":"https:\/\/linitiative.ca\/International\/wp-json\/wp\/v2\/tags?post=23706"}],"curies":[{"name":"wp","href":"https:\/\/api.w.org\/{rel}","templated":true}]}}