{"id":23708,"date":"2019-03-23T17:40:37","date_gmt":"2019-03-23T21:40:37","guid":{"rendered":"https:\/\/linitiative.ca\/International\/la-promotion-de-lemploi-des-jeunes-en-milieu-rural-au-centre-dun-forum-a-tafoughalt\/"},"modified":"2019-03-23T17:40:37","modified_gmt":"2019-03-23T21:40:37","slug":"la-promotion-de-lemploi-des-jeunes-en-milieu-rural-au-centre-dun-forum-a-tafoughalt","status":"publish","type":"post","link":"https:\/\/linitiative.ca\/International\/la-promotion-de-lemploi-des-jeunes-en-milieu-rural-au-centre-dun-forum-a-tafoughalt\/","title":{"rendered":"La promotion de l\u2019emploi des jeunes en milieu rural au centre d\u2019un forum \u00e0 Tafoughalt"},"content":{"rendered":"<div readability=\"36\">\n<p>La promotion de l\u2019emploi des jeunes en milieu rural a \u00e9t\u00e9 au centre d\u2019un forum organis\u00e9, samedi \u00e0 Tafoughalt (province de Berkane), \u00e0 l\u2019initiative de l\u2019Office national du conseil agricole (ONCA).<\/p>\n<\/div>\n<div readability=\"135\">\n<p>Initi\u00e9e en partenariat avec l\u2019association Ajial pour le d\u00e9veloppement, cette rencontre a \u00e9t\u00e9 l\u2019occasion d\u2019\u00e9changer autour des moyens d\u2019appui et de promotion de l\u2019employabilit\u00e9 des jeunes en milieu rural notamment dans le secteur agricole, ainsi que les m\u00e9canismes et les techniques \u00e0 m\u00eame de renforcer l\u2019auto-emploi des jeunes et la cr\u00e9ation des coop\u00e9ratives et ce en pr\u00e9sence des autorit\u00e9s locales, d\u2019\u00e9lus, de jeunes agriculteurs, d\u2019acteurs de la soci\u00e9t\u00e9 civile et des professionnels du secteur.<\/p>\n<p>Intervenant \u00e0 cette occasion, le secr\u00e9taire g\u00e9n\u00e9ral du minist\u00e8re de l\u2019Agriculture, de la p\u00eache maritime, du d\u00e9veloppement rural et des eaux et for\u00eats, Mohamed Sadiki, a indiqu\u00e9 que le secteur agricole constitue un levier essentiel dans la cr\u00e9ation d\u2019emplois pour les jeunes notamment en milieu rural, et un v\u00e9ritable vecteur de d\u00e9veloppement socio-\u00e9conomique.<\/p>\n<p>Le Plan Maroc Vert (PMV), lanc\u00e9 en 2008 par SM le Roi Mohammed VI, a consid\u00e9rablement contribu\u00e9 \u00e0 la promotion de l\u2019emploi des jeunes, \u00e0 l\u2019am\u00e9lioration des revenus des agriculteurs et \u00e0 la relance de la productivit\u00e9 des coop\u00e9ratives agricoles, a-t-il dit.<\/p>\n<p>Le minist\u00e8re de l\u2019Agriculture, a-t-il poursuivi, accorde une importance toute particuli\u00e8re \u00e0 la formation professionnelle et ce pour accompagner les nouveaut\u00e9s que connait le monde en la mati\u00e8re, notant dans ce sens que le PMV s\u2019assigne pour objectif de renforcer les comp\u00e9tences des jeunes afin de cr\u00e9er davantage d\u2019emplois et r\u00e9pondre aux besoins du secteur.<\/p>\n<p>Et pour promouvoir l\u2019auto-emploi des jeunes, le secteur de l\u2019enseignement technique et de la formation professionnelle a \u00e9t\u00e9 confort\u00e9 ces dix derni\u00e8res ann\u00e9es, par une s\u00e9rie d\u2019actions dont notamment la mise en oeuvre d\u2019une nouvelle strat\u00e9gie d\u2019enseignement et de formation agricole visant \u00e0 diversifier les fili\u00e8res de formation, \u00e0 encourager les jeunes en milieu rural \u00e0 acc\u00e9der aux formations et accompagner et soutenir les dipl\u00f4m\u00e9s des instituts de formation professionnelle agricole souhaitant cr\u00e9er leur propres entreprises.<\/p>\n<p><img class=\"aligncenter wp-image-11069\" data-src=\"http:\/\/www.mapoujda.ma\/map\/uploads\/2019\/03\/les-stands-des-coop\u00e9ratives-au-forum-de-tafoughalt.jpg\" alt=\"\" width=\"523\" height=\"300\" srcset=\"http:\/\/www.mapoujda.ma\/map\/uploads\/2019\/03\/les-stands-des-coop\u00e9ratives-au-forum-de-tafoughalt.jpg 750w, http:\/\/www.mapoujda.ma\/map\/uploads\/2019\/03\/les-stands-des-coop\u00e9ratives-au-forum-de-tafoughalt-300x172.jpg 300w\" sizes=\"(max-width: 523px) 100vw, 523px\"\/><\/p>\n<p>Il s\u2019agit \u00e9galement d\u2019am\u00e9liorer la qualit\u00e9 de la formation dans les diff\u00e9rents instituts et \u00e9coles de formation agricole par la mise en place des infrastructures mat\u00e9rielles et p\u00e9dagogiques n\u00e9cessaires et l\u2019\u00e9largissement de la capacit\u00e9 d\u2019accueil de ces structures, promouvoir les investissements, et assurer le soutien financier aux entreprises agricoles par le biais du Fonds de d\u00e9veloppement rural, en sus de l\u2019appui aux diff\u00e9rentes formations professionnelles dont les coop\u00e9ratives, les associations, les groupements agricoles ou encore les f\u00e9d\u00e9rations interprofessionnelles encadr\u00e9es par la Loi 12-03.<\/p>\n<p>Pour sa part, le directeur g\u00e9n\u00e9ral de l\u2019ONCA, Jaouad Bahaji, a soulign\u00e9 que la province de Berkane regorge d\u2019\u00e9normes ressources humaines et naturelles devant \u00eatre valoris\u00e9es et mieux exploit\u00e9es pour promouvoir le d\u00e9veloppement local et relever les d\u00e9fis en termes de comp\u00e9titivit\u00e9 et de cr\u00e9ation d\u2019emplois, pr\u00e9cisant que ce forum permet d\u2019examiner les moyens \u00e0 m\u00eame de promouvoir le d\u00e9veloppement socio-\u00e9conomique notamment en ce qui concerne les initiatives d\u2019auto-emploi et la cr\u00e9ation d\u2019entreprises.<\/p>\n<p>Il a par ailleurs fait savoir que gr\u00e2ce au PMV, le secteur agricole a pu cr\u00e9er durant la p\u00e9riode 2008-2018, plus de 250.000 emplois, notant que la moyenne annuelle de l\u2019\u00e9volution du PIB agricole a atteint 5,25%, pour se situer \u00e0 125 MMDH en 2018, soit une augmentation de 60% par rapport \u00e0 2008.<\/p>\n<p>De son c\u00f4t\u00e9, le pr\u00e9sident de l\u2019association Ajial, Hussein Gasmi a not\u00e9 que ce forum constitue une plateforme d\u2019\u00e9change et d\u2019information qui a permis aux diff\u00e9rentes coop\u00e9ratives de prendre connaissance des proc\u00e9d\u00e9s de financement et des techniques de communication et de commercialisation.<\/p>\n<p>Et d\u2019ajouter que l\u2019association Ajial oeuvre \u00e0 promouvoir le rayonnement\u00a0de la r\u00e9gion, la mise en valeur de ses atouts touristiques\u00a0et culturels, assurer l\u2019encadrement des jeunes et des femmes et multiplier les actions philanthropiques\u00a0dont les caravanes\u00a0m\u00e9dicales et les campagnes de solidarit\u00e9 avec les d\u00e9munis.<\/p>\n<p>Ce forum, auquel ont pris part plus de 74 coop\u00e9ratives relevant de la province de Berkane, a \u00e9t\u00e9 marqu\u00e9 par la signature de plusieurs conventions entre l\u2019ONCA et les repr\u00e9sentants des coop\u00e9ratives agricoles portant notamment sur la formation, l\u2019encadrement et le renforcement des capacit\u00e9s de gestion et de marketing.<\/p>\n<p>Ce forum, marqu\u00e9 par la pr\u00e9sence du gouverneur de la province de Berkane, Mohamed Ali Habouha, a \u00e9t\u00e9 l\u2019occasion de rendre un hommage appuy\u00e9 aux meilleurs producteurs agricoles de la r\u00e9gion ainsi qu\u2019\u00e0 une pl\u00e9iade de femmes op\u00e9rant dans le domaine agricole \u00e0 l\u2019occasion de la Journ\u00e9e mondiale de la femme.<\/p>\n<\/div>\n<p>Auteur: Soufiane ELAHMAR<br \/>\n<a href=\"http:\/\/www.mapoujda.ma\/fr\/la-promotion-de-lemploi-des-jeunes-en-milieu-rural-au-centre-dun-forum-a-tafoughalt\/\">Cliquez ici pour lire l&rsquo;article depuis sa source.<\/a><\/p>\n","protected":false},"excerpt":{"rendered":"<p>La promotion de l\u2019emploi des jeunes en milieu rural a \u00e9t\u00e9 au centre d\u2019un forum organis\u00e9, samedi \u00e0 Tafoughalt (province de Berkane), \u00e0 l\u2019initiative de l\u2019Office national du conseil agricole (ONCA). Initi\u00e9e en partenariat avec l\u2019association Ajial pour le d\u00e9veloppement, cette rencontre a \u00e9t\u00e9 l\u2019occasion d\u2019\u00e9changer autour des moyens d\u2019appui et de promotion de l\u2019employabilit\u00e9 [&hellip;]<\/p>\n","protected":false},"author":1788,"featured_media":23709,"comment_status":"closed","ping_status":"closed","sticky":false,"template":"","format":"standard","meta":{"fifu_image_url":"","fifu_image_alt":"","footnotes":""},"categories":[54,76],"tags":[],"class_list":["post-23708","post","type-post","status-publish","format-standard","has-post-thumbnail","hentry","category-maroc","category-regions"],"_links":{"self":[{"href":"https:\/\/linitiative.ca\/International\/wp-json\/wp\/v2\/posts\/23708","targetHints":{"allow":["GET"]}}],"collection":[{"href":"https:\/\/linitiative.ca\/International\/wp-json\/wp\/v2\/posts"}],"about":[{"href":"https:\/\/linitiative.ca\/International\/wp-json\/wp\/v2\/types\/post"}],"author":[{"embeddable":true,"href":"https:\/\/linitiative.ca\/International\/wp-json\/wp\/v2\/users\/1788"}],"replies":[{"embeddable":true,"href":"https:\/\/linitiative.ca\/International\/wp-json\/wp\/v2\/comments?post=23708"}],"version-history":[{"count":0,"href":"https:\/\/linitiative.ca\/International\/wp-json\/wp\/v2\/posts\/23708\/revisions"}],"wp:featuredmedia":[{"embeddable":true,"href":"https:\/\/linitiative.ca\/International\/wp-json\/"}],"wp:attachment":[{"href":"https:\/\/linitiative.ca\/International\/wp-json\/wp\/v2\/media?parent=23708"}],"wp:term":[{"taxonomy":"category","embeddable":true,"href":"https:\/\/linitiative.ca\/International\/wp-json\/wp\/v2\/categories?post=23708"},{"taxonomy":"post_tag","embeddable":true,"href":"https:\/\/linitiative.ca\/International\/wp-json\/wp\/v2\/tags?post=23708"}],"curies":[{"name":"wp","href":"https:\/\/api.w.org\/{rel}","templated":true}]}}