{"id":23723,"date":"2019-03-24T15:14:04","date_gmt":"2019-03-24T19:14:04","guid":{"rendered":"https:\/\/linitiative.ca\/International\/international-man-united-pogba-pourrait-sen-aller-des-cet-ete\/"},"modified":"2019-03-24T15:14:04","modified_gmt":"2019-03-24T19:14:04","slug":"international-man-united-pogba-pourrait-sen-aller-des-cet-ete","status":"publish","type":"post","link":"https:\/\/linitiative.ca\/International\/international-man-united-pogba-pourrait-sen-aller-des-cet-ete\/","title":{"rendered":"International : Man United : Pogba pourrait s&rsquo;en aller d\u00e8s cet \u00e9t\u00e9"},"content":{"rendered":"<div readability=\"32\">\n<p>Auteur : <span class=\"time\">dimanche 24 mars 2019 13:56<\/span><\/p>\n<\/div>\n<div id=\"post_core\" readability=\"53\">\n<p>C\u2019est en tout cas ce qu\u2019annonce ce dimanche Marca. Cet hiver d\u00e9j\u00e0, le joueur fran\u00e7ais avait demand\u00e9 \u00e0 son agent, Mino Raiola, de lui trouver un nouveau point de chute, ce qui, comme vous le devinez, n\u2019est pas arriv\u00e9. Alors, il se murmure que le prochain mercato estival pourrait \u00eatre la bonne opportunit\u00e9.<\/p>\n<p>Ainsi, Marca r\u00e9v\u00e8le que l\u2019international fran\u00e7ais et son repr\u00e9sentant seraient convaincus que la destination id\u00e9ale est le Real Madrid comme l&rsquo;indique Footmercato. Du c\u00f4t\u00e9 des Merengues, Zinedine Zidane aimerait, \u00e9videmment, beaucoup le r\u00e9cup\u00e9rer et on imagine mal Florentino Perez cracher sur un potentiel sportif et marketing aussi \u00e9lev\u00e9 que Paul Pogba. Reste donc \u00e0 trouver un accord avec les dirigeants des pensionnaires d\u2019Old Trafford et ce ne sera pas ais\u00e9.<\/p>\n<p><strong>Publi\u00e9 dans :<\/strong> <span>manchester united<\/span><\/p>\n<\/div>\n<p>Auteur:<br \/>\n<a href=\"http:\/\/www.lebuteur.com\/article\/detail?titre=man-united-pogba-pourrait-sen-aller-des-cet-ete&#038;id=87416&#038;utm_source=feedburner&#038;utm_medium=feed&#038;utm_campaign=Feed%3A+GalerieFArtciles+%28Les+derniers+articles++-+lebuteur.com%29\">Cliquez ici pour lire l&rsquo;article depuis sa source.<\/a><\/p>\n","protected":false},"excerpt":{"rendered":"<p>Auteur : dimanche 24 mars 2019 13:56 C\u2019est en tout cas ce qu\u2019annonce ce dimanche Marca. Cet hiver d\u00e9j\u00e0, le joueur fran\u00e7ais avait demand\u00e9 \u00e0 son agent, Mino Raiola, de lui trouver un nouveau point de chute, ce qui, comme vous le devinez, n\u2019est pas arriv\u00e9. Alors, il se murmure que le prochain mercato estival [&hellip;]<\/p>\n","protected":false},"author":1738,"featured_media":23724,"comment_status":"closed","ping_status":"closed","sticky":false,"template":"","format":"standard","meta":{"fifu_image_url":"","fifu_image_alt":"","footnotes":""},"categories":[53,75],"tags":[],"class_list":["post-23723","post","type-post","status-publish","format-standard","has-post-thumbnail","hentry","category-algerie","category-sport"],"_links":{"self":[{"href":"https:\/\/linitiative.ca\/International\/wp-json\/wp\/v2\/posts\/23723","targetHints":{"allow":["GET"]}}],"collection":[{"href":"https:\/\/linitiative.ca\/International\/wp-json\/wp\/v2\/posts"}],"about":[{"href":"https:\/\/linitiative.ca\/International\/wp-json\/wp\/v2\/types\/post"}],"author":[{"embeddable":true,"href":"https:\/\/linitiative.ca\/International\/wp-json\/wp\/v2\/users\/1738"}],"replies":[{"embeddable":true,"href":"https:\/\/linitiative.ca\/International\/wp-json\/wp\/v2\/comments?post=23723"}],"version-history":[{"count":0,"href":"https:\/\/linitiative.ca\/International\/wp-json\/wp\/v2\/posts\/23723\/revisions"}],"wp:featuredmedia":[{"embeddable":true,"href":"https:\/\/linitiative.ca\/International\/wp-json\/"}],"wp:attachment":[{"href":"https:\/\/linitiative.ca\/International\/wp-json\/wp\/v2\/media?parent=23723"}],"wp:term":[{"taxonomy":"category","embeddable":true,"href":"https:\/\/linitiative.ca\/International\/wp-json\/wp\/v2\/categories?post=23723"},{"taxonomy":"post_tag","embeddable":true,"href":"https:\/\/linitiative.ca\/International\/wp-json\/wp\/v2\/tags?post=23723"}],"curies":[{"name":"wp","href":"https:\/\/api.w.org\/{rel}","templated":true}]}}