{"id":23731,"date":"2019-03-23T19:00:00","date_gmt":"2019-03-23T23:00:00","guid":{"rendered":"https:\/\/linitiative.ca\/International\/restructuration-une-roue-de-secours-pour-leconomie\/"},"modified":"2019-03-23T19:00:00","modified_gmt":"2019-03-23T23:00:00","slug":"restructuration-une-roue-de-secours-pour-leconomie","status":"publish","type":"post","link":"https:\/\/linitiative.ca\/International\/restructuration-une-roue-de-secours-pour-leconomie\/","title":{"rendered":"Restructuration : Une roue de secours  pour l\u2019\u00e9conomie"},"content":{"rendered":"<p>\u00a0Le d\u00e9collage \u00e9conomique, notamment dans cette conjoncture politique difficile, est tributaire d\u2019une s\u00e9rie de r\u00e9formes \u00e0 mener. Au chapitre des priorit\u00e9s, figure la strat\u00e9gie \u00e9conomique \u00e0 asseoir. Les experts pr\u00e9conisent de l\u2019efficacit\u00e9. Et ne veulent pas que ce nouvel \u00e9difice soit un g\u00e9ant aux pieds d\u2019argile.<\/p>\n<p>\u00a0Le pr\u00e9sident du Cercle d\u2019action et de r\u00e9flexion pr\u00f4ne la simplification de l\u2019acte d\u2019entreprendre, et le replacement effectif de l\u2019entreprise priv\u00e9e dans la vie des citoyens. Des comportements sont \u00e0 bannir. La politique \u00e9conomique, telle que men\u00e9e, \u00e9tait truff\u00e9e d\u2019incoh\u00e9rences.\u00a0<\/p>\n<p>\u00abDes poches de surcapacit\u00e9 sont cr\u00e9\u00e9es dans des secteurs \u00e0 tr\u00e8s faible intensit\u00e9 technologique et, parfois, \u00e0 forte intensit\u00e9 capitalistique\u00bb, diagnostique Slim Othmani, lors de son passage \u00e0 l\u2019\u00e9mission t\u00e9l\u00e9vis\u00e9e \u00abla semaine \u00e9co\u00bb. S\u2019y ajoutent \u00abdes avantages distribu\u00e9s \u00e0 tour de bras\u00bb. Mohamed Bouchakour, universitaire, lui, estime qu\u2019il est temps d\u2019aller vers une \u00abtranscription \u00e9conomique des messages politiques\u00bb scand\u00e9s par des millions d\u2019Alg\u00e9riens lors des manifestations organis\u00e9es \u00e0 travers le territoire. En termes de propositions, il rel\u00e8ve la n\u00e9cessit\u00e9 d\u2019une politique de la jeunesse, avec \u00e0 la cl\u00e9 une territorialisation et une sectorialisation du potentiel existant. Dans ce registre, Omar Berkouk, expert financier, brandit l\u2019argument d\u2019une \u00abv\u00e9ritable \u00e9conomie de march\u00e9 qui favorise l\u2019\u00e9closion d\u2019entreprises cr\u00e9atrices de richesse et d\u2019emploi\u00bb. A ses yeux, certaines mesures sont un fiasco.\u00a0<\/p>\n<p>Des exemples ? \u00abAvec l\u2019Ansej, ce sont des faux emplois qui sont cr\u00e9\u00e9s\u00bb, temp\u00eate l\u2019expert.\u00a0<\/p>\n<p>En effet, le constat est implacable. Un d\u00e9ficit structurel des r\u00e9serves de change. Un financement conventionnel qui pousse l\u2019inflation.\u00a0 Des finances publiques d\u00e9t\u00e9rior\u00e9es. Une d\u00e9gradation des finances publiques ressentie, en particulier, sur le fonctionnement des entreprises. Certes, met en garde M. Berkouk, \u00ab on n\u2019est pas au stade de la r\u00e9cession, mais le futur inqui\u00e8te\u00bb. Lui embo\u00eetant le pas, le premier responsable du Care pointe du doigt \u00abune information \u00e9conomique \u00e0 bout, cach\u00e9e et modifi\u00e9e au gr\u00e9 des attentes\u00bb. Et M. Bouchakour de relever l\u2019imp\u00e9ratif d\u2019\u00abaffronter une \u00e9conomie tr\u00e8s ab\u00eem\u00e9e sur le plan des \u00e9quilibres financiers internes et externes\u00bb.\u00a0<\/p>\n<p>A une question li\u00e9e aux raisons ayant men\u00e9 \u00e0 l\u2019endettement interne, Slim Othmani \u00e9voque l\u2019\u00abent\u00eatement \u00e0 ne pas vouloir dialoguer, \u00e9couter les acteurs de la sph\u00e8re \u00e9conomique et leurs mises en garde it\u00e9ratives qui, prises en consid\u00e9ration, auraient \u00e9vit\u00e9 au bateau \u00e9conomique national de tanguer\u00bb.\u00a0<\/p>\n<p>Au cours du d\u00e9bat, l\u2019expert financier M. Berkouk bifurque sur la \u00abnon-application\u00bb du pacte \u00e9conomique de croissance et l\u2019\u00e9chec des tentatives d\u2019un plan de croissance solide. A la lumi\u00e8re des r\u00e9sultats de l\u2019application de la planche \u00e0 billets, explique l\u2019expert, \u00ables engagements de l\u2019Etat ne sont pas refl\u00e9t\u00e9s dans la Loi de finances. De cette situation na\u00eet un \u2018\u2018hors-bilan\u2019\u2019\u00bb. Une chose est s\u00fbre, rendre l\u2019\u00e9conomie alg\u00e9rienne comp\u00e9titive ne rel\u00e8ve pas d\u2019une chim\u00e8re. Si on ne peut transformer le plomb en or, on doit au moins \u00e9viter d\u2019en faire le contraire.<\/p>\n<p><strong>Fouad Irnatene<\/strong><\/p>\n<p>Auteur: elmoudjahid<br \/>\n<a href=\"http:\/\/www.elmoudjahid.com\/fr\/actualites\/135061\">Cliquez ici pour lire l&rsquo;article depuis sa source.<\/a><\/p>\n","protected":false},"excerpt":{"rendered":"<p>\u00a0Le d\u00e9collage \u00e9conomique, notamment dans cette conjoncture politique difficile, est tributaire d\u2019une s\u00e9rie de r\u00e9formes \u00e0 mener. Au chapitre des priorit\u00e9s, figure la strat\u00e9gie \u00e9conomique \u00e0 asseoir. Les experts pr\u00e9conisent de l\u2019efficacit\u00e9. Et ne veulent pas que ce nouvel \u00e9difice soit un g\u00e9ant aux pieds d\u2019argile. \u00a0Le pr\u00e9sident du Cercle d\u2019action et de r\u00e9flexion pr\u00f4ne [&hellip;]<\/p>\n","protected":false},"author":1744,"featured_media":0,"comment_status":"closed","ping_status":"closed","sticky":false,"template":"","format":"standard","meta":{"fifu_image_url":"","fifu_image_alt":"","footnotes":""},"categories":[73,53],"tags":[],"class_list":["post-23731","post","type-post","status-publish","format-standard","hentry","category-actualite","category-algerie"],"_links":{"self":[{"href":"https:\/\/linitiative.ca\/International\/wp-json\/wp\/v2\/posts\/23731","targetHints":{"allow":["GET"]}}],"collection":[{"href":"https:\/\/linitiative.ca\/International\/wp-json\/wp\/v2\/posts"}],"about":[{"href":"https:\/\/linitiative.ca\/International\/wp-json\/wp\/v2\/types\/post"}],"author":[{"embeddable":true,"href":"https:\/\/linitiative.ca\/International\/wp-json\/wp\/v2\/users\/1744"}],"replies":[{"embeddable":true,"href":"https:\/\/linitiative.ca\/International\/wp-json\/wp\/v2\/comments?post=23731"}],"version-history":[{"count":0,"href":"https:\/\/linitiative.ca\/International\/wp-json\/wp\/v2\/posts\/23731\/revisions"}],"wp:attachment":[{"href":"https:\/\/linitiative.ca\/International\/wp-json\/wp\/v2\/media?parent=23731"}],"wp:term":[{"taxonomy":"category","embeddable":true,"href":"https:\/\/linitiative.ca\/International\/wp-json\/wp\/v2\/categories?post=23731"},{"taxonomy":"post_tag","embeddable":true,"href":"https:\/\/linitiative.ca\/International\/wp-json\/wp\/v2\/tags?post=23731"}],"curies":[{"name":"wp","href":"https:\/\/api.w.org\/{rel}","templated":true}]}}