{"id":23733,"date":"2019-03-23T19:00:00","date_gmt":"2019-03-23T23:00:00","guid":{"rendered":"https:\/\/linitiative.ca\/International\/tuareg-rallye-2019-nous-reviendrons-lannee-prochaine\/"},"modified":"2019-03-23T19:00:00","modified_gmt":"2019-03-23T23:00:00","slug":"tuareg-rallye-2019-nous-reviendrons-lannee-prochaine","status":"publish","type":"post","link":"https:\/\/linitiative.ca\/International\/tuareg-rallye-2019-nous-reviendrons-lannee-prochaine\/","title":{"rendered":"Tuareg Rallye-2019  :  \u00ab Nous reviendrons l\u2019ann\u00e9e prochaine \u00bb"},"content":{"rendered":"<p>Sixi\u00e8me et derni\u00e8re \u00e9tape du Tuareg Rallye, mais pas des moindres. Apr\u00e8s une comp\u00e9tition acharn\u00e9e six jours durant dans la Saoura, faite de victoires, de d\u00e9faites, de joie et de tristesse, voil\u00e0 qu\u2019est venue l\u2019heure du d\u00e9part. Ainsi, dans la matin\u00e9e d\u2019hier, rien ne semblait d\u00e9j\u00e0 plus comme d\u2019habitude, une certaine excitation \u00e9tait palpable sur les visages. Devant la ligne de d\u00e9part, de la derni\u00e8re \u00e9tape de 60 km exclusivement sur les dunes dor\u00e9es, les comp\u00e9titeurs regrettaient que l\u2019\u00e9v\u00e9nement se soit si rapidement achev\u00e9, promettant de revenir l\u2019ann\u00e9e prochaine. Sur la ligne d\u2019arriv\u00e9e, c\u2019est une explosion de joie, des embrassades et des congratulations.\u00a0<\/p>\n<p>S\u2019exprimant, \u00e0 cette occasion, un participant fran\u00e7ais, Patrick Robin, \u00e2g\u00e9 de 52 ans, nous a confi\u00e9 faire un rallye par an et avoir \u00e9t\u00e9 l\u2019ann\u00e9e derni\u00e8re class\u00e9 deuxi\u00e8me. \u00abCe rallye s\u2019est tr\u00e8s bien pass\u00e9, je suis tomb\u00e9 amoureux de votre pays. Il ne faut pas \u00e9couter ce qui se dit en France sur l\u2019Alg\u00e9rie, il y a une v\u00e9ritable m\u00e9connaissance ; il faut venir ici et c\u2019est le message que je vais faire passer \u00e0 mon retour\u00bb, dit-il.<\/p>\n<p>De son c\u00f4t\u00e9, le Belge Yan Van Massenhouse a mis en exergue la gentillesse du peuple alg\u00e9rien qui l\u2019a profond\u00e9ment touch\u00e9, ainsi que l\u2019authenticit\u00e9 de notre pays. Revenant sur l\u2019organisation de l\u2019\u00e9v\u00e9nement, ce dernier a relev\u00e9 qu\u2019elle \u00e9tait bonne et que beaucoup de comp\u00e9titeurs\u00a0 ont dit vouloir revenir l\u2019an prochain.\u00a0<\/p>\n<p>Lors d\u2019un point de presse, l\u2019organisateur allemand et directeur du Tuareg Tour, Rainer Auenrith, a affirm\u00e9 que cette course internationale reviendra dans notre pays l\u2019ann\u00e9e prochaine, dans la mesure o\u00f9 l\u2019\u00e9dition 2019 a \u00e9t\u00e9, selon lui, une parfaite r\u00e9ussite. Poursuivant ses propos, Rainer a indiqu\u00e9\u00a0 que les paysages ont \u00e9poustoufl\u00e9 plus d\u2019un participant. \u00abJe tiens \u00e0 remercier sinc\u00e8rement les Alg\u00e9riens pour l\u2019accueil des plus chaleureux qu\u2019ils nous ont r\u00e9serv\u00e9. Je salue \u00e9galement le soutien constant des autorit\u00e9s qui nous ont aid\u00e9s\u00bb, a-t-il conclu.\u00a0<\/p>\n<p>En ce qui concerne les r\u00e9sultats, l\u2019Allemand Arunas Gelazninkas remporte la premi\u00e8re place pour la cat\u00e9gorie Motobike. Pour la cat\u00e9gorie auto, c\u2019est le tandem alg\u00e9rien Lotfi et Hocine Ben Mansour qui remporte l\u2019\u00e9preuve. C\u2019est \u00e9galement un Alg\u00e9rien qui monte sur le podium pour la cat\u00e9gorie Quad avec Mohamed Islam Saib.\u00a0<\/p>\n<p>Pour rappel, en plus des pilotes alg\u00e9riens, les pilotes de 25 pays \u00e9trangers\u00a0 ont pris part au rallye, dont des participants de Norv\u00e8ge, de Suisse, de France, du Canada, d&rsquo;Espagne,\u00a0 d&rsquo;Italie, d&rsquo;Allemagne, de Su\u00e8de, de Lituanie, du Mexique, du Japon et de Grande-Bretagne. Les pilotes ont, ainsi, concouru \u00e0 bord de quatre types de v\u00e9hicule, \u00e0 savoir les motos, les SSV, les 4&#215;4 et les camions. Il convient de souligner que\u00a0 le rallye comportait beaucoup de difficult\u00e9s de parcours qui ont accru son attrait. Sur les 1.500 km du parcours sur piste, 500 km se sont faits sur les dunes. Certains participants \u00e9trangers sont venues par Oran, alors que d&rsquo;autres sont venus par Alger o\u00f9 un avion a \u00e9t\u00e9 affr\u00e9t\u00e9 pour les transporter vers B\u00e9char, o\u00f9 a \u00e9t\u00e9 donn\u00e9 le coup d&rsquo;envoi de cette comp\u00e9tition qui s\u2019est d\u00e9roul\u00e9e jusqu\u2019au 23 mars.\u00a0<\/p>\n<p>Enfin, il convient de signaler que les participants \u00e9trangers se sont acquitt\u00e9s de frais d\u2019engagement variant entre 1.500 et 2.000 euros, comme affirm\u00e9 par l\u2019Allemand Rainer. Les participants alg\u00e9riens ont \u00e9t\u00e9, pour leur part, totalement pris en charge par les organisateurs alg\u00e9riens, AMA Events et Mediacorp.<\/p>\n<p>Auteur: elmoudjahid<br \/>\n<a href=\"http:\/\/www.elmoudjahid.com\/fr\/actualites\/135063\">Cliquez ici pour lire l&rsquo;article depuis sa source.<\/a><\/p>\n","protected":false},"excerpt":{"rendered":"<p>Sixi\u00e8me et derni\u00e8re \u00e9tape du Tuareg Rallye, mais pas des moindres. Apr\u00e8s une comp\u00e9tition acharn\u00e9e six jours durant dans la Saoura, faite de victoires, de d\u00e9faites, de joie et de tristesse, voil\u00e0 qu\u2019est venue l\u2019heure du d\u00e9part. Ainsi, dans la matin\u00e9e d\u2019hier, rien ne semblait d\u00e9j\u00e0 plus comme d\u2019habitude, une certaine excitation \u00e9tait palpable sur [&hellip;]<\/p>\n","protected":false},"author":1744,"featured_media":0,"comment_status":"closed","ping_status":"closed","sticky":false,"template":"","format":"standard","meta":{"fifu_image_url":"","fifu_image_alt":"","footnotes":""},"categories":[73,53],"tags":[],"class_list":["post-23733","post","type-post","status-publish","format-standard","hentry","category-actualite","category-algerie"],"_links":{"self":[{"href":"https:\/\/linitiative.ca\/International\/wp-json\/wp\/v2\/posts\/23733","targetHints":{"allow":["GET"]}}],"collection":[{"href":"https:\/\/linitiative.ca\/International\/wp-json\/wp\/v2\/posts"}],"about":[{"href":"https:\/\/linitiative.ca\/International\/wp-json\/wp\/v2\/types\/post"}],"author":[{"embeddable":true,"href":"https:\/\/linitiative.ca\/International\/wp-json\/wp\/v2\/users\/1744"}],"replies":[{"embeddable":true,"href":"https:\/\/linitiative.ca\/International\/wp-json\/wp\/v2\/comments?post=23733"}],"version-history":[{"count":0,"href":"https:\/\/linitiative.ca\/International\/wp-json\/wp\/v2\/posts\/23733\/revisions"}],"wp:attachment":[{"href":"https:\/\/linitiative.ca\/International\/wp-json\/wp\/v2\/media?parent=23733"}],"wp:term":[{"taxonomy":"category","embeddable":true,"href":"https:\/\/linitiative.ca\/International\/wp-json\/wp\/v2\/categories?post=23733"},{"taxonomy":"post_tag","embeddable":true,"href":"https:\/\/linitiative.ca\/International\/wp-json\/wp\/v2\/tags?post=23733"}],"curies":[{"name":"wp","href":"https:\/\/api.w.org\/{rel}","templated":true}]}}