{"id":23735,"date":"2019-03-23T19:00:00","date_gmt":"2019-03-23T23:00:00","guid":{"rendered":"https:\/\/linitiative.ca\/International\/a-loccasion-de-la-fete-nationale-de-leur-pays-le-president-bouteflika-felicite-son-homologue-pakistanais-et-le-premier-ministre\/"},"modified":"2019-03-23T19:00:00","modified_gmt":"2019-03-23T23:00:00","slug":"a-loccasion-de-la-fete-nationale-de-leur-pays-le-president-bouteflika-felicite-son-homologue-pakistanais-et-le-premier-ministre","status":"publish","type":"post","link":"https:\/\/linitiative.ca\/International\/a-loccasion-de-la-fete-nationale-de-leur-pays-le-president-bouteflika-felicite-son-homologue-pakistanais-et-le-premier-ministre\/","title":{"rendered":"\u00c0 l\u2019occasion de la f\u00eate nationale de leur pays : Le pr\u00e9sident Bouteflika f\u00e9licite son homologue pakistanais et le Premier ministre"},"content":{"rendered":"<p>Le pr\u00e9sident de la R\u00e9publique, Abdelaziz Bouteflika, a adress\u00e9 un message de f\u00e9licitations \u00e0 son homologue\u00a0 \u00a0pakistanais, Arif Alvi, \u00e0 l&rsquo;occasion de la f\u00eate nationale de son pays, dans lequel il lui a exprim\u00e9 sa \u00abprofonde\u00bb satisfaction du niveau des relations d&rsquo;amiti\u00e9 et de coop\u00e9ration entre les deux pays. \u00abIl m&rsquo;est agr\u00e9able, au moment o\u00f9 la R\u00e9publique islamique du Pakistan c\u00e9l\u00e8bre sa f\u00eate nationale, de vous adresser, au nom du peuple et du\u00a0 \u00a0gouvernement alg\u00e9riens et en mon nom personnel, mes chaleureuses f\u00e9licitations et mes v\u0153ux les meilleurs de sant\u00e9 et de bien-\u00eatre, ainsi que davantage de progr\u00e8s et de prosp\u00e9rit\u00e9 au peuple pakistanais fr\u00e8re\u00bb, a affirm\u00e9 le Pr\u00e9sident Bouteflika dans son message.\u00a0 \u00a0\u00abJe saisis cette heureuse occasion pour vous exprimer ma profonde satisfaction du niveau des relations d&rsquo;amiti\u00e9 et de coop\u00e9ration entre nos deux pays dans diff\u00e9rents domaines, et vous assurer, par la m\u00eame, mon attachement constant \u00e0 \u0153uvrer de concert avec vous au renforcement de ces relations et \u00e0 leur promotion au plus haut niveau, en cons\u00e9cration des aspirations de nos deux peuples fr\u00e8res\u00bb, a conclu le Pr\u00e9sident Bouteflika dans son message.<\/p>\n<p><strong>\u2026 et le Premier ministre\u00a0<\/strong><\/p>\n<p>Le pr\u00e9sident de la R\u00e9publique, Abdelaziz Bouteflika, a adress\u00e9 un message de f\u00e9licitations au Premier ministre pakistanais, Imran Khan, \u00e0 l&rsquo;occasion de la f\u00eate nationale de son pays, dans lequel il a r\u00e9affirm\u00e9 sa volont\u00e9 d&rsquo;intensifier les efforts en vue de\u00a0 \u00a0consolider les relations d&rsquo;amiti\u00e9 et de coop\u00e9ration entre les deux pays et de les hisser au mieux des int\u00e9r\u00eats des deux peuples fr\u00e8res. \u00abIl m&rsquo;est agr\u00e9able, au moment o\u00f9 la R\u00e9publique islamique du Pakistan\u00a0 \u00a0c\u00e9l\u00e8bre sa f\u00eate nationale, de vous adresser, au nom du peuple et du gouvernement alg\u00e9riens, et en mon nom personnel, mes chaleureuses f\u00e9licitations et mes meilleurs v\u0153ux, priant Dieu, Tout-Puissant, de vous\u00a0 \u00a0accorder sant\u00e9 et bien-\u00eatre, et d&rsquo;assurer au peuple pakistanais fr\u00e8re, progr\u00e8s et prosp\u00e9rit\u00e9\u00bb, lit-on dans le message du pr\u00e9sident Bouteflika. \u00abJe tiens \u00e0 saisir cette agr\u00e9able occasion, pour saluer le niveau exceptionnel des relations d&rsquo;amiti\u00e9 et de coop\u00e9ration unissant nos deux pays dans tous les domaines, et vous r\u00e9affirmer mon attachement constant \u00e0 intensifier les efforts pour la consolidation et la promotion de ces\u00a0 \u00a0relations, au mieux des int\u00e9r\u00eats de nos deux peuples fr\u00e8res\u00bb, a conclu le pr\u00e9sident de la R\u00e9publique, dans son message.\u00a0<\/p>\n<p>Auteur: elmoudjahid<br \/>\n<a href=\"http:\/\/www.elmoudjahid.com\/fr\/actualites\/135065\">Cliquez ici pour lire l&rsquo;article depuis sa source.<\/a><\/p>\n","protected":false},"excerpt":{"rendered":"<p>Le pr\u00e9sident de la R\u00e9publique, Abdelaziz Bouteflika, a adress\u00e9 un message de f\u00e9licitations \u00e0 son homologue\u00a0 \u00a0pakistanais, Arif Alvi, \u00e0 l&rsquo;occasion de la f\u00eate nationale de son pays, dans lequel il lui a exprim\u00e9 sa \u00abprofonde\u00bb satisfaction du niveau des relations d&rsquo;amiti\u00e9 et de coop\u00e9ration entre les deux pays. \u00abIl m&rsquo;est agr\u00e9able, au moment o\u00f9 [&hellip;]<\/p>\n","protected":false},"author":1744,"featured_media":0,"comment_status":"closed","ping_status":"closed","sticky":false,"template":"","format":"standard","meta":{"fifu_image_url":"","fifu_image_alt":"","footnotes":""},"categories":[73,53],"tags":[],"class_list":["post-23735","post","type-post","status-publish","format-standard","hentry","category-actualite","category-algerie"],"_links":{"self":[{"href":"https:\/\/linitiative.ca\/International\/wp-json\/wp\/v2\/posts\/23735","targetHints":{"allow":["GET"]}}],"collection":[{"href":"https:\/\/linitiative.ca\/International\/wp-json\/wp\/v2\/posts"}],"about":[{"href":"https:\/\/linitiative.ca\/International\/wp-json\/wp\/v2\/types\/post"}],"author":[{"embeddable":true,"href":"https:\/\/linitiative.ca\/International\/wp-json\/wp\/v2\/users\/1744"}],"replies":[{"embeddable":true,"href":"https:\/\/linitiative.ca\/International\/wp-json\/wp\/v2\/comments?post=23735"}],"version-history":[{"count":0,"href":"https:\/\/linitiative.ca\/International\/wp-json\/wp\/v2\/posts\/23735\/revisions"}],"wp:attachment":[{"href":"https:\/\/linitiative.ca\/International\/wp-json\/wp\/v2\/media?parent=23735"}],"wp:term":[{"taxonomy":"category","embeddable":true,"href":"https:\/\/linitiative.ca\/International\/wp-json\/wp\/v2\/categories?post=23735"},{"taxonomy":"post_tag","embeddable":true,"href":"https:\/\/linitiative.ca\/International\/wp-json\/wp\/v2\/tags?post=23735"}],"curies":[{"name":"wp","href":"https:\/\/api.w.org\/{rel}","templated":true}]}}