{"id":23738,"date":"2019-03-23T19:00:00","date_gmt":"2019-03-23T23:00:00","guid":{"rendered":"https:\/\/linitiative.ca\/International\/tlemcen-les-attributions-se-poursuivront-jusquen-juillet\/"},"modified":"2019-03-23T19:00:00","modified_gmt":"2019-03-23T23:00:00","slug":"tlemcen-les-attributions-se-poursuivront-jusquen-juillet","status":"publish","type":"post","link":"https:\/\/linitiative.ca\/International\/tlemcen-les-attributions-se-poursuivront-jusquen-juillet\/","title":{"rendered":"Tlemcen :  Les attributions se poursuivront jusqu\u2019en juillet"},"content":{"rendered":"<div class=\"TxArtcile\" readability=\"24\">\n<p>Quelque 1.284 logements de type AADL ont \u00e9t\u00e9 distribu\u00e9s \u00e0 leurs b\u00e9n\u00e9ficiaires, hier, dans le quartier d\u2019Oujlida, relevant du groupement urbain du grand Tlemcen. Ce quota fait partie, selon le wali, Ali Benya\u00efche, d\u2019un programme de 2.000 logements AADL construits dans ce quartier, situ\u00e9 dans la p\u00e9riph\u00e9rie nord de la ville de Tlemcen. Le reste de ce programme estim\u00e9 \u00e0 716 logements sera distribu\u00e9, lors de la c\u00e9l\u00e9bration de la double f\u00eate de l\u2019ind\u00e9pendance et de la jeunesse. Le m\u00eame responsable a rassur\u00e9 les b\u00e9n\u00e9ficiaires des logements sociaux, dont les listes ont \u00e9t\u00e9 affich\u00e9es en novembre et d\u00e9cembre derniers, qu\u2019un premier quota de 1.600 logements sera distribu\u00e9 dans les jours \u00e0 venir. Le programme global de ces logements sociaux \u00e0 travers la wilaya de Tlemcen est estim\u00e9 \u00e0 6.600 logements. La commission d\u2019\u00e9tude des recours finalise actuellement son travail avant la distribution, par \u00e9tapes, des logements, a assur\u00e9 le wali de Tlemcen. Par ailleurs, il a annonc\u00e9 que 192 logements promotionnels publics seront \u00e9galement distribu\u00e9s prochainement tout comme quelque 300 logements promotionnels publics aid\u00e9s.\u00a0<\/p>\n<\/div>\n<div class=\"ModliArtilUne\">\n<ul>\n<li><strong>Publi\u00e9 dans :<\/strong><\/li>\n<\/ul>\n<\/div>\n<div class=\"MbComIns\" id=\"newcom\" readability=\"5.69402985075\">\n<h6>DONNEZ VOTRE AVIS<\/h6>\n<p>Il n&rsquo;y a actuellement aucune r\u00e9action \u00e0 cette information. Soyez le premier \u00e0 r\u00e9agir !<\/p>\n<p><a href=\"\" rel=\"#popup\" class=\"login resetbutton\">Identifiez-vous<\/a><a class=\"button\" href=\"http:\/\/www.elmoudjahid.com\/fr\/inscription\/\"><span>S&rsquo;inscrire<\/span><\/a><\/p>\n<\/div>\n<p>Auteur: elmoudjahid<br \/>\n<a href=\"http:\/\/www.elmoudjahid.com\/fr\/actualites\/135068\">Cliquez ici pour lire l&rsquo;article depuis sa source.<\/a><\/p>\n","protected":false},"excerpt":{"rendered":"<p>Quelque 1.284 logements de type AADL ont \u00e9t\u00e9 distribu\u00e9s \u00e0 leurs b\u00e9n\u00e9ficiaires, hier, dans le quartier d\u2019Oujlida, relevant du groupement urbain du grand Tlemcen. Ce quota fait partie, selon le wali, Ali Benya\u00efche, d\u2019un programme de 2.000 logements AADL construits dans ce quartier, situ\u00e9 dans la p\u00e9riph\u00e9rie nord de la ville de Tlemcen. Le reste [&hellip;]<\/p>\n","protected":false},"author":1744,"featured_media":0,"comment_status":"closed","ping_status":"closed","sticky":false,"template":"","format":"standard","meta":{"fifu_image_url":"","fifu_image_alt":"","footnotes":""},"categories":[73,53],"tags":[],"class_list":["post-23738","post","type-post","status-publish","format-standard","hentry","category-actualite","category-algerie"],"_links":{"self":[{"href":"https:\/\/linitiative.ca\/International\/wp-json\/wp\/v2\/posts\/23738","targetHints":{"allow":["GET"]}}],"collection":[{"href":"https:\/\/linitiative.ca\/International\/wp-json\/wp\/v2\/posts"}],"about":[{"href":"https:\/\/linitiative.ca\/International\/wp-json\/wp\/v2\/types\/post"}],"author":[{"embeddable":true,"href":"https:\/\/linitiative.ca\/International\/wp-json\/wp\/v2\/users\/1744"}],"replies":[{"embeddable":true,"href":"https:\/\/linitiative.ca\/International\/wp-json\/wp\/v2\/comments?post=23738"}],"version-history":[{"count":0,"href":"https:\/\/linitiative.ca\/International\/wp-json\/wp\/v2\/posts\/23738\/revisions"}],"wp:attachment":[{"href":"https:\/\/linitiative.ca\/International\/wp-json\/wp\/v2\/media?parent=23738"}],"wp:term":[{"taxonomy":"category","embeddable":true,"href":"https:\/\/linitiative.ca\/International\/wp-json\/wp\/v2\/categories?post=23738"},{"taxonomy":"post_tag","embeddable":true,"href":"https:\/\/linitiative.ca\/International\/wp-json\/wp\/v2\/tags?post=23738"}],"curies":[{"name":"wp","href":"https:\/\/api.w.org\/{rel}","templated":true}]}}