{"id":23740,"date":"2019-03-23T19:00:00","date_gmt":"2019-03-23T23:00:00","guid":{"rendered":"https:\/\/linitiative.ca\/International\/littoral-de-la-region-ouest-lenjeu-de-lassainissement\/"},"modified":"2019-03-23T19:00:00","modified_gmt":"2019-03-23T23:00:00","slug":"littoral-de-la-region-ouest-lenjeu-de-lassainissement","status":"publish","type":"post","link":"https:\/\/linitiative.ca\/International\/littoral-de-la-region-ouest-lenjeu-de-lassainissement\/","title":{"rendered":"Littoral de la r\u00e9gion Ouest  :  L\u2019enjeu de  l\u2019assainissement"},"content":{"rendered":"<div class=\"TxArtcile\" readability=\"45\">\n<p>La protection du littoral de la r\u00e9gion Ouest du pays sera bient\u00f4t consolid\u00e9e par la r\u00e9alisation de nouvelles Stations d\u2019\u00e9puration (STEP), a-t-on appris jeudi des responsables de la Zone d\u2019Oran de l\u2019Office national de l\u2019assainissement (ONA).<\/p>\n<p>\u00abL\u2019exploitation des futures structures aura un impact positif au plan environnemental, notamment dans la lutte contre les rejets en mer\u00bb, a expliqu\u00e9 \u00e0 l\u2019APS Fazia Merzoug, cadre d\u2019\u00e9tudes charg\u00e9e de la communication.<\/p>\n<p>Ces deux stations fonctionneront respectivement \u00e0 raison d\u2019une capacit\u00e9 de traitement de 94.000 et 40.000 Equivalent-Habitant (Eqh), unit\u00e9 de mesure exprimant la charge polluante produite quotidiennement par chaque habitant.<\/p>\n<p>Le littoral de Mostaganem verra quant \u00e0 lui la gestion de la STEP des \u00abSablettes\u00bb, en cours d\u2019exploitation, transf\u00e9r\u00e9e par l\u2019entreprise de r\u00e9alisation \u00e0 l\u2019ONA dans un proche d\u00e9lai, a fait savoir la repr\u00e9sentante de l\u2019Office, rappelant que cette station est dot\u00e9e d\u2019une capacit\u00e9 importante estim\u00e9e \u00e0 350.000 EqH.<\/p>\n<p>L\u2019ONA est \u00e9galement ma\u00eetre d\u2019ouvrage d\u00e9l\u00e9gu\u00e9 dans d\u2019autres projets de r\u00e9alisation de STEP pr\u00e9vues \u00e0 Oued Tl\u00e9lat (Oran, 160.000 EqH) et \u00e0 Mohammadia (Mascara, 95.000 EqH), a-t-elle signal\u00e9.<\/p>\n<p>Une quarantaine de stations d\u2019\u00e9puration sont g\u00e9r\u00e9es par la Zone d\u2019Oran de l\u2019ONA dont le champ de couverture s\u2019\u00e9tend aux wilayas de Mostaganem, Mascara, Sidi Bel-Abbes, A\u00efn T\u00e9mouchent et Tlemcen.<\/p>\n<\/div>\n<div class=\"ModliArtilUne\">\n<ul>\n<li><strong>Publi\u00e9 dans :<\/strong><\/li>\n<\/ul>\n<\/div>\n<div class=\"MbComIns\" id=\"newcom\" readability=\"5.69402985075\">\n<h6>DONNEZ VOTRE AVIS<\/h6>\n<p>Il n&rsquo;y a actuellement aucune r\u00e9action \u00e0 cette information. Soyez le premier \u00e0 r\u00e9agir !<\/p>\n<p><a href=\"\" rel=\"#popup\" class=\"login resetbutton\">Identifiez-vous<\/a><a class=\"button\" href=\"http:\/\/www.elmoudjahid.com\/fr\/inscription\/\"><span>S&rsquo;inscrire<\/span><\/a><\/p>\n<\/div>\n<p>Auteur: elmoudjahid<br \/>\n<a href=\"http:\/\/www.elmoudjahid.com\/fr\/actualites\/135070\">Cliquez ici pour lire l&rsquo;article depuis sa source.<\/a><\/p>\n","protected":false},"excerpt":{"rendered":"<p>La protection du littoral de la r\u00e9gion Ouest du pays sera bient\u00f4t consolid\u00e9e par la r\u00e9alisation de nouvelles Stations d\u2019\u00e9puration (STEP), a-t-on appris jeudi des responsables de la Zone d\u2019Oran de l\u2019Office national de l\u2019assainissement (ONA). \u00abL\u2019exploitation des futures structures aura un impact positif au plan environnemental, notamment dans la lutte contre les rejets en [&hellip;]<\/p>\n","protected":false},"author":1744,"featured_media":0,"comment_status":"closed","ping_status":"closed","sticky":false,"template":"","format":"standard","meta":{"fifu_image_url":"","fifu_image_alt":"","footnotes":""},"categories":[73,53],"tags":[],"class_list":["post-23740","post","type-post","status-publish","format-standard","hentry","category-actualite","category-algerie"],"_links":{"self":[{"href":"https:\/\/linitiative.ca\/International\/wp-json\/wp\/v2\/posts\/23740","targetHints":{"allow":["GET"]}}],"collection":[{"href":"https:\/\/linitiative.ca\/International\/wp-json\/wp\/v2\/posts"}],"about":[{"href":"https:\/\/linitiative.ca\/International\/wp-json\/wp\/v2\/types\/post"}],"author":[{"embeddable":true,"href":"https:\/\/linitiative.ca\/International\/wp-json\/wp\/v2\/users\/1744"}],"replies":[{"embeddable":true,"href":"https:\/\/linitiative.ca\/International\/wp-json\/wp\/v2\/comments?post=23740"}],"version-history":[{"count":0,"href":"https:\/\/linitiative.ca\/International\/wp-json\/wp\/v2\/posts\/23740\/revisions"}],"wp:attachment":[{"href":"https:\/\/linitiative.ca\/International\/wp-json\/wp\/v2\/media?parent=23740"}],"wp:term":[{"taxonomy":"category","embeddable":true,"href":"https:\/\/linitiative.ca\/International\/wp-json\/wp\/v2\/categories?post=23740"},{"taxonomy":"post_tag","embeddable":true,"href":"https:\/\/linitiative.ca\/International\/wp-json\/wp\/v2\/tags?post=23740"}],"curies":[{"name":"wp","href":"https:\/\/api.w.org\/{rel}","templated":true}]}}