{"id":23745,"date":"2019-03-24T06:22:28","date_gmt":"2019-03-24T10:22:28","guid":{"rendered":"https:\/\/linitiative.ca\/International\/87232-football-can-2019-algerie-deux-stages-au-menu-des-verts-avant-la-phase-finale\/"},"modified":"2019-03-24T06:22:28","modified_gmt":"2019-03-24T10:22:28","slug":"87232-football-can-2019-algerie-deux-stages-au-menu-des-verts-avant-la-phase-finale","status":"publish","type":"post","link":"https:\/\/linitiative.ca\/International\/87232-football-can-2019-algerie-deux-stages-au-menu-des-verts-avant-la-phase-finale\/","title":{"rendered":"Football &#8211; CAN-2019 : deux stages au menu des Verts avant la phase finale\u00a0"},"content":{"rendered":"<div>\n<div class=\"K2FeedImage\"><img decoding=\"async\" src=\"http:\/\/www.aps.dz\/media\/k2\/items\/cache\/03eec8c0a79edbff3ec16177d39c018d_S.jpg\" alt=\"Football - CAN-2019 : deux stages au menu des Verts avant la phase finale\u00a0\"><\/div>\n<div class=\"K2FeedIntroText\">\n<p>ALGER- L&rsquo;\u00e9quipe nationale de football effectuera deux stages de pr\u00e9paration, dont un \u00e0 l&rsquo;\u00e9tranger, en vue de la phase finale de la Coupe d&rsquo;Afrique des nations CAN-2019 en Egypte (21 juin &#8211; 19 juillet), a affirm\u00e9 le pr\u00e9sident de la f\u00e9d\u00e9ration alg\u00e9rienne (FAF) Kheireddine Zetchi.<\/p>\n<\/div>\n<div class=\"K2FeedFullText\">\n<blockquote>\n<p><em><strong>\u00ab\u00a0Le premier regroupement sera effectu\u00e9 \u00e0 Alger, suivi par un stage \u00e0 l&rsquo;\u00e9tranger dans un pays dont le climat est similaire \u00e0 celui de l&rsquo;Egypte.<\/strong><\/em><\/p>\n<\/blockquote>\n<p>Nous n&rsquo;avons pas encore tranch\u00e9 sur le lieu exact\u00a0\u00bb, a affirm\u00e9 Zetchi samedi soir dans un entretien accord\u00e9 \u00e0 la t\u00e9l\u00e9vision nationale.<\/p>\n<p>Les Verts ont valid\u00e9 leur billet pour la CAN-2019 le 18 novembre dernier, gr\u00e2ce \u00e0 leur victoire face au Togo \u00e0 Lom\u00e9 (4-1). Les joueurs du s\u00e9lectionneur Djamel Belmadi ont cl\u00f4tur\u00e9 les qualifications vendredi en faisant match \u00e0 Blida face \u00e0 la Gambie (1-1).<\/p>\n<blockquote>\n<p><strong><em>\u00ab\u00a0Il y a aura bien \u00e9videmment une s\u00e9rie de matchs amicaux. Nous avons contact\u00e9 quelques s\u00e9lections, mais tout se d\u00e9cidera \u00e0 l&rsquo;issue du tirage au sort de la phase finale\u00a0\u00bb, a-t-il ajout\u00e9.<\/em><\/strong><\/p>\n<\/blockquote>\n<p>L&rsquo;\u00e9quipe nationale sera fix\u00e9e sur ses adversaires \u00e0 la CAN-2019, le 12 avril prochain \u00e0 l&rsquo;occasion du tirage au sort pr\u00e9vu au pied des Pyramides au Caire. Cette \u00e9dition verra la pr\u00e9sence pour la premi\u00e8re fois de 24 nations au lieu de 16 pr\u00e9c\u00e9demment.<\/p>\n<p>\u00a0<\/p>\n<\/div>\n<p><img loading=\"lazy\" decoding=\"async\" src=\"http:\/\/feeds.feedburner.com\/~r\/aps-sport\/~4\/ZI3LvnaFFaw\" height=\"1\" width=\"1\" alt=\"\"><\/div>\n<p>Auteur:<br \/>\n<a href=\"http:\/\/www.aps.dz\/sport\/87232-football-can-2019-algerie-deux-stages-au-menu-des-verts-avant-la-phase-finale?utm_source=feedburner&#038;utm_medium=feed&#038;utm_campaign=Feed%3A+aps-sport+%28APS+-+SPORT%29\">Cliquez ici pour lire l&rsquo;article depuis sa source.<\/a><\/p>\n","protected":false},"excerpt":{"rendered":"<p>ALGER- L&rsquo;\u00e9quipe nationale de football effectuera deux stages de pr\u00e9paration, dont un \u00e0 l&rsquo;\u00e9tranger, en vue de la phase finale de la Coupe d&rsquo;Afrique des nations CAN-2019 en Egypte (21 juin &#8211; 19 juillet), a affirm\u00e9 le pr\u00e9sident de la f\u00e9d\u00e9ration alg\u00e9rienne (FAF) Kheireddine Zetchi. \u00ab\u00a0Le premier regroupement sera effectu\u00e9 \u00e0 Alger, suivi par un [&hellip;]<\/p>\n","protected":false},"author":1790,"featured_media":23746,"comment_status":"closed","ping_status":"closed","sticky":false,"template":"","format":"standard","meta":{"fifu_image_url":"","fifu_image_alt":"","footnotes":""},"categories":[53,75],"tags":[],"class_list":["post-23745","post","type-post","status-publish","format-standard","has-post-thumbnail","hentry","category-algerie","category-sport"],"_links":{"self":[{"href":"https:\/\/linitiative.ca\/International\/wp-json\/wp\/v2\/posts\/23745","targetHints":{"allow":["GET"]}}],"collection":[{"href":"https:\/\/linitiative.ca\/International\/wp-json\/wp\/v2\/posts"}],"about":[{"href":"https:\/\/linitiative.ca\/International\/wp-json\/wp\/v2\/types\/post"}],"author":[{"embeddable":true,"href":"https:\/\/linitiative.ca\/International\/wp-json\/wp\/v2\/users\/1790"}],"replies":[{"embeddable":true,"href":"https:\/\/linitiative.ca\/International\/wp-json\/wp\/v2\/comments?post=23745"}],"version-history":[{"count":0,"href":"https:\/\/linitiative.ca\/International\/wp-json\/wp\/v2\/posts\/23745\/revisions"}],"wp:featuredmedia":[{"embeddable":true,"href":"https:\/\/linitiative.ca\/International\/wp-json\/"}],"wp:attachment":[{"href":"https:\/\/linitiative.ca\/International\/wp-json\/wp\/v2\/media?parent=23745"}],"wp:term":[{"taxonomy":"category","embeddable":true,"href":"https:\/\/linitiative.ca\/International\/wp-json\/wp\/v2\/categories?post=23745"},{"taxonomy":"post_tag","embeddable":true,"href":"https:\/\/linitiative.ca\/International\/wp-json\/wp\/v2\/tags?post=23745"}],"curies":[{"name":"wp","href":"https:\/\/api.w.org\/{rel}","templated":true}]}}