{"id":23755,"date":"2019-03-24T12:56:00","date_gmt":"2019-03-24T16:56:00","guid":{"rendered":"https:\/\/linitiative.ca\/International\/elle-veut-le-voir-au-musee-de-lhistoire-lorganisation-des-moudjahidine-exige-la-liberation-du-fln\/"},"modified":"2019-03-24T12:56:00","modified_gmt":"2019-03-24T16:56:00","slug":"elle-veut-le-voir-au-musee-de-lhistoire-lorganisation-des-moudjahidine-exige-la-liberation-du-fln","status":"publish","type":"post","link":"https:\/\/linitiative.ca\/International\/elle-veut-le-voir-au-musee-de-lhistoire-lorganisation-des-moudjahidine-exige-la-liberation-du-fln\/","title":{"rendered":"ELLE VEUT LE VOIR AU \u2018\u2019MUSEE DE L\u2019HISTOIRE\u2019\u2019 : L\u2019Organisation des moudjahidine exige la lib\u00e9ration du FLN"},"content":{"rendered":"<p><br id=\"sep_para_1\" class=\"sep_para access\"\/><\/p>\n<div id=\"para_1\" class=\"para_29930336 resize\">\n<div class=\"photo shadow left\"><a href=\"javascript:void(0)\" rel=\"https:\/\/www.reflexiondz.net\/photo\/art\/grande\/31937660-29930336.jpg?v=1553457228&#038;ibox\" title=\"ELLE VEUT LE VOIR AU \u2018\u2019MUSEE DE L\u2019HISTOIRE\u2019\u2019 : L\u2019Organisation des moudjahidine exige la lib\u00e9ration du FLN\"><img decoding=\"async\" class=\"responsive c9\" src=\"https:\/\/www.reflexiondz.net\/photo\/art\/grande\/31937660-29930336.jpg?v=1553457228\" alt=\"ELLE VEUT LE VOIR AU \u2018\u2019MUSEE DE L\u2019HISTOIRE\u2019\u2019 : L\u2019Organisation des moudjahidine exige la lib\u00e9ration du FLN\" title=\"ELLE VEUT LE VOIR AU \u2018\u2019MUSEE DE L\u2019HISTOIRE\u2019\u2019 : L\u2019Organisation des moudjahidine exige la lib\u00e9ration du FLN\"\/><img decoding=\"async\" class=\"not-responsive\" src=\"https:\/\/www.reflexiondz.net\/photo\/art\/default\/31937660-29930336.jpg?v=1553457229\" alt=\"ELLE VEUT LE VOIR AU \u2018\u2019MUSEE DE L\u2019HISTOIRE\u2019\u2019 : L\u2019Organisation des moudjahidine exige la lib\u00e9ration du FLN\" title=\"ELLE VEUT LE VOIR AU \u2018\u2019MUSEE DE L\u2019HISTOIRE\u2019\u2019 : L\u2019Organisation des moudjahidine exige la lib\u00e9ration du FLN\"\/><\/a><\/div>\n<div class=\"texte access firstletter\">Ainsi, apr\u00e8s son soutien au mouvement populaire de protestation contre le r\u00e9gime, la tr\u00e8s puissante ONM renforce son positionnement contre le syst\u00e8me finissant en appelant \u00e0 la restitution du FLN \u00e0 la m\u00e9moire collective du peuple alg\u00e9rien. \u00ab Le Mouvement de protestation n\u2019exprime pas seulement\u00a0 des revendications nationales l\u00e9gitimes, autant qu\u2019il constitue un r\u00e9f\u00e9rendum populaire en faveur des aspirations profondes du peuple que toutes les parties doivent \u0153uvrer \u00e0 concr\u00e9tiser \u00bb, \u00e9crit encore l\u2019organisation. La mise au \u2018\u2019mus\u00e9e de l\u2019histoire\u2019\u2019 du FLN est une revendication r\u00e9currente de la classe politique\u00a0 nationale, qui a failli aboutir si Boudiaf n\u2019avait pas \u00e9t\u00e9 assassin\u00e9. Affaibli depuis les \u00e9v\u00e8nements d\u2019octobre 1988, l\u2019ancien parti unique s\u2019est accroch\u00e9 tant bien que mal sous la pr\u00e9sidence de Zeroual, supplant\u00e9 alors par le RND, pour\u00a0 revenir en force et occuper une position dominante\u00a0 dans l\u2019\u00e9chiquier politique avec l\u2019arriv\u00e9e du pr\u00e9sident Bouteflika aux commandes du pays.<\/div>\n<\/div>\n<p>Auteur: Ismain<br \/>\n<a href=\"https:\/\/www.reflexiondz.net\/ELLE-VEUT-LE-VOIR-AU-MUSEE-DE-L-HISTOIRE-L-Organisation-des-moudjahidine-exige-la-liberation-du-FLN_a55080.html\">Cliquez ici pour lire l&rsquo;article depuis sa source.<\/a><\/p>\n","protected":false},"excerpt":{"rendered":"<p>Ainsi, apr\u00e8s son soutien au mouvement populaire de protestation contre le r\u00e9gime, la tr\u00e8s puissante ONM renforce son positionnement contre le syst\u00e8me finissant en appelant \u00e0 la restitution du FLN \u00e0 la m\u00e9moire collective du peuple alg\u00e9rien. \u00ab Le Mouvement de protestation n\u2019exprime pas seulement\u00a0 des revendications nationales l\u00e9gitimes, autant qu\u2019il constitue un r\u00e9f\u00e9rendum populaire [&hellip;]<\/p>\n","protected":false},"author":1740,"featured_media":0,"comment_status":"closed","ping_status":"closed","sticky":false,"template":"","format":"standard","meta":{"fifu_image_url":"","fifu_image_alt":"","footnotes":""},"categories":[53,76],"tags":[],"class_list":["post-23755","post","type-post","status-publish","format-standard","hentry","category-algerie","category-regions"],"_links":{"self":[{"href":"https:\/\/linitiative.ca\/International\/wp-json\/wp\/v2\/posts\/23755","targetHints":{"allow":["GET"]}}],"collection":[{"href":"https:\/\/linitiative.ca\/International\/wp-json\/wp\/v2\/posts"}],"about":[{"href":"https:\/\/linitiative.ca\/International\/wp-json\/wp\/v2\/types\/post"}],"author":[{"embeddable":true,"href":"https:\/\/linitiative.ca\/International\/wp-json\/wp\/v2\/users\/1740"}],"replies":[{"embeddable":true,"href":"https:\/\/linitiative.ca\/International\/wp-json\/wp\/v2\/comments?post=23755"}],"version-history":[{"count":0,"href":"https:\/\/linitiative.ca\/International\/wp-json\/wp\/v2\/posts\/23755\/revisions"}],"wp:attachment":[{"href":"https:\/\/linitiative.ca\/International\/wp-json\/wp\/v2\/media?parent=23755"}],"wp:term":[{"taxonomy":"category","embeddable":true,"href":"https:\/\/linitiative.ca\/International\/wp-json\/wp\/v2\/categories?post=23755"},{"taxonomy":"post_tag","embeddable":true,"href":"https:\/\/linitiative.ca\/International\/wp-json\/wp\/v2\/tags?post=23755"}],"curies":[{"name":"wp","href":"https:\/\/api.w.org\/{rel}","templated":true}]}}