{"id":23774,"date":"2019-03-24T04:37:19","date_gmt":"2019-03-24T08:37:19","guid":{"rendered":"https:\/\/linitiative.ca\/International\/pour-avoir-affiche-leur-adhesion-au-mouvement-populaire-des-magistrats-menaces-de-sanctions\/"},"modified":"2019-03-24T04:37:19","modified_gmt":"2019-03-24T08:37:19","slug":"pour-avoir-affiche-leur-adhesion-au-mouvement-populaire-des-magistrats-menaces-de-sanctions","status":"publish","type":"post","link":"https:\/\/linitiative.ca\/International\/pour-avoir-affiche-leur-adhesion-au-mouvement-populaire-des-magistrats-menaces-de-sanctions\/","title":{"rendered":"Pour avoir affich\u00e9 leur adh\u00e9sion au mouvement populaire : Des magistrats menac\u00e9s de sanctions"},"content":{"rendered":"<h4 class=\"title-14\"\/>\n<p class=\"p1\"><span class=\"s1\"><strong>M<\/strong><\/span>enaces, pressions, sanctions\u2026 Des magistrats ayant adh\u00e9r\u00e9 au mouvement populaire, r\u00e9clamant, depuis plus d\u2019un mois, le d\u00e9part du syst\u00e8me, sont, depuis quelques jours, sous la menace. Le ministre de la Justice, Tayeb Louh, et des pr\u00e9sidents des cours sont accus\u00e9s de vouloir se <em>\u00abvenger\u00bb<\/em> des juges qui <em>\u00abn\u2019ont pas respect\u00e9 le droit de r\u00e9serve\u00bb<\/em> en se d\u00e9clarant publiquement favorables au mouvement et en refusant d\u2019appliquer des instructions de condamner des manifestants arr\u00eat\u00e9s lors des marches.<\/p>\n<p class=\"p1\">En effet, des organisations des droits de l\u2019homme et des syndicats des juges \u00e9voquent l\u2019existence de premi\u00e8res mesures disciplinaires \u00e0 l\u2019\u00e9gard des magistrats <em>\u00abjug\u00e9s d\u00e9sob\u00e9issants\u00bb<\/em>.<\/p>\n<p class=\"p2\"><span class=\"s2\">Selon la Ligue alg\u00e9rienne pour la d\u00e9fense des droits de l\u2019homme (LADDH), la pr\u00e9sidente de la cour de Tipasa est d\u00e9j\u00e0 pass\u00e9e \u00e0 l\u2019action en mettant des juges sous haute pression. Elle a prof\u00e9r\u00e9, selon la m\u00eame source, des menaces \u00e0 l\u2019\u00e9gard de ceux qui ont manifest\u00e9 publiquement. <em>\u00abLa LADDH apprend que des juges pr\u00e8s la cour de Tipasa sont sous la menace de mesures conservatoires de la part de la pr\u00e9sidente de la cour.<\/em><\/span><\/p>\n<p class=\"p2\"><span class=\"s2\"><em>Des suspensions et des mutations seraient en pr\u00e9paration contre eux. Cette pr\u00e9sidente reproche aux juges leur ralliement \u00e0 la cause du peuple et d\u2019avoir tenu un rassemblement pacifique devant la cour, dimanche 17 mars 2019\u00bb<\/em>, explique la Ligue que pr\u00e9side Noureddine Benissad dans un communiqu\u00e9 rendu public, hier. L\u2019organisation, selon le m\u00eame communiqu\u00e9, d\u00e9nonce <em>\u00abcette approche autoritaire qui porte le sceau de l\u2019abus et du non-sens\u00bb. \u00abElle<\/em> (la LADDH, ndlr) <em>exprime sa solidarit\u00e9 aux juges et se f\u00e9licite de leur prise de position en faveur des revendications l\u00e9gitimes des citoyens et citoyennes alg\u00e9riens\u00bb<\/em>, lit-on dans le m\u00eame document.<\/span><\/p>\n<p class=\"p4\"><strong>86 magistrats auraient \u00e9t\u00e9 radi\u00e9s<\/strong><\/p>\n<p class=\"p2\">Outre le cas de Tipasa, des sources \u00e9voquent m\u00eame la radiation de certains magistrats. Non confirm\u00e9e officiellement, l\u2019information \u00e9voque la sanction d\u2019environ 86 juges sur d\u00e9cision du ministre de la Justice, qui avait appel\u00e9, il y a quelques jours, les magistrats <em>\u00ab\u00e0 rester neutres\u00bb<\/em>. En tout cas, les pressions existent dans le corps des juges. C\u2019est ce qu\u2019a confirm\u00e9 le Club des magistrats qui avait mis en garde, jeudi dernier, contre une <em>\u00abvolont\u00e9 de dresser une liste des hommes de loi qui manifestent en vue de les sanctionner\u00bb<\/em>.<\/p>\n<p class=\"p2\">Le Club des magistrats invite aussi les <em>\u00abjuges \u00e0 refuser les instructions et les injonctions de n\u2019importe quelle partie\u00bb<\/em>. Le procureur de la R\u00e9publique pr\u00e8s le tribunal de Sidi M\u2019hamed a invit\u00e9 aussi ses confr\u00e8res \u00e0 ne r\u00e9pondre <em>\u00abqu\u2019\u00e0 leur conscience et \u00e0 la loi\u00bb<\/em> en pronon\u00e7ant des jugements. <em>\u00abL\u2019ind\u00e9pendance de la justice ne se fait pas seulement avec des d\u00e9clarations. C\u2019est une conviction qui suppose aussi des engagements et des sacrifices\u00bb<\/em>, lance-t-il, pr\u00e9cisant que <em>\u00abl\u2019Alg\u00e9rie de l\u2019apr\u00e8s-22 f\u00e9vrier refuse de dicter aux juges des instructions\u00bb. \u00abN\u2019ayez crainte ! Le peuple vous soutient et veut que la justice soit ind\u00e9pendante.\u00bb<\/em><\/p>\n<div class=\"yuzo_related_post style-1\" data-version=\"5.12.88\">\n<p><h3>Related Post<\/h3>\n<\/p>\n<div class=\"yuzo_wraps\">\n<div class=\"relatedthumb relatedpost-485307 c11\"><a href=\"https:\/\/www.elwatan.com\/edition\/contributions\/un-capital-precieux-menace-par-de-multiples-aleas-05-01-2019\"\/><\/p>\n<p><span class=\"yuzo__text--title c10\">Un capital pr\u00e9cieux menac\u00e9 par de multiples al\u00e9as&#8230;<\/span><\/div>\n<div class=\"relatedthumb relatedpost-354090 c11\"><a href=\"https:\/\/www.elwatan.com\/edition\/sports\/mjs-des-etats-generaux-sur-le-sport-en-janvier-19-12-2018\"\/><\/p>\n<p><span class=\"yuzo__text--title c10\">MJS : Des \u00e9tats g\u00e9n\u00e9raux sur le sport en janvier&#8230;<\/span><\/div>\n<div class=\"relatedthumb relatedpost-166376 c11\"><a href=\"https:\/\/www.elwatan.com\/regions\/est\/actu-est\/encombrement-et-anarchie-au-quotidien-29-11-2018\"\/><\/p>\n<p><span class=\"yuzo__text--title c10\">Encombrement et anarchie au quotidien<\/span><\/div>\n<div class=\"relatedthumb relatedpost-553251 c11\"><a href=\"https:\/\/www.elwatan.com\/edition\/sports\/csc-cabba-une-repetition-generale-avant-le-tp-mazembe-15-01-2019\"\/><\/p>\n<p><span class=\"yuzo__text--title c10\">CSC \u2013 CABBA :\u00a0Une r\u00e9p\u00e9tition g\u00e9n\u00e9rale avant le TP &#8230;<\/span><\/div>\n<\/div>\n<\/div>\n<p><span class=\"post-views-label\">Post Views:<\/span> <span class=\"post-views-count\">6\u00a0068<\/span><\/p>\n<p>Auteur: Hicham Chouadria<br \/>\n<a href=\"https:\/\/www.elwatan.com\/edition\/actualite\/pour-avoir-affiche-leur-adhesion-au-mouvement-populaire-des-magistrats-menaces-de-sanctions-24-03-2019\">Cliquez ici pour lire l&rsquo;article depuis sa source.<\/a><\/p>\n","protected":false},"excerpt":{"rendered":"<p>Menaces, pressions, sanctions\u2026 Des magistrats ayant adh\u00e9r\u00e9 au mouvement populaire, r\u00e9clamant, depuis plus d\u2019un mois, le d\u00e9part du syst\u00e8me, sont, depuis quelques jours, sous la menace. Le ministre de la Justice, Tayeb Louh, et des pr\u00e9sidents des cours sont accus\u00e9s de vouloir se \u00abvenger\u00bb des juges qui \u00abn\u2019ont pas respect\u00e9 le droit de r\u00e9serve\u00bb en [&hellip;]<\/p>\n","protected":false},"author":1743,"featured_media":0,"comment_status":"closed","ping_status":"closed","sticky":false,"template":"","format":"standard","meta":{"fifu_image_url":"","fifu_image_alt":"","footnotes":""},"categories":[73,53],"tags":[],"class_list":["post-23774","post","type-post","status-publish","format-standard","hentry","category-actualite","category-algerie"],"_links":{"self":[{"href":"https:\/\/linitiative.ca\/International\/wp-json\/wp\/v2\/posts\/23774","targetHints":{"allow":["GET"]}}],"collection":[{"href":"https:\/\/linitiative.ca\/International\/wp-json\/wp\/v2\/posts"}],"about":[{"href":"https:\/\/linitiative.ca\/International\/wp-json\/wp\/v2\/types\/post"}],"author":[{"embeddable":true,"href":"https:\/\/linitiative.ca\/International\/wp-json\/wp\/v2\/users\/1743"}],"replies":[{"embeddable":true,"href":"https:\/\/linitiative.ca\/International\/wp-json\/wp\/v2\/comments?post=23774"}],"version-history":[{"count":0,"href":"https:\/\/linitiative.ca\/International\/wp-json\/wp\/v2\/posts\/23774\/revisions"}],"wp:attachment":[{"href":"https:\/\/linitiative.ca\/International\/wp-json\/wp\/v2\/media?parent=23774"}],"wp:term":[{"taxonomy":"category","embeddable":true,"href":"https:\/\/linitiative.ca\/International\/wp-json\/wp\/v2\/categories?post=23774"},{"taxonomy":"post_tag","embeddable":true,"href":"https:\/\/linitiative.ca\/International\/wp-json\/wp\/v2\/tags?post=23774"}],"curies":[{"name":"wp","href":"https:\/\/api.w.org\/{rel}","templated":true}]}}