{"id":23777,"date":"2019-03-24T04:40:14","date_gmt":"2019-03-24T08:40:14","guid":{"rendered":"https:\/\/linitiative.ca\/International\/me-ahmed-sai-president-de-lunion-nationale-des-barreaux-dalgerie-la-journee-du-23-mars-dediee-a-la-mobilisation-pour-un-etat-de-droit\/"},"modified":"2019-03-24T04:40:14","modified_gmt":"2019-03-24T08:40:14","slug":"me-ahmed-sai-president-de-lunion-nationale-des-barreaux-dalgerie-la-journee-du-23-mars-dediee-a-la-mobilisation-pour-un-etat-de-droit","status":"publish","type":"post","link":"https:\/\/linitiative.ca\/International\/me-ahmed-sai-president-de-lunion-nationale-des-barreaux-dalgerie-la-journee-du-23-mars-dediee-a-la-mobilisation-pour-un-etat-de-droit\/","title":{"rendered":"Me Ahmed Sa\u00ef. Pr\u00e9sident de l\u2019Union nationale des barreaux d\u2019Alg\u00e9rie : \u00abLa journ\u00e9e du 23 mars d\u00e9di\u00e9e \u00e0 la mobilisation pour un Etat de droit\u00bb"},"content":{"rendered":"<h4 class=\"title-14\"\/>\n<p class=\"p3\"><strong><em>Une marche nationale des avocats a eu lieu hier \u00e0 Alger, alors que pratiquement tous les jours les avocats des barreaux d\u2019Alg\u00e9rie manifestent dans les wilayas du pays. Qu\u2019en est-il au juste ?<\/em><\/strong><\/p>\n<p class=\"p3\">En fait, nous voulons que la mobilisation ne s\u2019arr\u00eate pas durant les jours de semaine, mais en m\u00eame temps, nous avons pr\u00e9f\u00e9r\u00e9 que cette ann\u00e9e, pour le 23 mars, qui est la Journ\u00e9e nationale de l\u2019avocat, soit marqu\u00e9e de mani\u00e8re tr\u00e8s particuli\u00e8re. Chaque ann\u00e9e, nous organisions des c\u00e9r\u00e9monies au niveau des barreaux du pays, \u00e0 la m\u00e9moire de Ali Boumendjel, assassin\u00e9 le 23 mars 1957 par l\u2019arm\u00e9e fran\u00e7aise \u00e0 Alger.<\/p>\n<p class=\"p3\">Mais, cette fois-ci, avec le mouvement de contestation populaire que vit le pays, nous avons d\u00e9cid\u00e9 que cette journ\u00e9e du 23 mars soit d\u00e9di\u00e9e \u00e0 la mobilisation. Un appel a \u00e9t\u00e9 lanc\u00e9 \u00e0 tous les avocats des 21 barreaux que compte l\u2019Union \u00e0 travers le pays, pour qu\u2019ils rejoignent la capitale pour une marche nationale, appuyant les revendications du peuple alg\u00e9rien pour un changement de r\u00e9gime et un Etat de droit. Tous les slogans choisis vont dans ce sens.<\/p>\n<p class=\"p3\"><em><strong>Quelle \u00e9valuation faites-vous de cette marche ?<\/strong><\/em><\/p>\n<p class=\"p3\">Pour nous, c\u2019est une r\u00e9ussite totale. Il y a eu des milliers d\u2019avocats venus de toutes les r\u00e9gions du pays, de Maghnia, de T\u00e9bessa, de Tamanrasset, de Ouargla, de Constantine, de Skikda, de Jijel, de Batna, etc. Jamais autant d\u2019avocats ne se sont rassembl\u00e9s dans la rue. Nous ne sommes pas \u00e0 notre premi\u00e8re action en tant qu\u2019Union. Nous avions appel\u00e9 \u00e0 un boycott des tribunaux et des cours durant quatre jours, et l\u2019action a \u00e9t\u00e9 suivie par l\u2019ensemble des avocats. Il faut dire que la corporation est vraiment consciente de son r\u00f4le au sein de la soci\u00e9t\u00e9 et particuli\u00e8rement en ces moments cruciaux pour le pays.<\/p>\n<p class=\"p3\">Elle est unie dans l\u2019action et le mouvement. Pour nous, c\u2019est une phase importante qu\u2019il faudra accompagner. Nous ferons en sorte que la mobilisation ne s\u2019arr\u00eate pas. Nous avons propos\u00e9 des solutions de sortie de crise, lors de la r\u00e9union de l\u2019Union, qui a \u00e9t\u00e9 sanctionn\u00e9e par une s\u00e9rie d\u2019actions, dont le boycott des activit\u00e9s judiciaires. Le pays a suffisamment de forces, dont les avocats, qui peuvent jouer un r\u00f4le pr\u00e9pond\u00e9rant dans la r\u00e9solution de cette crise qu\u2019il traverse.<\/p>\n<p class=\"p3\"><em><strong>Quelle sera votre prochaine action pour \u00e9viter que la mobilisation ne baisse ?<\/strong><\/em><\/p>\n<p class=\"p3\">Nous nous r\u00e9unissons r\u00e9guli\u00e8rement pour \u00e9valuer la situation et d\u00e9cider des actions \u00e0 mener. Il est certain que, dans les jours \u00e0 venir, il y aura d\u2019autres mesures. L\u2019assembl\u00e9e g\u00e9n\u00e9rale extraordinaire de l\u2019Union est toujours ouverte. La mobilisation est pour nous capitale.<span class=\"Apple-converted-space\">\u00a0<\/span><\/p>\n<div class=\"yuzo_related_post style-1\" data-version=\"5.12.88\">\n<p><h3>Related Post<\/h3>\n<\/p>\n<div class=\"yuzo_wraps\">\n<div class=\"relatedthumb relatedpost-557261 c11\"><a href=\"https:\/\/www.elwatan.com\/edition\/actualite\/hamid-ferhi-coordinateur-du-mds-enterre-jeudi-a-sidi-fredj-ladieu-au-camarade-09-02-2019\"\/><\/p>\n<p><span class=\"yuzo__text--title c10\">Hamid Ferhi, coordinateur du MDS, enterr\u00e9 jeudi \u00e0 &#8230;<\/span><\/div>\n<div class=\"relatedthumb relatedpost-554161 c11\"><a href=\"https:\/\/www.elwatan.com\/edition\/sports\/le-nasria-decide-a-renverser-la-situation-20-01-2019\"\/><\/p>\n<p><span class=\"yuzo__text--title c10\">Le Nasria d\u00e9cid\u00e9 \u00e0 renverser la situation<\/span><\/div>\n<div class=\"relatedthumb relatedpost-557683 c11\"><a href=\"https:\/\/www.elwatan.com\/regions\/centre\/alger\/rehabilitation-du-vieux-bati-a-alger-plus-de-5600-milliards-de-centimes-debloques-11-02-2019\"\/><\/p>\n<p><span class=\"yuzo__text--title c10\">R\u00e9habilitation du vieux b\u00e2ti \u00e0 Alger : Plus de 560&#8230;<\/span><\/div>\n<div class=\"relatedthumb relatedpost-564821 c11\"><a href=\"https:\/\/www.elwatan.com\/a-la-une\/alors-qu-ils-marchent-aujourdhui-a-alger-et-dans-dautres-wilayas-du-pays-les-etudiants-toujours-mobilises-pour-maintenir-la-pression-19-03-2019\"\/><\/p>\n<p><span class=\"yuzo__text--title c10\">Alors qu\u2019ils marchent aujourd\u2019hui \u00e0 Alger et&#8230;<\/span><\/div>\n<\/div>\n<\/div>\n<p><span class=\"post-views-label\">Post Views:<\/span> <span class=\"post-views-count\">684<\/span><\/p>\n<p>Auteur: Hicham Chouadria<br \/>\n<a href=\"https:\/\/www.elwatan.com\/edition\/actualite\/me-ahmed-sai-president-de-lunion-nationale-des-barreaux-dalgerie-la-journee-du-23-mars-dediee-a-la-mobilisation-pour-un-etat-de-droit-24-03-2019\">Cliquez ici pour lire l&rsquo;article depuis sa source.<\/a><\/p>\n","protected":false},"excerpt":{"rendered":"<p>Une marche nationale des avocats a eu lieu hier \u00e0 Alger, alors que pratiquement tous les jours les avocats des barreaux d\u2019Alg\u00e9rie manifestent dans les wilayas du pays. Qu\u2019en est-il au juste ? En fait, nous voulons que la mobilisation ne s\u2019arr\u00eate pas durant les jours de semaine, mais en m\u00eame temps, nous avons pr\u00e9f\u00e9r\u00e9 [&hellip;]<\/p>\n","protected":false},"author":1743,"featured_media":0,"comment_status":"closed","ping_status":"closed","sticky":false,"template":"","format":"standard","meta":{"fifu_image_url":"","fifu_image_alt":"","footnotes":""},"categories":[73,53],"tags":[],"class_list":["post-23777","post","type-post","status-publish","format-standard","hentry","category-actualite","category-algerie"],"_links":{"self":[{"href":"https:\/\/linitiative.ca\/International\/wp-json\/wp\/v2\/posts\/23777","targetHints":{"allow":["GET"]}}],"collection":[{"href":"https:\/\/linitiative.ca\/International\/wp-json\/wp\/v2\/posts"}],"about":[{"href":"https:\/\/linitiative.ca\/International\/wp-json\/wp\/v2\/types\/post"}],"author":[{"embeddable":true,"href":"https:\/\/linitiative.ca\/International\/wp-json\/wp\/v2\/users\/1743"}],"replies":[{"embeddable":true,"href":"https:\/\/linitiative.ca\/International\/wp-json\/wp\/v2\/comments?post=23777"}],"version-history":[{"count":0,"href":"https:\/\/linitiative.ca\/International\/wp-json\/wp\/v2\/posts\/23777\/revisions"}],"wp:attachment":[{"href":"https:\/\/linitiative.ca\/International\/wp-json\/wp\/v2\/media?parent=23777"}],"wp:term":[{"taxonomy":"category","embeddable":true,"href":"https:\/\/linitiative.ca\/International\/wp-json\/wp\/v2\/categories?post=23777"},{"taxonomy":"post_tag","embeddable":true,"href":"https:\/\/linitiative.ca\/International\/wp-json\/wp\/v2\/tags?post=23777"}],"curies":[{"name":"wp","href":"https:\/\/api.w.org\/{rel}","templated":true}]}}