{"id":23798,"date":"2019-03-24T06:00:00","date_gmt":"2019-03-24T10:00:00","guid":{"rendered":"https:\/\/linitiative.ca\/International\/demaquillez-vous\/"},"modified":"2019-03-24T06:00:00","modified_gmt":"2019-03-24T10:00:00","slug":"demaquillez-vous","status":"publish","type":"post","link":"https:\/\/linitiative.ca\/International\/demaquillez-vous\/","title":{"rendered":"D\u00e9maquillez-vous !"},"content":{"rendered":"<p>Il est absolument indispensable de nettoyer sa peau, en particulier le soir, avant d\u2019aller se coucher, et ce m\u00eame lorsque l\u2019on ne se maquille pas. Les bact\u00e9ries qui se d\u00e9posent sur la peau durant la journ\u00e9e, le maquillage, la poussi\u00e8re peuvent irriter l\u2019\u00e9piderme et boucher les pores durant la nuit.<br \/>Nettoyez votre visage avec de l\u2019eau fra\u00eeche pour tonifier la peau et un produit lavant doux pour ne pas l\u2019agresser. Appliquer ensuite une cr\u00e8me hydratante. Si vous utilisez un masque nettoyant, laissez respirer la peau.<\/p>\n<p><strong>Peau jeune : changez de cr\u00e8me !<\/strong><br \/>Une fois que vous avez trouv\u00e9 la cr\u00e8me qui vous convient, vous avez tendance \u00e0 la garder et \u00e0 acheter toujours la m\u00eame et, bien que l\u2019on ait toutes ce r\u00e9flexe, il faut toutefois perdre cette habitude ! Rien de mieux pour la peau que de changer de cr\u00e8me tous les 6 \u00e0 12 mois pour redonner un coup de fouet \u00e0 votre teint (et peut-\u00eatre vous rendre compte que vous avez trouv\u00e9 encore mieux !). Toutes les cr\u00e8mes sont diff\u00e9rentes et votre peau sera ravie de changer d\u2019air !<\/p>\n<p><strong>Cheveux gras et masque\u00a0<\/strong><br \/>Pour les cheveux secs \u00e0 tr\u00e8s secs, on conseille un masque, au minimum une fois par semaine, id\u00e9alement, \u00e0 chaque lavage pour pouvoir hydrater la chevelure en profondeur et r\u00e9parer la fibre capillaire. Pour les cheveux gras, cependant,\u00a0 \u00a0un masque par semaine est conseill\u00e9 en faisant attention \u00e0 l&rsquo;application. On \u00e9vite, imp\u00e9rativement, d&rsquo;en mettre sur les racines, pour l&rsquo;effet gras, et on insiste sur les pointes et le reste des cheveux.<\/p>\n<p>Auteur:<br \/>\n<a href=\"https:\/\/www.lesoirdalgerie.com\/femme-magazine\/demaquillez-vous-21089\">Cliquez ici pour lire l&rsquo;article depuis sa source.<\/a><\/p>\n","protected":false},"excerpt":{"rendered":"<p>Il est absolument indispensable de nettoyer sa peau, en particulier le soir, avant d\u2019aller se coucher, et ce m\u00eame lorsque l\u2019on ne se maquille pas. Les bact\u00e9ries qui se d\u00e9posent sur la peau durant la journ\u00e9e, le maquillage, la poussi\u00e8re peuvent irriter l\u2019\u00e9piderme et boucher les pores durant la nuit.Nettoyez votre visage avec de l\u2019eau [&hellip;]<\/p>\n","protected":false},"author":1741,"featured_media":0,"comment_status":"closed","ping_status":"closed","sticky":false,"template":"","format":"standard","meta":{"fifu_image_url":"","fifu_image_alt":"","footnotes":""},"categories":[73,53],"tags":[],"class_list":["post-23798","post","type-post","status-publish","format-standard","hentry","category-actualite","category-algerie"],"_links":{"self":[{"href":"https:\/\/linitiative.ca\/International\/wp-json\/wp\/v2\/posts\/23798","targetHints":{"allow":["GET"]}}],"collection":[{"href":"https:\/\/linitiative.ca\/International\/wp-json\/wp\/v2\/posts"}],"about":[{"href":"https:\/\/linitiative.ca\/International\/wp-json\/wp\/v2\/types\/post"}],"author":[{"embeddable":true,"href":"https:\/\/linitiative.ca\/International\/wp-json\/wp\/v2\/users\/1741"}],"replies":[{"embeddable":true,"href":"https:\/\/linitiative.ca\/International\/wp-json\/wp\/v2\/comments?post=23798"}],"version-history":[{"count":0,"href":"https:\/\/linitiative.ca\/International\/wp-json\/wp\/v2\/posts\/23798\/revisions"}],"wp:attachment":[{"href":"https:\/\/linitiative.ca\/International\/wp-json\/wp\/v2\/media?parent=23798"}],"wp:term":[{"taxonomy":"category","embeddable":true,"href":"https:\/\/linitiative.ca\/International\/wp-json\/wp\/v2\/categories?post=23798"},{"taxonomy":"post_tag","embeddable":true,"href":"https:\/\/linitiative.ca\/International\/wp-json\/wp\/v2\/tags?post=23798"}],"curies":[{"name":"wp","href":"https:\/\/api.w.org\/{rel}","templated":true}]}}