{"id":23801,"date":"2019-03-24T10:51:30","date_gmt":"2019-03-24T14:51:30","guid":{"rendered":"https:\/\/linitiative.ca\/International\/najia-mehadji-linsoutenable-legerete-du-geste\/"},"modified":"2019-03-24T10:51:30","modified_gmt":"2019-03-24T14:51:30","slug":"najia-mehadji-linsoutenable-legerete-du-geste","status":"publish","type":"post","link":"https:\/\/linitiative.ca\/International\/najia-mehadji-linsoutenable-legerete-du-geste\/","title":{"rendered":"Najia Mehadji : l\u2019insoutenable l\u00e9g\u00e8ret\u00e9 du geste !"},"content":{"rendered":"<p class=\"p1\">Apr\u00e8s le Mus\u00e9e d\u2019Art Moderne du C\u00e9ret, c\u2019est les cimaises des Villas des Arts de Casablanca (du 7 mars au 31 mai 2019) et de Rabat ( du 8 mars au 31 mai 2019) qui accueillent la grande r\u00e9trospective de <strong>Najia Mehadji<\/strong>. Survol des facettes d\u2019une palette inclassable !<span class=\"Apple-converted-space\">\u00a0\u00a0<\/span><\/p>\n<div class=\"c10\"\/>\n<p class=\"p1\">L\u2019\u00e9t\u00e9 2018, le Mus\u00e9e d\u2019Art Moderne de C\u00e9ret du Sud de la France a ouvert ses portes pour une r\u00e9trospective in\u00e9dite, consacr\u00e9e \u00e0 l\u2019artiste internationale Najia Mehadji, du 30 juin au 4 novembre 2018. Curet\u00e9e par sa conservatrice en chef, Nathalie Gallissot, l\u2019accrochage a attir\u00e9 pas moins de 35.OOO visiteurs. Apr\u00e8s la France, c\u2019est les capitales \u00e9conomique et administrative du Royaume, Casablanca et Rabat, qui abritent deux accrochages compl\u00e9mentaires qui font suite \u00e0 <em>\u00abla trace et le souffle\u00bb : \u00abLe Trait et la Forme, 1985-2018\u00bb et \u00abLe flux et la danse\u00bb<\/em>. Des titres \u00e9vocateurs du parcours d\u2019une artiste qui mixe l\u2019Orient et l\u2019Occident.<\/p>\n<p class=\"p2\"><span class=\"s1\"><img loading=\"lazy\" decoding=\"async\" class=\"alignright size-medium wp-image-106561\" src=\"https:\/\/www.challenge.ma\/wp-content\/uploads\/2019\/03\/Najia-Mehadji-2-300x222.jpg\" alt=\"\" width=\"300\" height=\"222\" srcset=\"https:\/\/www.challenge.ma\/wp-content\/uploads\/2019\/03\/Najia-Mehadji-2-300x222.jpg 300w, https:\/\/www.challenge.ma\/wp-content\/uploads\/2019\/03\/Najia-Mehadji-2-768x568.jpg 768w, https:\/\/www.challenge.ma\/wp-content\/uploads\/2019\/03\/Najia-Mehadji-2-360x266.jpg 360w, https:\/\/www.challenge.ma\/wp-content\/uploads\/2019\/03\/Najia-Mehadji-2-750x554.jpg 750w, https:\/\/www.challenge.ma\/wp-content\/uploads\/2019\/03\/Najia-Mehadji-2.jpg 828w\" sizes=\"auto, (max-width: 300px) 100vw, 300px\"\/>Fruit d\u2019un couple mixte, un papa originaire de F\u00e8s, capitale spirituelle du Royaume, et une maman fran\u00e7aise, Najia Mehadji est n\u00e9e en 1950 \u00e0 Paris. Tr\u00e8s jeune, elle s\u2019int\u00e9resse au dessin et peint, \u00e0 l\u2019\u00e2ge de dix ans, des marines inspir\u00e9es des vacances familiales sur les c\u00f4tes atlantiques ou m\u00e9diterran\u00e9ennes.<\/span><\/p>\n<p class=\"p2\"><span class=\"s1\">Apr\u00e8s des \u00e9tudes en <strong>arts plastiques et esth\u00e9tiques<\/strong> \u00e0 la Sorbonne, ses rencontres des figures marquantes de l\u2019effervescence culturelle des ann\u00e9es soixante-dix, elle se passionne pour le th\u00e9\u00e2tre exp\u00e9rimental et la chor\u00e9graphie. Intellectuelle qui collabora \u00e0 une revue f\u00e9ministe, curieuse des cultures mondiales, apr\u00e8s de longues ann\u00e9es de pratique picturale, Najia Mehadji finit par se forger son propre style, une synth\u00e8se entre l\u2019histoire de l\u2019art et ses \u00e9coles occidentales et l\u2019imaginaire \u00e0 la fois musulman et oriental en g\u00e9n\u00e9ral. Et le geste fut !<\/span><\/p>\n<p class=\"p4\"><span class=\"s2 c11\">Danses extatiques<\/span><\/p>\n<p class=\"p5\"><span class=\"s2\">J<\/span>\u2019ai d\u00e9couvert, pour la premi\u00e8re fois, les \u0153uvres de l\u2019artiste gr\u00e2ce \u00e0 une exposition qu\u2019a abrit\u00e9e la d\u00e9funte galerie Meltem avec ses catalogues originaux concoct\u00e9s par Nawal Slaoui. Je la retrouve \u00e0 Paris avec les accrochages de l\u2019ann\u00e9e du Maroc en 1999 et puis sur les murs du Taros \u00e0 Essaouira, caf\u00e9 litt\u00e9raire et culturel qu\u2019Alain venait d\u2019ouvrir\u2026 Najia Mehadji, qui expose r\u00e9guli\u00e8rement \u00e0 travers les quatre coins de la plan\u00e8te, a atterri le temps de ses escales marocaines \u00e0 l\u2019Atelier 21, galerie qui soutient le grand hommage de la Fondation ONA. A parcourir les parcours des villas des arts de Casablanca et Rabat, avec une centaine d\u2019oeuvres en provenance de plusieurs collections publiques et priv\u00e9es , on est \u00e9bloui par les \u00abImages\u00bb \u00e9poustouflantes de l\u2019artiste, l\u2019ensemble rehauss\u00e9 d\u2019un joli catalogue \u00e9dit\u00e9 par la Fondation ONA, ainsi que d\u2019un film d\u00e9voilant l\u2019artiste dans son atelier et son intimit\u00e9, r\u00e9alis\u00e9 par la complice Brigitte Huault-Delannoy.<\/p>\n<p class=\"p2\"><img loading=\"lazy\" decoding=\"async\" class=\"alignright size-medium wp-image-106560\" src=\"https:\/\/www.challenge.ma\/wp-content\/uploads\/2019\/03\/Najia-Mehadji-1-300x142.jpg\" alt=\"\" width=\"300\" height=\"142\" srcset=\"https:\/\/www.challenge.ma\/wp-content\/uploads\/2019\/03\/Najia-Mehadji-1-300x142.jpg 300w, https:\/\/www.challenge.ma\/wp-content\/uploads\/2019\/03\/Najia-Mehadji-1-768x363.jpg 768w, https:\/\/www.challenge.ma\/wp-content\/uploads\/2019\/03\/Najia-Mehadji-1-360x170.jpg 360w, https:\/\/www.challenge.ma\/wp-content\/uploads\/2019\/03\/Najia-Mehadji-1-750x354.jpg 750w, https:\/\/www.challenge.ma\/wp-content\/uploads\/2019\/03\/Najia-Mehadji-1.jpg 845w\" sizes=\"auto, (max-width: 300px) 100vw, 300px\"\/>Najia Mehadji, parlant de sa premi\u00e8re r\u00e9trospective en France d\u00e9clare, <em>\u00ab Cette exposition au mus\u00e9e de C\u00e9ret est tr\u00e8s importante pour moi, car elle repr\u00e9sente une \u00e9tape signifiante qui montre que le chaos int\u00e9rieur a \u00e9t\u00e9 surmont\u00e9, pour suivre une trace, un souffle qui sont mes guides. Il y a une petite musique, comme un refrain qui r\u00e9sonne dans chacune de mes oeuvres. De plus, je pense que cette exposition ira voyager au Maroc, ce qui m\u2019apporte une grande joie. \u00bb<\/em> une joie largement partag\u00e9e par le public et les fid\u00e8les de son univers.<\/p>\n<p class=\"p2\">L\u2019artiste, avec son style minimaliste, le d\u00e9pouillement de ses traces sur la toile, nous r\u00e9sume \u00e0 sa mani\u00e8re sa vision du monde. En cherchant l\u2019essentiel, en commen\u00e7ant par le particulier qui embrasse l\u2019universel, en synth\u00e9tisant les cr\u00e9ations humaines appartenant \u00e0 diverses cultures et \u00e9poques\u2026elle nous d\u00e9voile le sens de notre existence. Paris, F\u00e8s, Ispahan, Rome\u2026lui inspirent les formes g\u00e9om\u00e9triques et des architectures qui d\u00e9passent le b\u00e2tir pour figurer le cosmos, l\u2019univers. Avec les fleurs, les p\u00e9tales, leur l\u00e9g\u00e8ret\u00e9 et fragilit\u00e9, elle nous met devant la faiblesse de notre existence. Et puis elle r\u00e9sume l\u2019ensemble avec les danses extatiques ch\u00e8res \u00e0 Nietzsche qui \u00e9crit dans \u00abAinsi parlait Zarathousta\u00bb, <em>\u00ab je consid\u00e8re comme gaspill\u00e9e toute journ\u00e9e o\u00f9 je n\u2019ai pas dans\u00e9<\/em> \u00bb.<\/p>\n<p class=\"p2\">Et si la danse r\u00e9sume notre besoin de se soustraire au chaos du monde? Les oeuvres de l\u2019artiste sont l\u00e9g\u00e8res, fluides, coulantes, minimalistes et surtout belles ! Mais derri\u00e8re chaque trait, chaque geste, chaque \u00e9talage avec ce fameux pinceau cor\u00e9en que l\u2019on dirait une fl\u00fbte indienne, la musique n\u2019est pas loin, il y a le fracas du monde, la Bosnie, le terrorisme\u2026! Comment pouvait-elle faire autrement quand l\u2019actualit\u00e9 vous poursuit dans les retranchements de votre isolement mystique ? Je n\u2019h\u00e9site pas encore \u00e0 la citer, <em>\u00ab Est-ce que l\u2019art peut quelque chose contre la barbarie ? Je pense que oui\u2026 L\u2019art est essentiel \u00e0 l\u2019\u00eatre humain dans les moments tr\u00e8s difficiles, pour soulager la douleur morale ou mentale. Mon \u0153uvre est finalement une forme de r\u00e9sistance, puisqu\u2019elle montre que l\u2019on peut faire la synth\u00e8se entre les arts de toutes les civilisations. \u00bb<\/em> C\u2019est ainsi que Najia Mehadji a atteint l\u2019universel \u00e0 travers le truchement du soufisme qui transcende les dogmes et les religions pour toucher l\u2019universel, l\u2019infini, l\u2019absolu, dans une sorte de mouvement perp\u00e9tuel.<\/p>\n<p class=\"p2\"><span class=\"s3\">Allez admirer les oeuvres dans des espaces ad\u00e9quats des Villas des Arts de Rabat et de Casablanca. Des oeuvres o\u00f9 les \u00e9l\u00e9ments de l\u2019univers se donnent \u00e0 voir dans des calligraphies ind\u00e9chiffrables. A force de regarder, on se laisse emporter, on r\u00eave \u00e9veill\u00e9 et on danse sans bouger. Dionysos, les derviches tourneurs de Jalal Eddine Roumi, les Gnawas et leurs transes\u2026ne sont pas loin ! Avec ces vagues en blanc et bleu, personnellement je vois les mouvements des danses collectives et mixtes d\u2019Ahidous du Moyen Atlas ! L\u2019oeuvre est offerte et chacun peut y voir ce qu\u2019il d\u00e9sire. N\u2019est-ce pas la caract\u00e9ristique m\u00eame de l\u2019oeuvre ouverte th\u00e9oris\u00e9e par Umberto Eco? L\u2019oeuvre a suscit\u00e9 plusieurs reflexions et critiques, les Khatibi, Pascal Amel, Nathalie Gallissot, Bouthaina Azami, Christine Buci Glucksman et autre Mohamed Rachedi qui r\u00e9sume, m\u2019offrent une conclusion pertinente <em>\u00ab Au coeur de l\u2019oeuvre de Najia Mehadji : le corps, l\u2019\u00e9ros et la mystique. Chez elle, tout acte graphique ou pictural s\u2019enracine d\u2019abord et avant tout dans la dynamique du corps dans ce qu\u2019il a de plus vivant et d\u2019anim\u00e9 de pulsion d\u00e9sirante, de plus concr\u00e8tement ancr\u00e9 dans l\u2019ici et maintenant du sensible, mais qui demeure sans cesse tendu vers l\u2019ailleurs, vers l\u2019univers suprasensible. En effet, c\u2019est toujours \u00e0 partir de son propre corps agissant sur des supports mat\u00e9riels, papier ou toile, que l\u2019artiste fait na\u00eetre ses cr\u00e9ations \u00e0 port\u00e9e spirituelle.<\/em> \u00bb\u00a0<\/span><\/p>\n<div class=\"c18\">\n<fieldset class=\"c17\">\n<legend><strong><span class=\"c12\">Challenge<\/span><span class=\"c13\">news<\/span><\/strong><\/legend>\n<div class=\"c16\">Le meilleur de la r\u00e9daction s\u00e9lectionn\u00e9 par Challenge :<\/p>\n<\/div>\n<\/fieldset>\n<\/div>\n<p>Auteur: Najib Salmi<br \/>\n<a href=\"https:\/\/www.challenge.ma\/najia-mehadji-linsoutenable-legerete-du-geste-106551\/\">Cliquez ici pour lire l&rsquo;article depuis sa source.<\/a><\/p>\n","protected":false},"excerpt":{"rendered":"<p>Apr\u00e8s le Mus\u00e9e d\u2019Art Moderne du C\u00e9ret, c\u2019est les cimaises des Villas des Arts de Casablanca (du 7 mars au 31 mai 2019) et de Rabat ( du 8 mars au 31 mai 2019) qui accueillent la grande r\u00e9trospective de Najia Mehadji. Survol des facettes d\u2019une palette inclassable !\u00a0\u00a0 L\u2019\u00e9t\u00e9 2018, le Mus\u00e9e d\u2019Art Moderne [&hellip;]<\/p>\n","protected":false},"author":1787,"featured_media":23802,"comment_status":"closed","ping_status":"closed","sticky":false,"template":"","format":"standard","meta":{"fifu_image_url":"","fifu_image_alt":"","footnotes":""},"categories":[78,54],"tags":[],"class_list":["post-23801","post","type-post","status-publish","format-standard","has-post-thumbnail","hentry","category-economie","category-maroc"],"_links":{"self":[{"href":"https:\/\/linitiative.ca\/International\/wp-json\/wp\/v2\/posts\/23801","targetHints":{"allow":["GET"]}}],"collection":[{"href":"https:\/\/linitiative.ca\/International\/wp-json\/wp\/v2\/posts"}],"about":[{"href":"https:\/\/linitiative.ca\/International\/wp-json\/wp\/v2\/types\/post"}],"author":[{"embeddable":true,"href":"https:\/\/linitiative.ca\/International\/wp-json\/wp\/v2\/users\/1787"}],"replies":[{"embeddable":true,"href":"https:\/\/linitiative.ca\/International\/wp-json\/wp\/v2\/comments?post=23801"}],"version-history":[{"count":0,"href":"https:\/\/linitiative.ca\/International\/wp-json\/wp\/v2\/posts\/23801\/revisions"}],"wp:featuredmedia":[{"embeddable":true,"href":"https:\/\/linitiative.ca\/International\/wp-json\/"}],"wp:attachment":[{"href":"https:\/\/linitiative.ca\/International\/wp-json\/wp\/v2\/media?parent=23801"}],"wp:term":[{"taxonomy":"category","embeddable":true,"href":"https:\/\/linitiative.ca\/International\/wp-json\/wp\/v2\/categories?post=23801"},{"taxonomy":"post_tag","embeddable":true,"href":"https:\/\/linitiative.ca\/International\/wp-json\/wp\/v2\/tags?post=23801"}],"curies":[{"name":"wp","href":"https:\/\/api.w.org\/{rel}","templated":true}]}}