{"id":23807,"date":"2019-03-24T06:27:53","date_gmt":"2019-03-24T10:27:53","guid":{"rendered":"https:\/\/linitiative.ca\/International\/tunisie-greve-des-medecins-dentistes-et-pharmaciens-le-jeudi-4-avril\/"},"modified":"2019-03-24T06:27:53","modified_gmt":"2019-03-24T10:27:53","slug":"tunisie-greve-des-medecins-dentistes-et-pharmaciens-le-jeudi-4-avril","status":"publish","type":"post","link":"https:\/\/linitiative.ca\/International\/tunisie-greve-des-medecins-dentistes-et-pharmaciens-le-jeudi-4-avril\/","title":{"rendered":"Tunisie \u2013 Gr\u00e8ve des m\u00e9decins, dentistes et pharmaciens, le jeudi 4 avril"},"content":{"rendered":"<div class=\"post-cont-in left relative\">\n<div class=\"nc_socialPanel swp_flatFresh swp_d_fullColor swp_i_fullColor swp_o_fullColor scale-100 scale-fullWidth\" data-position=\"none\" data-float=\"floatNone\" data-count=\"5\" data-floatcolor=\"#ffffff\" data-emphasize=\"0\">\n<div class=\"nc_tweetContainer totes totesalt\" data-id=\"6\"><span class=\"swp_count\"><span class=\"swp_label\">Partages<\/span> 68<\/span><\/div>\n<\/div>\n<p>Le syndicat des m\u00e9decins, dentistes et pharmaciens de la Sant\u00e9 publique, a annonc\u00e9 que la gr\u00e8ve pr\u00e9vue le 4 avril prochain est maintenue. Tous les personnels de la sant\u00e9 seront en gr\u00e8ve, sauf les services des urgences.<\/p>\n<p>Le syndicat accuse le gouvernement d\u2019atermoiement, en ce qui concerne leurs revendications professionnelles pr\u00e9sent\u00e9es depuis plus de six mois.<\/p>\n<div class=\"code-block code-block-1 c3\"><ins class=\"adsbygoogle c2\" data-ad-layout=\"in-article\" data-ad-format=\"fluid\" data-ad-client=\"ca-pub-2102118777505746\" data-ad-slot=\"7301775417\"\/> <\/div>\n<div class=\"mvp-org-wrap mvp-org-logo\" itemprop=\"publisher\" itemscope=\"\" itemtype=\"https:\/\/schema.org\/Organization\"><img decoding=\"async\" src=\"https:\/\/www.tunisienumerique.com\/wp-content\/uploads\/2017\/02\/logo_tunisie_numerique.png\"\/><\/div>\n<div class=\"nc_socialPanel swp_flatFresh swp_d_fullColor swp_i_fullColor swp_o_fullColor scale-100 scale-fullWidth\" data-position=\"none\" data-float=\"floatNone\" data-count=\"5\" data-floatcolor=\"#ffffff\" data-emphasize=\"0\">\n<div class=\"nc_tweetContainer totes totesalt\" data-id=\"6\"><span class=\"swp_count\"><span class=\"swp_label\">Partages<\/span> 68<\/span><\/div>\n<\/div>\n<div class=\"mvp-related-posts left relative\">\n<h4 class=\"post-header\"><span class=\"post-header\">Lire aussi<\/span><\/h4>\n<\/div>\n<\/div>\n<p>Auteur: LM<br \/>\n<a href=\"https:\/\/www.tunisienumerique.com\/tunisie-greve-des-medecins-dentistes-et-pharmaciens-le-jeudi-4-avril\/\">Cliquez ici pour lire l&rsquo;article depuis sa source.<\/a><\/p>\n","protected":false},"excerpt":{"rendered":"<p>Partages 68 Le syndicat des m\u00e9decins, dentistes et pharmaciens de la Sant\u00e9 publique, a annonc\u00e9 que la gr\u00e8ve pr\u00e9vue le 4 avril prochain est maintenue. Tous les personnels de la sant\u00e9 seront en gr\u00e8ve, sauf les services des urgences. Le syndicat accuse le gouvernement d\u2019atermoiement, en ce qui concerne leurs revendications professionnelles pr\u00e9sent\u00e9es depuis plus [&hellip;]<\/p>\n","protected":false},"author":1789,"featured_media":23808,"comment_status":"closed","ping_status":"closed","sticky":false,"template":"","format":"standard","meta":{"fifu_image_url":"","fifu_image_alt":"","footnotes":""},"categories":[73,55],"tags":[],"class_list":["post-23807","post","type-post","status-publish","format-standard","has-post-thumbnail","hentry","category-actualite","category-tunisie"],"_links":{"self":[{"href":"https:\/\/linitiative.ca\/International\/wp-json\/wp\/v2\/posts\/23807","targetHints":{"allow":["GET"]}}],"collection":[{"href":"https:\/\/linitiative.ca\/International\/wp-json\/wp\/v2\/posts"}],"about":[{"href":"https:\/\/linitiative.ca\/International\/wp-json\/wp\/v2\/types\/post"}],"author":[{"embeddable":true,"href":"https:\/\/linitiative.ca\/International\/wp-json\/wp\/v2\/users\/1789"}],"replies":[{"embeddable":true,"href":"https:\/\/linitiative.ca\/International\/wp-json\/wp\/v2\/comments?post=23807"}],"version-history":[{"count":0,"href":"https:\/\/linitiative.ca\/International\/wp-json\/wp\/v2\/posts\/23807\/revisions"}],"wp:featuredmedia":[{"embeddable":true,"href":"https:\/\/linitiative.ca\/International\/wp-json\/"}],"wp:attachment":[{"href":"https:\/\/linitiative.ca\/International\/wp-json\/wp\/v2\/media?parent=23807"}],"wp:term":[{"taxonomy":"category","embeddable":true,"href":"https:\/\/linitiative.ca\/International\/wp-json\/wp\/v2\/categories?post=23807"},{"taxonomy":"post_tag","embeddable":true,"href":"https:\/\/linitiative.ca\/International\/wp-json\/wp\/v2\/tags?post=23807"}],"curies":[{"name":"wp","href":"https:\/\/api.w.org\/{rel}","templated":true}]}}