{"id":23823,"date":"2019-03-24T06:25:05","date_gmt":"2019-03-24T10:25:05","guid":{"rendered":"https:\/\/linitiative.ca\/International\/attaque-a-main-armee-entre-diontala-kroumani-dans-la-commune-de-kouka\/"},"modified":"2019-03-24T06:25:05","modified_gmt":"2019-03-24T10:25:05","slug":"attaque-a-main-armee-entre-diontala-kroumani-dans-la-commune-de-kouka","status":"publish","type":"post","link":"https:\/\/linitiative.ca\/International\/attaque-a-main-armee-entre-diontala-kroumani-dans-la-commune-de-kouka\/","title":{"rendered":"\u00a0 \u00a0 \u00a0\u00a0Attaque \u00e0 main arm\u00e9e entre Diontala-Kroumani dans la commune de Kouka"},"content":{"rendered":"<div class=\"td-a-rec td-a-rec-id-content_top td_uid_30_5c97fa2d7c05c_rand td_block_template_1\"><img loading=\"lazy\" decoding=\"async\" class=\"aligncenter size-full wp-image-4463\" src=\"https:\/\/www.sidwaya.info\/wp-content\/uploads\/2019\/02\/FESPACO-TOUR-2019-Bannie%CC%80re-728x90-1.jpg\" alt=\"\" width=\"728\" height=\"90\"\/><\/div>\n<p>Des individus arm\u00e9s non identifi\u00e9s ont attaqu\u00e9 ce matin aux environs de 7h un camion de commer\u00e7ant de b\u00e9tail en provenance de Bobo pour le march\u00e9 de Bena. Ils ont ouvert le feu sur les commer\u00e7ants qui ont r\u00e9ussi \u00e0 s\u2019enfuir.<\/p>\n<p>Seul le v\u00e9hicule a \u00e9t\u00e9 cribl\u00e9 de balles cassant les vitres et heureusement aucune perte en vie humaine et pas de perte d\u2019argent du fait que les commer\u00e7ants ont r\u00e9ussi \u00e0 prendre la tangente.<\/p>\n<p>\u00a0 \u00a0 \u00a0 \u00a0 \u00a0 \u00a0 \u00a0 Salifou Ouedraogo<\/p>\n<p>\u00a0 \u00a0 \u00a0 \u00a0 \u00a0 \u00a0 \u00a0 \u00a0correspondant<\/p>\n<div class=\"td-a-rec td-a-rec-id-content_bottom td_uid_31_5c97fa2d7c1fa_rand td_block_template_1\"><img loading=\"lazy\" decoding=\"async\" class=\"alignright size-full wp-image-1724\" src=\"https:\/\/www.sidwaya.info\/wp-content\/uploads\/2018\/12\/sidwaya-pub.jpg\" alt=\"\" width=\"720\" height=\"90\"\/><\/div>\n<p>Auteur: BS. Sidwaya<br \/>\n<a href=\"https:\/\/www.sidwaya.info\/blog\/2019\/03\/24\/attaque-a-main-armee-entre-diontala-kroumani-dans-la-commune-de-kouka\/\">Cliquez ici pour lire l&rsquo;article depuis sa source.<\/a><\/p>\n","protected":false},"excerpt":{"rendered":"<p>Des individus arm\u00e9s non identifi\u00e9s ont attaqu\u00e9 ce matin aux environs de 7h un camion de commer\u00e7ant de b\u00e9tail en provenance de Bobo pour le march\u00e9 de Bena. Ils ont ouvert le feu sur les commer\u00e7ants qui ont r\u00e9ussi \u00e0 s\u2019enfuir. Seul le v\u00e9hicule a \u00e9t\u00e9 cribl\u00e9 de balles cassant les vitres et heureusement aucune [&hellip;]<\/p>\n","protected":false},"author":1816,"featured_media":23824,"comment_status":"closed","ping_status":"closed","sticky":false,"template":"","format":"standard","meta":{"fifu_image_url":"","fifu_image_alt":"","footnotes":""},"categories":[73,81],"tags":[],"class_list":["post-23823","post","type-post","status-publish","format-standard","has-post-thumbnail","hentry","category-actualite","category-burkina-faso"],"_links":{"self":[{"href":"https:\/\/linitiative.ca\/International\/wp-json\/wp\/v2\/posts\/23823","targetHints":{"allow":["GET"]}}],"collection":[{"href":"https:\/\/linitiative.ca\/International\/wp-json\/wp\/v2\/posts"}],"about":[{"href":"https:\/\/linitiative.ca\/International\/wp-json\/wp\/v2\/types\/post"}],"author":[{"embeddable":true,"href":"https:\/\/linitiative.ca\/International\/wp-json\/wp\/v2\/users\/1816"}],"replies":[{"embeddable":true,"href":"https:\/\/linitiative.ca\/International\/wp-json\/wp\/v2\/comments?post=23823"}],"version-history":[{"count":0,"href":"https:\/\/linitiative.ca\/International\/wp-json\/wp\/v2\/posts\/23823\/revisions"}],"wp:featuredmedia":[{"embeddable":true,"href":"https:\/\/linitiative.ca\/International\/wp-json\/"}],"wp:attachment":[{"href":"https:\/\/linitiative.ca\/International\/wp-json\/wp\/v2\/media?parent=23823"}],"wp:term":[{"taxonomy":"category","embeddable":true,"href":"https:\/\/linitiative.ca\/International\/wp-json\/wp\/v2\/categories?post=23823"},{"taxonomy":"post_tag","embeddable":true,"href":"https:\/\/linitiative.ca\/International\/wp-json\/wp\/v2\/tags?post=23823"}],"curies":[{"name":"wp","href":"https:\/\/api.w.org\/{rel}","templated":true}]}}