{"id":23832,"date":"2019-03-24T16:50:01","date_gmt":"2019-03-24T20:50:01","guid":{"rendered":"https:\/\/linitiative.ca\/International\/equateur-elections-locales-lex-president-correa-accuse-de-destabilisation\/"},"modified":"2019-03-24T16:50:01","modified_gmt":"2019-03-24T20:50:01","slug":"equateur-elections-locales-lex-president-correa-accuse-de-destabilisation","status":"publish","type":"post","link":"https:\/\/linitiative.ca\/International\/equateur-elections-locales-lex-president-correa-accuse-de-destabilisation\/","title":{"rendered":"Equateur: \u00e9lections locales, l\u2019ex-pr\u00e9sident Correa accus\u00e9 de d\u00e9stabilisation"},"content":{"rendered":"<div readability=\"32\">\n<p>Publi\u00e9 le 24.03.2019 \u00e0 21h50 par AFP<\/p>\n<\/div>\n<div readability=\"122\">\n<p>L\u2019Equateur votait dimanche lors d\u2019\u00e9lections locales auxquelles se pr\u00e9sentaient des candidats de l\u2019ex-pr\u00e9sident Rafael Correa, exil\u00e9 en Belgique et que son successeur, Lenin Moreno, a accus\u00e9 de vouloir d\u00e9stabiliser son gouvernement avec l\u2019aide du Venezuela.<\/p>\n<p>La journ\u00e9e \u00e9lectorale se d\u00e9roulait \u00ab\u00a0en toute normalit\u00e9, 100% des bureaux de vote sont install\u00e9s\u00a0\u00bb, a d\u00e9clar\u00e9 la pr\u00e9sidente du Conseil national \u00e9lectoral (CNE), Diana Atamaint, \u00e0 la chaine publique Ecuador TV.<\/p>\n<p>Quelque 13,3 millions d\u2019\u00e9lecteurs \u00e9taient appel\u00e9s \u00e0 voter de 07H00 \u00e0 17H00 locales (12H00 \u00e0 22H00 GMT) pour d\u00e9signer 5.675 \u00e9lus municipaux et provinciaux, dont 221 maires.<\/p>\n<p>Vu le nombre record de 81.278 candidats de 278 partis, les r\u00e9sultats devraient se fragmenter entre une gauche divis\u00e9e et une droite qui se remet d\u2019une d\u00e9cennie de corr\u00e9isme, courant de l\u2019ex-pr\u00e9sident socialiste (2007-2017).<\/p>\n<p>Le CNE devrait diffuser de premiers r\u00e9sultats partiels \u00e0 partir de 20H30 locales (01H30 GMT lundi), les d\u00e9finitifs pouvant tarder plusieurs jours.<\/p>\n<p>Apr\u00e8s l\u2019arriv\u00e9e \u00e0 la pr\u00e9sidence de son ancien alli\u00e9 Lenin Moreno en mai 2017, Rafael Correa est parti en Belgique, d\u2019o\u00f9 est originaire son \u00e9pouse, et a abandonn\u00e9 la majorit\u00e9, dont les divisions ont fractionn\u00e9 la gauche et permis \u00e0 la droite de regagner du terrain.<\/p>\n<p>Durant sa d\u00e9cennie au pouvoir, le corr\u00e9isme a remport\u00e9 14 victoires \u00e9lectorales successives. Mais en 2014, il avait perdu Quito et Cuenca, troisi\u00e8me ville du pays, et il n\u2019a jamais pu rafler Guayaquil, capitale \u00e9conomique, \u00e0 Jaime Nebot, maire de droite depuis 2000 et qui vise la pr\u00e9sidence en 2021.<\/p>\n<p><ins data-revive-zoneid=\"9\" data-revive-id=\"10111e19d28d19d031742ee3b0b33eb0\"\/> <\/p>\n<p>Cette fois, \u00e0 Quito, les sondages donnent l\u2019avantage \u00e0 l\u2019ex-maire Paco Moncayo, de m\u00eame qu\u2019\u00e0 Cuenca \u00e0 l\u2019actuel maire de droite Marcelo Cabrera. A Guayaquil, la droite devrait aussi se maintenir avec Cynthia Viteri, du parti de M. Nebot.<\/p>\n<p>Ces \u00e9lections pourraient \u00eatre marqu\u00e9es par un \u00ab\u00a0virage progressif vers la droite\u00a0\u00bb, selon l\u2019analyste Paolo Moncagatta, de l\u2019universit\u00e9 San Francisco \u00e0 Quito. Il souligne toutefois que M. Correa b\u00e9n\u00e9ficie encore d\u2019un \u00ab\u00a0soutien significatif\u00a0\u00bb qui pourrait s\u2019exprimer ailleurs dans le pays.<\/p>\n<p>\u00ab\u00a0A cet instant, \u00e0 Bruxelles, je vais exercer mon droit de vote. Il ne faut pas perdre espoir ch\u00e8re Patrie!\u00a0\u00bb, a tweet\u00e9 dimanche l\u2019ex-pr\u00e9sident, que Lenin Moreno a accus\u00e9 de vouloir d\u00e9stabiliser son gouvernement et ceux d\u2019autres pays de la r\u00e9gion, avec un financement de Caracas.<\/p>\n<p>\u00ab\u00a0Il y a des tentatives d\u00e9stabilisatrices dirig\u00e9es par les ex-dirigeants d\u2019Equateur et du Venezuela, Rafael Correa et Nicolas Maduro, qui impliquent l\u2019usage de fonds publics pour financer des actions contre le r\u00e9gime d\u00e9mocratique \u00e9quatorien et dans la r\u00e9gion\u00a0\u00bb, a d\u00e9clar\u00e9 vendredi le chef de l\u2019Etat, qui reconna\u00eet l\u2019opposant Juan Guaido comme pr\u00e9sident v\u00e9n\u00e9zu\u00e9lien par int\u00e9rim.<\/p>\n<p>Sous le coup d\u2019un mandat d\u2019arr\u00eat pour le bref enl\u00e8vement en 2012 d\u2019un opposant en Colombie, M. Correa d\u00e9nonce un complot politique orchestr\u00e9 par son successeur.<\/p>\n<p>Une consultation populaire \u00e9tait par ailleurs organis\u00e9e dans le sud andin, sur les activit\u00e9s d\u2019exploitation mini\u00e8re de l\u2019entreprise canadienne INV Metals Inc.<\/p>\n<\/div>\n<p>Auteur: AFP<br \/>\n<a href=\"https:\/\/www.journalducameroun.com\/fr\/equateur-elections-locales-lex-president-correa-accuse-de-destabilisation\/\">Cliquez ici pour lire l&rsquo;article depuis sa source.<\/a><\/p>\n","protected":false},"excerpt":{"rendered":"<p>Publi\u00e9 le 24.03.2019 \u00e0 21h50 par AFP L\u2019Equateur votait dimanche lors d\u2019\u00e9lections locales auxquelles se pr\u00e9sentaient des candidats de l\u2019ex-pr\u00e9sident Rafael Correa, exil\u00e9 en Belgique et que son successeur, Lenin Moreno, a accus\u00e9 de vouloir d\u00e9stabiliser son gouvernement avec l\u2019aide du Venezuela. La journ\u00e9e \u00e9lectorale se d\u00e9roulait \u00ab\u00a0en toute normalit\u00e9, 100% des bureaux de vote [&hellip;]<\/p>\n","protected":false},"author":1965,"featured_media":0,"comment_status":"closed","ping_status":"closed","sticky":false,"template":"","format":"standard","meta":{"fifu_image_url":"","fifu_image_alt":"","footnotes":""},"categories":[73,82],"tags":[],"class_list":["post-23832","post","type-post","status-publish","format-standard","hentry","category-actualite","category-cameroun"],"_links":{"self":[{"href":"https:\/\/linitiative.ca\/International\/wp-json\/wp\/v2\/posts\/23832","targetHints":{"allow":["GET"]}}],"collection":[{"href":"https:\/\/linitiative.ca\/International\/wp-json\/wp\/v2\/posts"}],"about":[{"href":"https:\/\/linitiative.ca\/International\/wp-json\/wp\/v2\/types\/post"}],"author":[{"embeddable":true,"href":"https:\/\/linitiative.ca\/International\/wp-json\/wp\/v2\/users\/1965"}],"replies":[{"embeddable":true,"href":"https:\/\/linitiative.ca\/International\/wp-json\/wp\/v2\/comments?post=23832"}],"version-history":[{"count":0,"href":"https:\/\/linitiative.ca\/International\/wp-json\/wp\/v2\/posts\/23832\/revisions"}],"wp:attachment":[{"href":"https:\/\/linitiative.ca\/International\/wp-json\/wp\/v2\/media?parent=23832"}],"wp:term":[{"taxonomy":"category","embeddable":true,"href":"https:\/\/linitiative.ca\/International\/wp-json\/wp\/v2\/categories?post=23832"},{"taxonomy":"post_tag","embeddable":true,"href":"https:\/\/linitiative.ca\/International\/wp-json\/wp\/v2\/tags?post=23832"}],"curies":[{"name":"wp","href":"https:\/\/api.w.org\/{rel}","templated":true}]}}