{"id":23854,"date":"2019-03-25T07:34:25","date_gmt":"2019-03-25T11:34:25","guid":{"rendered":"https:\/\/linitiative.ca\/International\/logismed-lexperience-logistique-du-maroc-sous-les-feux-de-la-rampe\/"},"modified":"2019-03-25T07:34:25","modified_gmt":"2019-03-25T11:34:25","slug":"logismed-lexperience-logistique-du-maroc-sous-les-feux-de-la-rampe","status":"publish","type":"post","link":"https:\/\/linitiative.ca\/International\/logismed-lexperience-logistique-du-maroc-sous-les-feux-de-la-rampe\/","title":{"rendered":"Logismed\u00a0: L\u2019exp\u00e9rience logistique du Maroc sous les feux de la rampe"},"content":{"rendered":"<header>\n<\/header>\n<div class=\"entry-content clearfix\" readability=\"64\"><img decoding=\"async\" class=\"post_layout_5_img\" src=\"http:\/\/aujourdhui.ma\/wp-content\/uploads\/2019\/03\/Logimed-2019-logistique.jpg?x29840\" alt=\"Logismed\u00a0: L\u2019exp\u00e9rience logistique du Maroc sous les feux de la rampe\"\/><\/p>\n<p class=\"p1\"><span class=\"s1\"><span class=\"c4\"><strong>Renforcer la position du Maroc en tant que hub logistique et plaque tournante du commerce. C\u2019est \u00e0 quoi aspirent les organisateurs de la 8\u00e8me \u00e9dition du Salon international du transport et de la logistique pour l\u2019Afrique et la Mediterran\u00e9e (Logismed).<\/strong><\/span><\/span> <span id=\"more-307963\"\/><\/p>\n<p class=\"p1\"><span class=\"s1\">Ce rendez-vous pr\u00e9vu du 9 au 11 avril prochain \u00e0 Casablanca se veut en effet une compilation d\u2019\u00e9v\u00e9nement o\u00f9 de nombreux op\u00e9rateurs logistiques du monde entier son attendus. \u00ab<em>Nous ambitionnons de rayonner \u00e0 l\u2019\u00e9chelle internationale et de promouvoir la position du Maroc en tant que hub et importante plate-forme logistique en Afrique et en M\u00e9diterran\u00e9e<\/em>\u00bb, peut-on relever de Ali Berrada, pr\u00e9sident du Salon. Et d\u2019ajouter que\u00a0\u00ab<em>la dimension internationale du Salon a \u00e9t\u00e9 fortement renforc\u00e9e en abritant la conf\u00e9rence annuelle du guichet unique PortNet, ainsi que le forum du commerce et de la logistique de l\u2019Organisation de la coop\u00e9ration islamique (OCI)\u00bb<\/em>.<\/span><\/p>\n<p class=\"p1\"><span class=\"s1\">Les organisateurs ambitionnent \u00e0 travers cette \u00e9dition \u2013 plac\u00e9e sous le th\u00e8me \u00abNouveaux leviers acc\u00e9l\u00e9rateurs de la logistique et du commerce\u00bb- tirer parti de la pr\u00e9sence d\u2019acteurs et d\u2019op\u00e9rateurs de diff\u00e9rents continents en vue de d\u00e9velopper des partenariats denses et fructueux avec ces acteurs. Le but \u00e9tant de faire conna\u00eetre davantage la logistique et r\u00e9pondre aux attentes des professionnels en termes de solutions logistiques concr\u00e8tes leur permettant ainsi d\u2019am\u00e9liorer leur comp\u00e9titivit\u00e9 et performance globale. Cette \u00e9dition sera riche en nouveaut\u00e9s. Elle abritera, pour la premi\u00e8re fois, un village des start-up. Un espace d\u00e9di\u00e9 aux jeunes entrepreneurs leur permettant de nouer des contacts et des partenariats avec les op\u00e9rateurs phares du secteur et les encourageant par cons\u00e9quent \u00e0 int\u00e9grer la logistique dans leurs strat\u00e9gies et leurs organisations. Notons que le Maroc a enregistr\u00e9 d\u2019importantes avanc\u00e9es dans le secteur de la logistique qui contribue \u00e0 hauteur de 5% au PIB du Maroc et g\u00e9n\u00e8re quelque 25.000 emplois directs.<\/span><\/p>\n<p class=\"p1\"><span class=\"s1\">Ce saut est salu\u00e9 par les repr\u00e9sentants de l\u2019OCI qui consid\u00e8rent le Royaume comme \u00e9tant un important hub de commerce international tr\u00e8s investi dans ce domaine. C\u2019est d\u2019ailleurs pour cette raison que l\u2019OCI a choisi le Maroc pour abriter son forum sur le transport et la logistique.<\/span><\/p>\n<p class=\"p1\"><span class=\"s1\">La finalit\u00e9 \u00e9tant de voir comment placer le Maroc au niveau de la sph\u00e8re de l\u2019OCI, en vue de tirer profit de son exp\u00e9rience et de sa position en tant que plate-forme logistique vers l\u2019Afrique, l\u2019Europe et le Moyen-orient. Le Maroc a fait l\u2019effort de d\u00e9velopper ses infrastructures logistiques (ports, a\u00e9roports, r\u00e9seaux routier et autoroutier) ainsi que les bonnes pratiques dans ce domaine transversal \u00e0 toutes les activit\u00e9s \u00e9conomiques, se hissant dans le top 10 des pays de l\u2019OCI en mati\u00e8re de transport. Le Maroc est \u00e9galement class\u00e9 \u00e0 la 3\u00e8me position au niveau de l\u2019OCI en ce qui concerne l\u2019indice de la performance logistique, derri\u00e8re la Malaisie et la Turquie.<\/span><\/p>\n<\/div>\n<p>Auteur: ALM<br \/>\n<a href=\"http:\/\/aujourdhui.ma\/economie\/logismed-lexperience-logistique-du-maroc-sous-les-feux-de-la-rampe\">Cliquez ici pour lire l&rsquo;article depuis sa source.<\/a><\/p>\n","protected":false},"excerpt":{"rendered":"<p>Renforcer la position du Maroc en tant que hub logistique et plaque tournante du commerce. C\u2019est \u00e0 quoi aspirent les organisateurs de la 8\u00e8me \u00e9dition du Salon international du transport et de la logistique pour l\u2019Afrique et la Mediterran\u00e9e (Logismed). Ce rendez-vous pr\u00e9vu du 9 au 11 avril prochain \u00e0 Casablanca se veut en effet [&hellip;]<\/p>\n","protected":false},"author":1759,"featured_media":0,"comment_status":"closed","ping_status":"closed","sticky":false,"template":"","format":"standard","meta":{"fifu_image_url":"","fifu_image_alt":"","footnotes":""},"categories":[73,54],"tags":[],"class_list":["post-23854","post","type-post","status-publish","format-standard","hentry","category-actualite","category-maroc"],"_links":{"self":[{"href":"https:\/\/linitiative.ca\/International\/wp-json\/wp\/v2\/posts\/23854","targetHints":{"allow":["GET"]}}],"collection":[{"href":"https:\/\/linitiative.ca\/International\/wp-json\/wp\/v2\/posts"}],"about":[{"href":"https:\/\/linitiative.ca\/International\/wp-json\/wp\/v2\/types\/post"}],"author":[{"embeddable":true,"href":"https:\/\/linitiative.ca\/International\/wp-json\/wp\/v2\/users\/1759"}],"replies":[{"embeddable":true,"href":"https:\/\/linitiative.ca\/International\/wp-json\/wp\/v2\/comments?post=23854"}],"version-history":[{"count":0,"href":"https:\/\/linitiative.ca\/International\/wp-json\/wp\/v2\/posts\/23854\/revisions"}],"wp:attachment":[{"href":"https:\/\/linitiative.ca\/International\/wp-json\/wp\/v2\/media?parent=23854"}],"wp:term":[{"taxonomy":"category","embeddable":true,"href":"https:\/\/linitiative.ca\/International\/wp-json\/wp\/v2\/categories?post=23854"},{"taxonomy":"post_tag","embeddable":true,"href":"https:\/\/linitiative.ca\/International\/wp-json\/wp\/v2\/tags?post=23854"}],"curies":[{"name":"wp","href":"https:\/\/api.w.org\/{rel}","templated":true}]}}