{"id":23857,"date":"2019-03-25T07:55:07","date_gmt":"2019-03-25T11:55:07","guid":{"rendered":"https:\/\/linitiative.ca\/International\/ficm-de-tetouan-2019-la-sueur-des-palmiers-de-radwan-el-kashef-ouvre-le-bal\/"},"modified":"2019-03-25T07:55:07","modified_gmt":"2019-03-25T11:55:07","slug":"ficm-de-tetouan-2019-la-sueur-des-palmiers-de-radwan-el-kashef-ouvre-le-bal","status":"publish","type":"post","link":"https:\/\/linitiative.ca\/International\/ficm-de-tetouan-2019-la-sueur-des-palmiers-de-radwan-el-kashef-ouvre-le-bal\/","title":{"rendered":"FICM de T\u00e9touan 2019 : \u00abLa sueur des palmiers\u00bb de Radwan El-Kashef ouvre le bal"},"content":{"rendered":"<p><img decoding=\"async\" class=\"post_layout_5_img\" src=\"http:\/\/aujourdhui.ma\/wp-content\/uploads\/2019\/03\/Mohamed-Choubi-FICM-de-Te%CC%81touan-2019.jpg?x29840\" alt=\"FICM de T\u00e9touan 2019 : \u00abLa sueur des palmiers\u00bb de Radwan El-Kashef ouvre le bal\"\/><\/p>\n<p class=\"p1\"><span class=\"s1 c4\"><strong>Cette soir\u00e9e a \u00e9t\u00e9 marqu\u00e9e par l\u2019hommage rendu \u00e0 l\u2019acteur marocain Mohamed Choubi<\/strong><\/span><span id=\"more-307974\"\/><\/p>\n<div class=\"base-box mom_box_sc_custom mom_box_sc clear c5\" readability=\"8\">\n<p class=\"p1\"><em>Un autre hommage sera rendu \u00e0 l\u2019actrice \u00e9gyptienne Nelly Karim et le cin\u00e9aste espagnol Luis Mi\u00f1arro pour leur r\u00f4le dans le d\u00e9veloppement du cin\u00e9ma m\u00e9diterran\u00e9en.<\/em><\/p>\n<\/div>\n<p class=\"p1\"><span class=\"s1\">Le rideau s\u2019est lev\u00e9, samedi 23 mars, sur le 25\u00e8me Festival du cin\u00e9ma m\u00e9diterran\u00e9en de T\u00e9touan (FCMT), avec la participation d\u2019une pl\u00e9iade de professionnels, dont des cin\u00e9astes, com\u00e9diens et sc\u00e9naristes. Ayant pu s\u2019imposer depuis sa cr\u00e9ation, en 1985, comme l\u2019un des plus importants \u00e9v\u00e9nements cin\u00e9matographiques au Maroc, \u00able FCMT se distingue par sa particularit\u00e9 li\u00e9e \u00e0 la M\u00e9diterran\u00e9e\u00bb, a indiqu\u00e9 le ministre de la culture et de la communication, Mohamed Laaraj.<\/span><\/p>\n<p class=\"p1\"><span class=\"s1\">L\u2019intervenant a soulign\u00e9 l\u2019importance du FCMT \u00e0 travers sa contribution au d\u00e9veloppement du cin\u00e9ma marocain, qui a connu la mise en \u0153uvre de la nouvelle loi relative \u00e0 l\u2019organisation de l\u2019industrie cin\u00e9matographique. M. Laaraj a fait part que cet \u00e9v\u00e9nement a confirm\u00e9 son engagement en faveur de la cause palestinienne par le choix du cin\u00e9ma palestinien, symbole de la r\u00e9sistance, comme invit\u00e9 d\u2019honneur de cette \u00e9dition.<\/span><\/p>\n<p class=\"p1\"><span class=\"s1\">Concernant la projection des films, celle-ci a d\u00e9but\u00e9 par la pr\u00e9sentation du long-m\u00e9trage \u00abLa sueur des palmiers\u00bb de Radwan El-Kashef (hors comp\u00e9tition), programm\u00e9 lors de l\u2019ouverture officielle de ce 25\u00e8me festival. Ayant remport\u00e9, il y a une quinzaine ann\u00e9es, le Grand prix au FCMT, ce film de 110 minutes (sorti en salles en 1998) traite du ph\u00e9nom\u00e8ne de la d\u00e9sertification du monde rural des ann\u00e9es 70 en Egypte. L\u2019histoire se d\u00e9roule dans un village du Sud, qui a vu \u00e9migrer beaucoup de ses hommes laissant leurs femmes seules. Ahmed a, quant \u00e0 lui, pr\u00e9f\u00e9r\u00e9 y rester pour r\u00e9aliser son r\u00eave d\u2019escalader le palmier le plus haut de sa bourgade en vue de r\u00e9colter les dattes blanches dont l\u2019arak rendra, \u00e0 tous, l\u2019extase et le bonheur. En voyant son village se vider de ses hommes, ce jeune paysan courageux a pu d\u00e9couvrir le monde des femmes. Il s\u2019est retrouv\u00e9 amoureux de la jeune et belle Salma.<\/span><\/p>\n<p class=\"p1\"><span class=\"s1\">Cette c\u00e9r\u00e9monie d\u2019ouverture a \u00e9galement \u00e9t\u00e9 marqu\u00e9e par l\u2019hommage rendu \u00e0 l\u2019artiste Mohamed Choubi. Quelques extraits des films, ayant vu le d\u00e9veloppement de la carri\u00e8re de cet acteur marocain, ont \u00e9t\u00e9 projet\u00e9s lors de cette soir\u00e9e. Ayant fait ses d\u00e9buts au th\u00e9\u00e2tre amateur \u00e0 Marrakech, l\u2019artiste marocain a d\u00e9cid\u00e9 ensuite de d\u00e9couvrir le monde du cin\u00e9ma \u00e0 travers son interpr\u00e9tation de diff\u00e9rents personnages dans plusieurs films marocains et internationaux.<\/span><\/p>\n<p class=\"p1\"><span class=\"s1\">Il est \u00e0 noter que ce 25\u00e8me festival pr\u00e9voit un autre hommage \u00e0 l\u2019actrice \u00e9gyptienne Nelly Karim et le cin\u00e9aste espagnol Luis Mi\u00f1arro pour leur r\u00f4le dans le d\u00e9veloppement du cin\u00e9ma m\u00e9diterran\u00e9en. Pr\u00e9sid\u00e9 par l\u2019artiste Roberto Giacomo Pischiutta, le jury du long m\u00e9trage de cette \u00e9dition devra choisir entre douze films. Le programme de ce festival comporte deux autres comp\u00e9titions du documentaire et de la critique (portant le nom du d\u00e9funt critique marocain Mustafa Messnaoui). Le public est invit\u00e9 \u00e0 voir d\u2019autres films programm\u00e9s dans le cadre de la c\u00e9l\u00e9bration du cin\u00e9ma palestinien comme invit\u00e9 d\u2019honneur de ce festival. Au grand bonheur des cin\u00e9philes, particuli\u00e8rement les amoureux du film national, quelque sept films marocains, d\u00e9j\u00e0 r\u00e9compens\u00e9s au cours des pr\u00e9c\u00e9dentes \u00e9ditions, seront projet\u00e9s dans le cadre des travaux de cette 25\u00e8me \u00e9dition.<\/span><\/p>\n<p>Auteur: Najat Fa\u00efssal<br \/>\n<a href=\"http:\/\/aujourdhui.ma\/culture\/cinema\/ficm-de-tetouan-2019-la-sueur-des-palmiers-de-radwan-el-kashef-ouvre-le-bal\">Cliquez ici pour lire l&rsquo;article depuis sa source.<\/a><\/p>\n","protected":false},"excerpt":{"rendered":"<p>Cette soir\u00e9e a \u00e9t\u00e9 marqu\u00e9e par l\u2019hommage rendu \u00e0 l\u2019acteur marocain Mohamed Choubi Un autre hommage sera rendu \u00e0 l\u2019actrice \u00e9gyptienne Nelly Karim et le cin\u00e9aste espagnol Luis Mi\u00f1arro pour leur r\u00f4le dans le d\u00e9veloppement du cin\u00e9ma m\u00e9diterran\u00e9en. Le rideau s\u2019est lev\u00e9, samedi 23 mars, sur le 25\u00e8me Festival du cin\u00e9ma m\u00e9diterran\u00e9en de T\u00e9touan (FCMT), [&hellip;]<\/p>\n","protected":false},"author":1759,"featured_media":0,"comment_status":"closed","ping_status":"closed","sticky":false,"template":"","format":"standard","meta":{"fifu_image_url":"","fifu_image_alt":"","footnotes":""},"categories":[73,54],"tags":[],"class_list":["post-23857","post","type-post","status-publish","format-standard","hentry","category-actualite","category-maroc"],"_links":{"self":[{"href":"https:\/\/linitiative.ca\/International\/wp-json\/wp\/v2\/posts\/23857","targetHints":{"allow":["GET"]}}],"collection":[{"href":"https:\/\/linitiative.ca\/International\/wp-json\/wp\/v2\/posts"}],"about":[{"href":"https:\/\/linitiative.ca\/International\/wp-json\/wp\/v2\/types\/post"}],"author":[{"embeddable":true,"href":"https:\/\/linitiative.ca\/International\/wp-json\/wp\/v2\/users\/1759"}],"replies":[{"embeddable":true,"href":"https:\/\/linitiative.ca\/International\/wp-json\/wp\/v2\/comments?post=23857"}],"version-history":[{"count":0,"href":"https:\/\/linitiative.ca\/International\/wp-json\/wp\/v2\/posts\/23857\/revisions"}],"wp:attachment":[{"href":"https:\/\/linitiative.ca\/International\/wp-json\/wp\/v2\/media?parent=23857"}],"wp:term":[{"taxonomy":"category","embeddable":true,"href":"https:\/\/linitiative.ca\/International\/wp-json\/wp\/v2\/categories?post=23857"},{"taxonomy":"post_tag","embeddable":true,"href":"https:\/\/linitiative.ca\/International\/wp-json\/wp\/v2\/tags?post=23857"}],"curies":[{"name":"wp","href":"https:\/\/api.w.org\/{rel}","templated":true}]}}