{"id":23871,"date":"2019-03-25T06:00:00","date_gmt":"2019-03-25T10:00:00","guid":{"rendered":"https:\/\/linitiative.ca\/International\/houassi-ce-nest-pas-normal-de-jouer-deux-matches-en-trois-jours\/"},"modified":"2019-03-25T06:00:00","modified_gmt":"2019-03-25T10:00:00","slug":"houassi-ce-nest-pas-normal-de-jouer-deux-matches-en-trois-jours","status":"publish","type":"post","link":"https:\/\/linitiative.ca\/International\/houassi-ce-nest-pas-normal-de-jouer-deux-matches-en-trois-jours\/","title":{"rendered":"Houassi : \u201cCe n&rsquo;est pas normal de jouer deux matches en trois jours\u201d"},"content":{"rendered":"<div id=\"originalText\" readability=\"47\">\n<p>\u00a0Les jours passent et se ressemblent du c\u00f4t\u00e9 de la JSMB\u00a0 au sujet de la programmation. Les B\u00e9jaouis sont irrit\u00e9s, une fois de plus par la LFP qui vient de d\u00e9caler le match de coupe face au PAC de 24 heures. Pr\u00e9vu initialement vendredi prochain, ce match retour face aux Pacistes est reprogramm\u00e9 pour le lendemain au stade de Bologhine. Cela contrarie bien \u00e9videmment les Vert et Rouge qui auront \u00e0 disputer par cons\u00e9quent deux matches en trois jours. En effet ,les camarades de Belmessaoud recevront le MC Sa\u00efda en championnat, mardi prochain, soit deux jours apr\u00e8s le d\u00e9placement \u00e0 Alger pour y affronter le PAC. \u201cCe n&rsquo;est pas logique. Ce n&rsquo;est pas facile de livrer deux rencontres en trois\u00a0jours. Je\u00a0n&rsquo;arrive pas \u00e0 comprendre \u00e0 quoi \u00e7a rime cette reprogrammation et pourquoi c&rsquo;est souvent en notre d\u00e9faveur? Je dois rencontrer pour en discuter avec le staff technique sur la question avant de voir ce qu&rsquo;il y a lieu de faire\u201d, dira le pr\u00e9sident Houassi que nous avons joint hier pour s&rsquo;exprimer sur la question.\u00a0\u00a0\u00a0\u00a0\u00a0\u00a0\u00a0\u00a0\u00a0\u00a0\u00a0\u00a0\u00a0\u00a0\u00a0\u00a0\u00a0\u00a0\u00a0\u00a0\u00a0\u00a0\u00a0\u00a0\u00a0\u00a0\u00a0\u00a0\u00a0\u00a0\u00a0\u00a0\u00a0\u00a0\u00a0\u00a0\u00a0\u00a0\u00a0\u00a0\u00a0\u00a0\u00a0\u00a0\u00a0\u00a0\u00a0\u00a0\u00a0\u00a0\u00a0\u00a0\u00a0\u00a0\u00a0\u00a0\u00a0\u00a0\u00a0\u00a0\u00a0\u00a0\u00a0\u00a0\u00a0\u00a0\u00a0\u00a0\u00a0\u00a0\u00a0\u00a0\u00a0\u00a0\u00a0\u00a0\u00a0\u00a0\u00a0\u00a0\u00a0\u00a0\u00a0\u00a0\u00a0\u00a0\u00a0\u00a0\u00a0\u00a0\u00a0\u00a0\u00a0\u00a0\u00a0\u00a0\u00a0\u00a0\u00a0\u00a0\u00a0\u00a0\u00a0\u00a0\u00a0\u00a0 \u00a0<br \/>Z.Tairi<\/p>\n<p>Coupe d\u2019Alg\u00e9rie<br \/>Le programme<br \/>des quarts et des demi-<br \/>finales fix\u00e9<br \/>n LA FAF a\u00a0 fix\u00e9 les dates des rencontres retour\u00a0 des quarts de finale de la coupe d\u2019Alg\u00e9rie. Le derby NAHD-CRB aura lieu ce\u00a0 jeudi 28 mars au stade du 5-Juillet \u00e0 17h00. L\u2019autre confrontation qui opposera le MCO face au CSC est \u00e9galement programm\u00e9e le m\u00eame jour (28 mars) au stade Ahmed-Zabana (Oran). Le match retour entre le PAC et la JSMB lui est pr\u00e9vu le samedi 30 mars \u00e0 15h00 au stade Omar-Hammadi de Bologhine. Les\u00a0 \u00bd finales \u00a0qui se d\u00e9rouleront\u00a0 \u00e9galement en aller et retour, auront lieu\u00a0 le 13 ou le 16 avril pour la premi\u00e8re manche et le 23 avril pour la seconde.<\/p>\n<p class=\"c10\"><strong>Ahmed Ifticen \u00a0<br \/>\u00a0<\/strong><br \/>\u00a0<\/p>\n<\/div>\n<div id=\"text_core\" readability=\"47\">\n<p>\u00a0Les jours passent et se ressemblent du c\u00f4t\u00e9 de la JSMB\u00a0 au sujet de la programmation. Les B\u00e9jaouis sont irrit\u00e9s, une fois de plus par la LFP qui vient de d\u00e9caler le match de coupe face au PAC de 24 heures. Pr\u00e9vu initialement vendredi prochain, ce match retour face aux Pacistes est reprogramm\u00e9 pour le lendemain au stade de Bologhine. Cela contrarie bien \u00e9videmment les Vert et Rouge qui auront \u00e0 disputer par cons\u00e9quent deux matches en trois jours. En effet ,les camarades de Belmessaoud recevront le MC Sa\u00efda en championnat, mardi prochain, soit deux jours apr\u00e8s le d\u00e9placement \u00e0 Alger pour y affronter le PAC. \u201cCe n&rsquo;est pas logique. Ce n&rsquo;est pas facile de livrer deux rencontres en trois\u00a0jours. Je\u00a0n&rsquo;arrive pas \u00e0 comprendre \u00e0 quoi \u00e7a rime cette reprogrammation et pourquoi c&rsquo;est souvent en notre d\u00e9faveur? Je dois rencontrer pour en discuter avec le staff technique sur la question avant de voir ce qu&rsquo;il y a lieu de faire\u201d, dira le pr\u00e9sident Houassi que nous avons joint hier pour s&rsquo;exprimer sur la question.\u00a0\u00a0\u00a0\u00a0\u00a0\u00a0\u00a0\u00a0\u00a0\u00a0\u00a0\u00a0\u00a0\u00a0\u00a0\u00a0\u00a0\u00a0\u00a0\u00a0\u00a0\u00a0\u00a0\u00a0\u00a0\u00a0\u00a0\u00a0\u00a0\u00a0\u00a0\u00a0\u00a0\u00a0\u00a0\u00a0\u00a0\u00a0\u00a0\u00a0\u00a0\u00a0\u00a0\u00a0\u00a0\u00a0\u00a0\u00a0\u00a0\u00a0\u00a0\u00a0\u00a0\u00a0\u00a0\u00a0\u00a0\u00a0\u00a0\u00a0\u00a0\u00a0\u00a0\u00a0\u00a0\u00a0\u00a0\u00a0\u00a0\u00a0\u00a0\u00a0\u00a0\u00a0\u00a0\u00a0\u00a0\u00a0\u00a0\u00a0\u00a0\u00a0\u00a0\u00a0\u00a0\u00a0\u00a0\u00a0\u00a0\u00a0\u00a0\u00a0\u00a0\u00a0\u00a0\u00a0\u00a0\u00a0\u00a0\u00a0\u00a0\u00a0\u00a0\u00a0\u00a0\u00a0 \u00a0<br \/>Z.Tairi<\/p>\n<p>Coupe d\u2019Alg\u00e9rie<br \/>Le programme<br \/>des quarts et des demi-<br \/>finales fix\u00e9<br \/>n LA FAF a\u00a0 fix\u00e9 les dates des rencontres retour\u00a0 des quarts de finale de la coupe d\u2019Alg\u00e9rie. Le derby NAHD-CRB aura lieu ce\u00a0 jeudi 28 mars au stade du 5-Juillet \u00e0 17h00. L\u2019autre confrontation qui opposera le MCO face au CSC est \u00e9galement programm\u00e9e le m\u00eame jour (28 mars) au stade Ahmed-Zabana (Oran). Le match retour entre le PAC et la JSMB lui est pr\u00e9vu le samedi 30 mars \u00e0 15h00 au stade Omar-Hammadi de Bologhine. Les\u00a0 \u00bd finales \u00a0qui se d\u00e9rouleront\u00a0 \u00e9galement en aller et retour, auront lieu\u00a0 le 13 ou le 16 avril pour la premi\u00e8re manche et le 23 avril pour la seconde.<\/p>\n<p class=\"c10\"><strong>Ahmed Ifticen \u00a0<br \/>\u00a0<\/strong><br \/>\u00a0<\/p>\n<\/div>\n<p>Auteur:<br \/>\n<a href=\"https:\/\/www.liberte-algerie.com\/sport\/houassi-ce-nest-pas-normal-de-jouer-deux-matches-en-trois-jours-312323\">Cliquez ici pour lire l&rsquo;article depuis sa source.<\/a><\/p>\n","protected":false},"excerpt":{"rendered":"<p>\u00a0Les jours passent et se ressemblent du c\u00f4t\u00e9 de la JSMB\u00a0 au sujet de la programmation. Les B\u00e9jaouis sont irrit\u00e9s, une fois de plus par la LFP qui vient de d\u00e9caler le match de coupe face au PAC de 24 heures. Pr\u00e9vu initialement vendredi prochain, ce match retour face aux Pacistes est reprogramm\u00e9 pour le [&hellip;]<\/p>\n","protected":false},"author":1742,"featured_media":0,"comment_status":"closed","ping_status":"closed","sticky":false,"template":"","format":"standard","meta":{"fifu_image_url":"","fifu_image_alt":"","footnotes":""},"categories":[73,53],"tags":[],"class_list":["post-23871","post","type-post","status-publish","format-standard","hentry","category-actualite","category-algerie"],"_links":{"self":[{"href":"https:\/\/linitiative.ca\/International\/wp-json\/wp\/v2\/posts\/23871","targetHints":{"allow":["GET"]}}],"collection":[{"href":"https:\/\/linitiative.ca\/International\/wp-json\/wp\/v2\/posts"}],"about":[{"href":"https:\/\/linitiative.ca\/International\/wp-json\/wp\/v2\/types\/post"}],"author":[{"embeddable":true,"href":"https:\/\/linitiative.ca\/International\/wp-json\/wp\/v2\/users\/1742"}],"replies":[{"embeddable":true,"href":"https:\/\/linitiative.ca\/International\/wp-json\/wp\/v2\/comments?post=23871"}],"version-history":[{"count":0,"href":"https:\/\/linitiative.ca\/International\/wp-json\/wp\/v2\/posts\/23871\/revisions"}],"wp:attachment":[{"href":"https:\/\/linitiative.ca\/International\/wp-json\/wp\/v2\/media?parent=23871"}],"wp:term":[{"taxonomy":"category","embeddable":true,"href":"https:\/\/linitiative.ca\/International\/wp-json\/wp\/v2\/categories?post=23871"},{"taxonomy":"post_tag","embeddable":true,"href":"https:\/\/linitiative.ca\/International\/wp-json\/wp\/v2\/tags?post=23871"}],"curies":[{"name":"wp","href":"https:\/\/api.w.org\/{rel}","templated":true}]}}