{"id":23872,"date":"2019-03-25T06:00:00","date_gmt":"2019-03-25T10:00:00","guid":{"rendered":"https:\/\/linitiative.ca\/International\/interoperabilite-et-regroupement-des-transporteurs-en-debat\/"},"modified":"2019-03-25T06:00:00","modified_gmt":"2019-03-25T10:00:00","slug":"interoperabilite-et-regroupement-des-transporteurs-en-debat","status":"publish","type":"post","link":"https:\/\/linitiative.ca\/International\/interoperabilite-et-regroupement-des-transporteurs-en-debat\/","title":{"rendered":"Interop\u00e9rabilit\u00e9 et regroupement des transporteurs en d\u00e9bat"},"content":{"rendered":"<div id=\"originalText\" readability=\"46\">\n<p>La grande salle de conf\u00e9rences du Mus\u00e9e public national de S\u00e9tif a abrit\u00e9 hier une journ\u00e9e d\u2019\u00e9tude ayant pour th\u00e8me\u00a0\u201cInterop\u00e9rabilit\u00e9 et regroupement des transporteurs aux services de la mobilit\u00e9 durable dans le transport urbain\u201d. L\u2019op\u00e9ration entre dans le cadre de la mise en \u0153uvre des directives et instructions du minist\u00e8re des Travaux publics et des Transports visant, notamment, \u00e0 d\u00e9velopper l\u2019usage des transports collectifs et \u00e0 introduire une d\u00e9marche de collaboration multimodale billettique.<br \/>La mise en \u0153uvre de l\u2019abonnement mensuel unique en faveur des usagers du tramway\u00a0\u00a0et bus Etus (\u00e9tablissement de transport urbain de S\u00e9tif) dans l\u2019agglom\u00e9ration s\u00e9tifienne a \u00e9t\u00e9 lanc\u00e9e\u00a0le 8 mai 2018 \u00e0 l\u2019occasion de l\u2019inauguration et la mise en service du tramway de S\u00e9tif par une d\u00e9l\u00e9gation de plusieurs ministres conduite par le ministre de l\u2019Int\u00e9rieur, Noureddine Bedoui.<br \/>Le montant de l\u2019abonnement mensuel sur toutes les lignes est fix\u00e9 \u00e0 1 500 DA par mois avec des tarifs pr\u00e9f\u00e9rentiels pour les personnes \u00e2g\u00e9es, handicap\u00e9s, \u00e9tudiants et \u00e9l\u00e8ves. Selon les responsables de l\u2019\u00e9tablissement, l\u2019organisation de la journ\u00e9e s\u2019inscrit aussi dans le cadre du travail de l\u2019\u00e9quipe afin de rendre effective la satisfaction des besoins des citoyens en mati\u00e8re de transports dans les conditions les plus avantageuses pour la collectivit\u00e9 nationale et pour les usagers en terme de s\u00e9curit\u00e9, r\u00e9gularit\u00e9, confort et qualit\u00e9 de service. Cette journ\u00e9e d\u2019\u00e9tude qui co\u00efncide avec le 11e anniversaire de d\u00e9marrage en exploitation de l\u2019ETUS le 24 mars 2008 a pour objectif d\u2019\u00e9largir la vision de la d\u00e9marche de collaboration\u00a0billettique vers les transporteurs priv\u00e9s urbains, de mettre en place la compl\u00e9mentarit\u00e9, l\u2019adaptation et l\u2019exploitation des r\u00e9seaux ainsi que l\u2019interop\u00e9rabilit\u00e9 des m\u00e9canismes n\u00e9cessaires afin d\u2019engager progressivement la professionnalisation\u00a0des op\u00e9rateurs priv\u00e9s \u00e0 travers notamment leur regroupement pour cr\u00e9er de v\u00e9ritables soci\u00e9t\u00e9s de transport intervenant sur des r\u00e9seaux structur\u00e9s.<br \/>En marge de la session qui a \u00e9t\u00e9 ponctu\u00e9e par l\u2019intervention d\u2019enseignants universitaires et sp\u00e9cialistes dans le domaine du transport urbain et d\u00e9veloppement durable, l\u2019occasion a \u00e9t\u00e9 saisie pour honorer et r\u00e9compenser les meilleurs chauffeurs qui n\u2019ont pas caus\u00e9 d\u2019accidents de la route durant l\u2019exercice 2018 et qui ont eu un comportement exemplaire avec les usagers et avec leurs coll\u00e8gues.<\/p>\n<p class=\"c10\"><strong>FAOUZI SENOUSSAOUI<\/strong><\/p>\n<\/div>\n<div id=\"text_core\" readability=\"46\">\n<p>La grande salle de conf\u00e9rences du Mus\u00e9e public national de S\u00e9tif a abrit\u00e9 hier une journ\u00e9e d\u2019\u00e9tude ayant pour th\u00e8me\u00a0\u201cInterop\u00e9rabilit\u00e9 et regroupement des transporteurs aux services de la mobilit\u00e9 durable dans le transport urbain\u201d. L\u2019op\u00e9ration entre dans le cadre de la mise en \u0153uvre des directives et instructions du minist\u00e8re des Travaux publics et des Transports visant, notamment, \u00e0 d\u00e9velopper l\u2019usage des transports collectifs et \u00e0 introduire une d\u00e9marche de collaboration multimodale billettique.<br \/>La mise en \u0153uvre de l\u2019abonnement mensuel unique en faveur des usagers du tramway\u00a0\u00a0et bus Etus (\u00e9tablissement de transport urbain de S\u00e9tif) dans l\u2019agglom\u00e9ration s\u00e9tifienne a \u00e9t\u00e9 lanc\u00e9e\u00a0le 8 mai 2018 \u00e0 l\u2019occasion de l\u2019inauguration et la mise en service du tramway de S\u00e9tif par une d\u00e9l\u00e9gation de plusieurs ministres conduite par le ministre de l\u2019Int\u00e9rieur, Noureddine Bedoui.<br \/>Le montant de l\u2019abonnement mensuel sur toutes les lignes est fix\u00e9 \u00e0 1 500 DA par mois avec des tarifs pr\u00e9f\u00e9rentiels pour les personnes \u00e2g\u00e9es, handicap\u00e9s, \u00e9tudiants et \u00e9l\u00e8ves. Selon les responsables de l\u2019\u00e9tablissement, l\u2019organisation de la journ\u00e9e s\u2019inscrit aussi dans le cadre du travail de l\u2019\u00e9quipe afin de rendre effective la satisfaction des besoins des citoyens en mati\u00e8re de transports dans les conditions les plus avantageuses pour la collectivit\u00e9 nationale et pour les usagers en terme de s\u00e9curit\u00e9, r\u00e9gularit\u00e9, confort et qualit\u00e9 de service. Cette journ\u00e9e d\u2019\u00e9tude qui co\u00efncide avec le 11e anniversaire de d\u00e9marrage en exploitation de l\u2019ETUS le 24 mars 2008 a pour objectif d\u2019\u00e9largir la vision de la d\u00e9marche de collaboration\u00a0billettique vers les transporteurs priv\u00e9s urbains, de mettre en place la compl\u00e9mentarit\u00e9, l\u2019adaptation et l\u2019exploitation des r\u00e9seaux ainsi que l\u2019interop\u00e9rabilit\u00e9 des m\u00e9canismes n\u00e9cessaires afin d\u2019engager progressivement la professionnalisation\u00a0des op\u00e9rateurs priv\u00e9s \u00e0 travers notamment leur regroupement pour cr\u00e9er de v\u00e9ritables soci\u00e9t\u00e9s de transport intervenant sur des r\u00e9seaux structur\u00e9s.<br \/>En marge de la session qui a \u00e9t\u00e9 ponctu\u00e9e par l\u2019intervention d\u2019enseignants universitaires et sp\u00e9cialistes dans le domaine du transport urbain et d\u00e9veloppement durable, l\u2019occasion a \u00e9t\u00e9 saisie pour honorer et r\u00e9compenser les meilleurs chauffeurs qui n\u2019ont pas caus\u00e9 d\u2019accidents de la route durant l\u2019exercice 2018 et qui ont eu un comportement exemplaire avec les usagers et avec leurs coll\u00e8gues.<\/p>\n<p class=\"c10\"><strong>FAOUZI SENOUSSAOUI<\/strong><\/p>\n<\/div>\n<p>Auteur:<br \/>\n<a href=\"https:\/\/www.liberte-algerie.com\/est\/interoperabilite-et-regroupement-des-transporteurs-en-debat-312322\">Cliquez ici pour lire l&rsquo;article depuis sa source.<\/a><\/p>\n","protected":false},"excerpt":{"rendered":"<p>La grande salle de conf\u00e9rences du Mus\u00e9e public national de S\u00e9tif a abrit\u00e9 hier une journ\u00e9e d\u2019\u00e9tude ayant pour th\u00e8me\u00a0\u201cInterop\u00e9rabilit\u00e9 et regroupement des transporteurs aux services de la mobilit\u00e9 durable dans le transport urbain\u201d. L\u2019op\u00e9ration entre dans le cadre de la mise en \u0153uvre des directives et instructions du minist\u00e8re des Travaux publics et des [&hellip;]<\/p>\n","protected":false},"author":1742,"featured_media":0,"comment_status":"closed","ping_status":"closed","sticky":false,"template":"","format":"standard","meta":{"fifu_image_url":"","fifu_image_alt":"","footnotes":""},"categories":[73,53],"tags":[],"class_list":["post-23872","post","type-post","status-publish","format-standard","hentry","category-actualite","category-algerie"],"_links":{"self":[{"href":"https:\/\/linitiative.ca\/International\/wp-json\/wp\/v2\/posts\/23872","targetHints":{"allow":["GET"]}}],"collection":[{"href":"https:\/\/linitiative.ca\/International\/wp-json\/wp\/v2\/posts"}],"about":[{"href":"https:\/\/linitiative.ca\/International\/wp-json\/wp\/v2\/types\/post"}],"author":[{"embeddable":true,"href":"https:\/\/linitiative.ca\/International\/wp-json\/wp\/v2\/users\/1742"}],"replies":[{"embeddable":true,"href":"https:\/\/linitiative.ca\/International\/wp-json\/wp\/v2\/comments?post=23872"}],"version-history":[{"count":0,"href":"https:\/\/linitiative.ca\/International\/wp-json\/wp\/v2\/posts\/23872\/revisions"}],"wp:attachment":[{"href":"https:\/\/linitiative.ca\/International\/wp-json\/wp\/v2\/media?parent=23872"}],"wp:term":[{"taxonomy":"category","embeddable":true,"href":"https:\/\/linitiative.ca\/International\/wp-json\/wp\/v2\/categories?post=23872"},{"taxonomy":"post_tag","embeddable":true,"href":"https:\/\/linitiative.ca\/International\/wp-json\/wp\/v2\/tags?post=23872"}],"curies":[{"name":"wp","href":"https:\/\/api.w.org\/{rel}","templated":true}]}}