{"id":23873,"date":"2019-03-25T06:00:00","date_gmt":"2019-03-25T10:00:00","guid":{"rendered":"https:\/\/linitiative.ca\/International\/les-nouvelles-annonces-de-la-faf\/"},"modified":"2019-03-25T06:00:00","modified_gmt":"2019-03-25T10:00:00","slug":"les-nouvelles-annonces-de-la-faf","status":"publish","type":"post","link":"https:\/\/linitiative.ca\/International\/les-nouvelles-annonces-de-la-faf\/","title":{"rendered":"Les nouvelles annonces de la FAF"},"content":{"rendered":"<div id=\"originalText\" readability=\"101\">\n<p>Le pr\u00e9sident de la FAF,\u00a0Kheiredine Zetchi, qui \u00e9tait l\u2019invit\u00e9 de l\u2019\u00e9mission \u201cDawri Al Mouhtarifine\u201d, a \u00e9voqu\u00e9 plusieurs points, notamment la s\u00e9lection nationale, son bilan chiffr\u00e9 depuis son arriv\u00e9e \u00e0 la t\u00eate de la haute instance f\u00e9d\u00e9rale, la sant\u00e9 financi\u00e8re de la FAF et d\u2019autres sujets d\u2019actualit\u00e9.<\/p>\n<p>Abordant le volet de l\u2019\u00e9quipe nationale, Zetchi s\u2019est f\u00e9licit\u00e9 de la qualification tout en r\u00e9v\u00e9lant le programme de l\u2019EN en pr\u00e9vision de la CAN 2019. \u201cNous allons disputer une rencontre amicale face \u00e0 la Tunisie. Cela va permettre \u00e0 l\u2019entra\u00eeneur national de se faire une id\u00e9e pr\u00e9cise sur son effectif.\u00a0Il y aura une autre \u00e9quipe qui va affronter la Tunisie. Et c\u2019est tr\u00e8s important car cela renseignera Belmadi sur la valeur de chaque \u00e9l\u00e9ment. Le 12 avril prochain, on sera fix\u00e9 sur nos adversaires. Nous avons d\u00e9j\u00e0 \u00e9tabli des contacts avec certaines \u00e9quipes pour disputer des rencontres amicales en pr\u00e9vision de la CAN. Le manager g\u00e9n\u00e9ral de l\u2019EN se d\u00e9placera au Caire pour programmer le s\u00e9jour de l\u2019EN. Il y aura un stage d\u2019abord en Alg\u00e9rie, ensuite \u00e0 l\u2019\u00e9tranger dans un pays qui a les m\u00eames conditions m\u00e9trologiques que le pays organisateur. Il y aura deux matches amicaux face \u00e0 des \u00e9quipes qui restent encore \u00e0 d\u00e9cider dans la mesure o\u00f9 cela d\u00e9pendra des adversaires qu\u2019on va affronter lors de la phase finale de la CAN\u201d, a-t-il d\u00e9clar\u00e9.\u00a0Le pr\u00e9sident de la FAF a aussi \u00e9voqu\u00e9 le cas Aouar, embo\u00eetant le pas au s\u00e9lectionneur national Belmadi lequel a ni\u00e9 tout contact avec le soci\u00e9taire de Lyon. \u201cNous n\u2019avons jamais discut\u00e9 avec Aouar. Nous ne nous sommes jamais d\u00e9plac\u00e9s. Certes, nous sommes int\u00e9ress\u00e9s par ses services. Concernant Maxime Lopez, nous n\u2019avons pas abord\u00e9 le sujet avec Belmadi. Les portes de l\u2019EN seront ouvertes \u00e0 tout Alg\u00e9rien pouvant apporter le plus attendu\u201d, a-t-il r\u00e9v\u00e9l\u00e9. Le patron de la FAF a aussi \u00e9voqu\u00e9 le passage de Charef et les raisons de sa s\u00e9paration avec le d\u00e9sormais ex-directeur des \u00e9quipes nationales. \u201cApr\u00e8s une ann\u00e9e, j\u2019ai parl\u00e9 avec Charef avec lequel on s\u2019est s\u00e9par\u00e9 \u00e0 l\u2019amiable. Il y avait certaines visions diff\u00e9rentes entre moi et lui. Ce sont des trucs techniques. Raison pour laquelle nous avons d\u00e9cid\u00e9 de se s\u00e9parer pour le bien de tout le monde. J\u2019avoue que Charef a apport\u00e9 beaucoup \u00e0 la direction technique nationale et aux diff\u00e9rentes \u00e9quipes nationales\u201d, fait-il savoir. Interrog\u00e9 sur le cas Achiou lequel, faut-il rappeler, a tir\u00e9 \u00e0 boulets rouges sur la FAF et son pr\u00e9sident suite \u00e0 son limogeage, Zetchi qualifie la r\u00e9action de l\u2019ancien joueur de l\u2019USMA \u201cd\u2019une temp\u00eate dans un verre d\u2019eau\u201d. \u201cC\u2019est devenu une affaire. Je pensais que Achiou est venu \u00e0 la DTN pour apprendre. Il a \u00e9t\u00e9 nomm\u00e9 adjoint pour pr\u00e9parer l\u2019avenir. Et apr\u00e8s la r\u00e9siliation du contrat avec\u00a0Charef, la FAF \u00e9tait dans tous ses droits de se s\u00e9parer des diff\u00e9rents staffs. Et on a d\u00e9cid\u00e9 de mettre un\u00a0\u00a0terme au contrat d\u2019 Achiou.\u201d.<br \/>\u00a0<br \/>\u201cLe PAC a encaiss\u00e9 3 millions<br \/>d\u2019euros apr\u00e8s le transfert<br \/>de ses joueurs \u00e0 l\u2019\u00e9tranger\u201d<br \/>Concernant l\u2019acad\u00e9mie du PAC, Zetchi a avanc\u00e9 un chiffre sur les transferts des joueurs du Paradou AC \u00e0 l\u2019\u00e9tranger. \u201cLes amoureux de la balle ronde saluent le projet du Paradou AC qui a \u00e9t\u00e9 une r\u00e9ussite totale. Donc, ce n\u2019est pas une surprise de voir des \u00e9l\u00e9ments du Paradou \u00e9merger et rejoignent la s\u00e9lection nationale. En tant que pr\u00e9sident de la FAF, je n\u2019ai jamais dict\u00e9 mes choix \u00e0 Belmadi. Il est le seul ma\u00eetre \u00e0 bord. C\u2019est pour vous dire que nous avons b\u00e2ti l\u2019acad\u00e9mie du PAC sur une bonne base. Certains \u00e9l\u00e9ments du PAC s\u2019illustrent \u00e0 l\u2019\u00e9tranger \u00e0 l\u2019image d\u2019Atal et Benseba\u00efni. Les transferts des joueurs du PAC \u00e0 l\u2019\u00e9tranger ont rapport\u00e9 3 millions d\u2019euros. Trois joueurs qui sont Atal, El Mellali et Benseba\u00efni ont permis au club alg\u00e9rien d\u2019engranger une coquette somme de 3 millions qui d\u00e9passe de loin ce qu\u2019a export\u00e9 l\u2019Alg\u00e9rie comme joueurs depuis l\u2019ind\u00e9pendance\u201d, confie-t-il. Zetchi a aussi \u00e9voqu\u00e9 les acad\u00e9mies de la FAF tout en r\u00e9v\u00e9lant esp\u00e9rer diminuer le co\u00fbt global de la construction de ces centres \u00e0 moins de 700 milliards de centimes. \u201cNotre projet consiste \u00e0 construire quatre centres de formation en Alg\u00e9rie. Nous avons transf\u00e9r\u00e9 l\u2019argent ayant \u00e9t\u00e9 consacr\u00e9 pour la construction de l\u2019h\u00f4tel de la FAF environ 700 milliards de centimes, un ancien projet de l\u2019ancienne \u00e9quipe, en la construction des centres f\u00e9d\u00e9raux. \u00c0 Tlemcen, nous avons fait toutes les \u00e9tudes n\u00e9cessaires. Nous avons choisi l\u2019entreprise charg\u00e9e de la r\u00e9alisation au centre de Lala- Setti d\u2019une surface de 3,7 hectares. Les travaux d\u00e9buteront dans une semaine et prendront fin dans 24 mois. Les deux autres centres sont\u00a0\u00a0situ\u00e9s \u00e0 Sa\u00efda d\u2019une surface de 17 hectares et \u00e0 El-Tarf d\u2019une surface de 14 hectares.<br \/>Les \u00e9tudes sont en cours et dans six, voire sept mois, nous allons choisir les entreprises qui vont r\u00e9aliser ces projets. Nous avons aussi b\u00e9n\u00e9fici\u00e9 d\u2019un ancien centre \u00e0 Oran pour mettre en \u0153uvre un centre de formation. Notre souhait est de r\u00e9aliser les centres avec moins de 700 milliards de centimes.\u201d Le pr\u00e9sident de la FAF a \u00e9galement fait le tour de la formation en fixant la barre de 500 enfants \u00e0 former dans un proche avenir. \u201cLa formation a d\u00e9j\u00e0 commenc\u00e9 apr\u00e8s que le MJS ait mis \u00e0 notre disposition les centres du minist\u00e8re. Il nous a donn\u00e9 3 centres pour une dur\u00e9e de cinq ans. La DTN a entam\u00e9 son boulot, et ce, en prospectant large et en testant plus de 8 000 enfants n\u00e9es en\u00a02004 et en 2005. Nous avons choisi 34 enfants qui vont int\u00e9grer l\u2019acad\u00e9mie. Nous ambitionnons de mettre environ 500 enfants en formation continue.\u201d<\/p>\n<p>\u201cLe contrat avec Adidas<br \/>s\u2019\u00e9l\u00e8ve \u00e0 1,9 million d\u2019euros\u201d<br \/>S\u2019agissant de la sant\u00e9 financi\u00e8re de la FAF, Zetchi est cat\u00e9gorique\u00a0: \u201cJe n\u2019ai jamais dit que l\u2019ancienne f\u00e9d\u00e9ration n\u2019a rien fait. Nous travaillons dans la continuit\u00e9.\u00a0Je peux vous dire que nous avons des placements de l\u2019ordre de 650 milliards de centimes, et ce, d\u00e8s notre arriv\u00e9e \u00e0 la FAF. Il y avait des emprunts obligataires et des d\u00e9p\u00f4ts \u00e0 terme. Jusqu\u2019au 31\/12\/2018, nous avons achev\u00e9 l\u2019ann\u00e9e avec 820 milliards de centimes en placement. Cela prouve qu\u2019on ne jette pas l\u2019argent par les fen\u00eatres.\u00a0Il existe aussi le programme forward de la FIFA de 2018 dont l\u2019argent de 1,5 n\u2019a pas \u00e9t\u00e9 encore d\u00e9bours\u00e9. Pour ce qui est du programme forward Z\u00e9ro qui s\u2019\u00e9tale de 2019 jusqu\u2019en 2021, l\u2019enveloppe a augment\u00e9 et il ne faut pas oublier que chaque f\u00e9d\u00e9ration affili\u00e9e \u00e0 la FIFA b\u00e9n\u00e9ficie d\u2019une somme de 6 millions d\u2019euros sur une p\u00e9riode de quatre ans. Pour ce qui est des sponsors, le partenaire officiel est Mobilis et nous voudrions continuer notre partenariat. Concernant l\u2019\u00e9quipementier Adidas, nous avons renouvel\u00e9 le contrat pour quatre ans, c\u2019est-\u00e0-dire jusqu\u2019en 2022. Je peux vous dire que sur le plan financier ce contrat est juteux et d\u00e9passe de trois fois l\u2019ancien contrat sign\u00e9 avec Adidas qui \u00e9tait de 700\u00a0000 dollars\u00a0alors que l\u2019actuel contrat est de l\u2019ordre de 1,9 million d\u2019euros. Nous allons recevoir les nouvelles tenues en mai et qui sont d\u2019une excellente qualit\u00e9. Vous n\u2019\u00eates pas sans savoir que nous avons aussi sign\u00e9 un contrat avec KIA pour une dur\u00e9e de quatre ans. Nous allons b\u00e9n\u00e9ficier de voitures et d\u2019autres bonus ainsi qu\u2019une somme financi\u00e8re annuellement. Nous allons aussi signer avec Coca-Cola pour trois ans. D\u2019autres sponsors arriveront bient\u00f4t\u201d, fait savoir le patron de la FAF qui du reste r\u00e9v\u00e8le que\u00a0\u201cla CAF a d\u00e9cid\u00e9 de la d\u00e9centralisation des droits pour la retransmission des rencontres de l\u2019\u00e9quipe nationale lors des \u00e9liminatoires du Mondial\u201d.<br \/>Autrement dit, chaque pays pourra retransmettre ses matches sans passer par des agences qui d\u00e9tenaient les droits de retransmission.<\/p>\n<p>\u201cLa fin des championnats<br \/>probablement la mi-mai\u201d<br \/>Interrog\u00e9 sur les championnats professionnels, Zetchi estime que \u201cles championnats professionnels se d\u00e9roulent dans des conditions acceptables. Ceci dit, le probl\u00e8me de programmation est d\u00fb essentiellement aux participations des clubs \u00e0 des comp\u00e9titions internationales. On trouve des \u00e9quipes qui participent \u00e0 trois comp\u00e9titions \u00e0 la fois. Et c\u2019est trop. J\u2019aurais aim\u00e9 que M. Medouar parle de ce sujet. Il y a des pressions sur le pr\u00e9sident de la LFP. Je peux vous dire que la LFP peut am\u00e9liorer les choses \u00e0 condition que les clubs mettent la main \u00e0 la p\u00e2te et respectent leurs engagements. Je peux vous dire que je n\u2019ai aucun probl\u00e8me personnel avec Medouar. Entre moi et lui, les relations sont bonnes m\u00eame excellentes\u201d.\u00a0\u201cLa date de la finale de Coupe d\u2019Alg\u00e9rie n\u2019est pas encore fix\u00e9e alors que la fin du championnat pourrait avoir lieu mi-mai\u201d alors qu\u2019il confirme que \u201cla FAF va pr\u00e9senter un candidat pour l\u2019\u00e9lection du comit\u00e9 ex\u00e9cutif de la CAF\u201d.<br \/>\u00c0 propos de la corruption, Zetchi ne s\u2019est pas trop \u00e9tal\u00e9 sur la question se contentant de dire que\u00a0\u201ccela existe depuis 30 ans dans le championnat d\u2019Alg\u00e9rie\u201d alors qu\u2019il estime que \u201cla FAF a toujours soutenu les arbitres. Tout le monde doit prot\u00e9ger les arbitres et l\u2019instance f\u00e9d\u00e9rale encourage les arbitres \u00e0 aller \u00e0 la justice lorsqu\u2019on touche \u00e0 leur honneur et on les accuse \u00e0 tort. Toujours est-il qu\u2019on peut am\u00e9liorer les choses alors que le probl\u00e8me des salaires des arbitres non pay\u00e9s depuis six journ\u00e9es sera r\u00e9gl\u00e9 dans les plus brefs d\u00e9lais\u201d, a-t-il conclu.<\/p>\n<p class=\"c10\"><strong>Nazim T.<\/strong><\/p>\n<\/div>\n<div id=\"text_core\" readability=\"101\">\n<p>Le pr\u00e9sident de la FAF,\u00a0Kheiredine Zetchi, qui \u00e9tait l\u2019invit\u00e9 de l\u2019\u00e9mission \u201cDawri Al Mouhtarifine\u201d, a \u00e9voqu\u00e9 plusieurs points, notamment la s\u00e9lection nationale, son bilan chiffr\u00e9 depuis son arriv\u00e9e \u00e0 la t\u00eate de la haute instance f\u00e9d\u00e9rale, la sant\u00e9 financi\u00e8re de la FAF et d\u2019autres sujets d\u2019actualit\u00e9.<\/p>\n<p>Abordant le volet de l\u2019\u00e9quipe nationale, Zetchi s\u2019est f\u00e9licit\u00e9 de la qualification tout en r\u00e9v\u00e9lant le programme de l\u2019EN en pr\u00e9vision de la CAN 2019. \u201cNous allons disputer une rencontre amicale face \u00e0 la Tunisie. Cela va permettre \u00e0 l\u2019entra\u00eeneur national de se faire une id\u00e9e pr\u00e9cise sur son effectif.\u00a0Il y aura une autre \u00e9quipe qui va affronter la Tunisie. Et c\u2019est tr\u00e8s important car cela renseignera Belmadi sur la valeur de chaque \u00e9l\u00e9ment. Le 12 avril prochain, on sera fix\u00e9 sur nos adversaires. Nous avons d\u00e9j\u00e0 \u00e9tabli des contacts avec certaines \u00e9quipes pour disputer des rencontres amicales en pr\u00e9vision de la CAN. Le manager g\u00e9n\u00e9ral de l\u2019EN se d\u00e9placera au Caire pour programmer le s\u00e9jour de l\u2019EN. Il y aura un stage d\u2019abord en Alg\u00e9rie, ensuite \u00e0 l\u2019\u00e9tranger dans un pays qui a les m\u00eames conditions m\u00e9trologiques que le pays organisateur. Il y aura deux matches amicaux face \u00e0 des \u00e9quipes qui restent encore \u00e0 d\u00e9cider dans la mesure o\u00f9 cela d\u00e9pendra des adversaires qu\u2019on va affronter lors de la phase finale de la CAN\u201d, a-t-il d\u00e9clar\u00e9.\u00a0Le pr\u00e9sident de la FAF a aussi \u00e9voqu\u00e9 le cas Aouar, embo\u00eetant le pas au s\u00e9lectionneur national Belmadi lequel a ni\u00e9 tout contact avec le soci\u00e9taire de Lyon. \u201cNous n\u2019avons jamais discut\u00e9 avec Aouar. Nous ne nous sommes jamais d\u00e9plac\u00e9s. Certes, nous sommes int\u00e9ress\u00e9s par ses services. Concernant Maxime Lopez, nous n\u2019avons pas abord\u00e9 le sujet avec Belmadi. Les portes de l\u2019EN seront ouvertes \u00e0 tout Alg\u00e9rien pouvant apporter le plus attendu\u201d, a-t-il r\u00e9v\u00e9l\u00e9. Le patron de la FAF a aussi \u00e9voqu\u00e9 le passage de Charef et les raisons de sa s\u00e9paration avec le d\u00e9sormais ex-directeur des \u00e9quipes nationales. \u201cApr\u00e8s une ann\u00e9e, j\u2019ai parl\u00e9 avec Charef avec lequel on s\u2019est s\u00e9par\u00e9 \u00e0 l\u2019amiable. Il y avait certaines visions diff\u00e9rentes entre moi et lui. Ce sont des trucs techniques. Raison pour laquelle nous avons d\u00e9cid\u00e9 de se s\u00e9parer pour le bien de tout le monde. J\u2019avoue que Charef a apport\u00e9 beaucoup \u00e0 la direction technique nationale et aux diff\u00e9rentes \u00e9quipes nationales\u201d, fait-il savoir. Interrog\u00e9 sur le cas Achiou lequel, faut-il rappeler, a tir\u00e9 \u00e0 boulets rouges sur la FAF et son pr\u00e9sident suite \u00e0 son limogeage, Zetchi qualifie la r\u00e9action de l\u2019ancien joueur de l\u2019USMA \u201cd\u2019une temp\u00eate dans un verre d\u2019eau\u201d. \u201cC\u2019est devenu une affaire. Je pensais que Achiou est venu \u00e0 la DTN pour apprendre. Il a \u00e9t\u00e9 nomm\u00e9 adjoint pour pr\u00e9parer l\u2019avenir. Et apr\u00e8s la r\u00e9siliation du contrat avec\u00a0Charef, la FAF \u00e9tait dans tous ses droits de se s\u00e9parer des diff\u00e9rents staffs. Et on a d\u00e9cid\u00e9 de mettre un\u00a0\u00a0terme au contrat d\u2019 Achiou.\u201d.<br \/>\u00a0<br \/>\u201cLe PAC a encaiss\u00e9 3 millions<br \/>d\u2019euros apr\u00e8s le transfert<br \/>de ses joueurs \u00e0 l\u2019\u00e9tranger\u201d<br \/>Concernant l\u2019acad\u00e9mie du PAC, Zetchi a avanc\u00e9 un chiffre sur les transferts des joueurs du Paradou AC \u00e0 l\u2019\u00e9tranger. \u201cLes amoureux de la balle ronde saluent le projet du Paradou AC qui a \u00e9t\u00e9 une r\u00e9ussite totale. Donc, ce n\u2019est pas une surprise de voir des \u00e9l\u00e9ments du Paradou \u00e9merger et rejoignent la s\u00e9lection nationale. En tant que pr\u00e9sident de la FAF, je n\u2019ai jamais dict\u00e9 mes choix \u00e0 Belmadi. Il est le seul ma\u00eetre \u00e0 bord. C\u2019est pour vous dire que nous avons b\u00e2ti l\u2019acad\u00e9mie du PAC sur une bonne base. Certains \u00e9l\u00e9ments du PAC s\u2019illustrent \u00e0 l\u2019\u00e9tranger \u00e0 l\u2019image d\u2019Atal et Benseba\u00efni. Les transferts des joueurs du PAC \u00e0 l\u2019\u00e9tranger ont rapport\u00e9 3 millions d\u2019euros. Trois joueurs qui sont Atal, El Mellali et Benseba\u00efni ont permis au club alg\u00e9rien d\u2019engranger une coquette somme de 3 millions qui d\u00e9passe de loin ce qu\u2019a export\u00e9 l\u2019Alg\u00e9rie comme joueurs depuis l\u2019ind\u00e9pendance\u201d, confie-t-il. Zetchi a aussi \u00e9voqu\u00e9 les acad\u00e9mies de la FAF tout en r\u00e9v\u00e9lant esp\u00e9rer diminuer le co\u00fbt global de la construction de ces centres \u00e0 moins de 700 milliards de centimes. \u201cNotre projet consiste \u00e0 construire quatre centres de formation en Alg\u00e9rie. Nous avons transf\u00e9r\u00e9 l\u2019argent ayant \u00e9t\u00e9 consacr\u00e9 pour la construction de l\u2019h\u00f4tel de la FAF environ 700 milliards de centimes, un ancien projet de l\u2019ancienne \u00e9quipe, en la construction des centres f\u00e9d\u00e9raux. \u00c0 Tlemcen, nous avons fait toutes les \u00e9tudes n\u00e9cessaires. Nous avons choisi l\u2019entreprise charg\u00e9e de la r\u00e9alisation au centre de Lala- Setti d\u2019une surface de 3,7 hectares. Les travaux d\u00e9buteront dans une semaine et prendront fin dans 24 mois. Les deux autres centres sont\u00a0\u00a0situ\u00e9s \u00e0 Sa\u00efda d\u2019une surface de 17 hectares et \u00e0 El-Tarf d\u2019une surface de 14 hectares.<br \/>Les \u00e9tudes sont en cours et dans six, voire sept mois, nous allons choisir les entreprises qui vont r\u00e9aliser ces projets. Nous avons aussi b\u00e9n\u00e9fici\u00e9 d\u2019un ancien centre \u00e0 Oran pour mettre en \u0153uvre un centre de formation. Notre souhait est de r\u00e9aliser les centres avec moins de 700 milliards de centimes.\u201d Le pr\u00e9sident de la FAF a \u00e9galement fait le tour de la formation en fixant la barre de 500 enfants \u00e0 former dans un proche avenir. \u201cLa formation a d\u00e9j\u00e0 commenc\u00e9 apr\u00e8s que le MJS ait mis \u00e0 notre disposition les centres du minist\u00e8re. Il nous a donn\u00e9 3 centres pour une dur\u00e9e de cinq ans. La DTN a entam\u00e9 son boulot, et ce, en prospectant large et en testant plus de 8 000 enfants n\u00e9es en\u00a02004 et en 2005. Nous avons choisi 34 enfants qui vont int\u00e9grer l\u2019acad\u00e9mie. Nous ambitionnons de mettre environ 500 enfants en formation continue.\u201d<\/p>\n<p>\u201cLe contrat avec Adidas<br \/>s\u2019\u00e9l\u00e8ve \u00e0 1,9 million d\u2019euros\u201d<br \/>S\u2019agissant de la sant\u00e9 financi\u00e8re de la FAF, Zetchi est cat\u00e9gorique\u00a0: \u201cJe n\u2019ai jamais dit que l\u2019ancienne f\u00e9d\u00e9ration n\u2019a rien fait. Nous travaillons dans la continuit\u00e9.\u00a0Je peux vous dire que nous avons des placements de l\u2019ordre de 650 milliards de centimes, et ce, d\u00e8s notre arriv\u00e9e \u00e0 la FAF. Il y avait des emprunts obligataires et des d\u00e9p\u00f4ts \u00e0 terme. Jusqu\u2019au 31\/12\/2018, nous avons achev\u00e9 l\u2019ann\u00e9e avec 820 milliards de centimes en placement. Cela prouve qu\u2019on ne jette pas l\u2019argent par les fen\u00eatres.\u00a0Il existe aussi le programme forward de la FIFA de 2018 dont l\u2019argent de 1,5 n\u2019a pas \u00e9t\u00e9 encore d\u00e9bours\u00e9. Pour ce qui est du programme forward Z\u00e9ro qui s\u2019\u00e9tale de 2019 jusqu\u2019en 2021, l\u2019enveloppe a augment\u00e9 et il ne faut pas oublier que chaque f\u00e9d\u00e9ration affili\u00e9e \u00e0 la FIFA b\u00e9n\u00e9ficie d\u2019une somme de 6 millions d\u2019euros sur une p\u00e9riode de quatre ans. Pour ce qui est des sponsors, le partenaire officiel est Mobilis et nous voudrions continuer notre partenariat. Concernant l\u2019\u00e9quipementier Adidas, nous avons renouvel\u00e9 le contrat pour quatre ans, c\u2019est-\u00e0-dire jusqu\u2019en 2022. Je peux vous dire que sur le plan financier ce contrat est juteux et d\u00e9passe de trois fois l\u2019ancien contrat sign\u00e9 avec Adidas qui \u00e9tait de 700\u00a0000 dollars\u00a0alors que l\u2019actuel contrat est de l\u2019ordre de 1,9 million d\u2019euros. Nous allons recevoir les nouvelles tenues en mai et qui sont d\u2019une excellente qualit\u00e9. Vous n\u2019\u00eates pas sans savoir que nous avons aussi sign\u00e9 un contrat avec KIA pour une dur\u00e9e de quatre ans. Nous allons b\u00e9n\u00e9ficier de voitures et d\u2019autres bonus ainsi qu\u2019une somme financi\u00e8re annuellement. Nous allons aussi signer avec Coca-Cola pour trois ans. D\u2019autres sponsors arriveront bient\u00f4t\u201d, fait savoir le patron de la FAF qui du reste r\u00e9v\u00e8le que\u00a0\u201cla CAF a d\u00e9cid\u00e9 de la d\u00e9centralisation des droits pour la retransmission des rencontres de l\u2019\u00e9quipe nationale lors des \u00e9liminatoires du Mondial\u201d.<br \/>Autrement dit, chaque pays pourra retransmettre ses matches sans passer par des agences qui d\u00e9tenaient les droits de retransmission.<\/p>\n<p>\u201cLa fin des championnats<br \/>probablement la mi-mai\u201d<br \/>Interrog\u00e9 sur les championnats professionnels, Zetchi estime que \u201cles championnats professionnels se d\u00e9roulent dans des conditions acceptables. Ceci dit, le probl\u00e8me de programmation est d\u00fb essentiellement aux participations des clubs \u00e0 des comp\u00e9titions internationales. On trouve des \u00e9quipes qui participent \u00e0 trois comp\u00e9titions \u00e0 la fois. Et c\u2019est trop. J\u2019aurais aim\u00e9 que M. Medouar parle de ce sujet. Il y a des pressions sur le pr\u00e9sident de la LFP. Je peux vous dire que la LFP peut am\u00e9liorer les choses \u00e0 condition que les clubs mettent la main \u00e0 la p\u00e2te et respectent leurs engagements. Je peux vous dire que je n\u2019ai aucun probl\u00e8me personnel avec Medouar. Entre moi et lui, les relations sont bonnes m\u00eame excellentes\u201d.\u00a0\u201cLa date de la finale de Coupe d\u2019Alg\u00e9rie n\u2019est pas encore fix\u00e9e alors que la fin du championnat pourrait avoir lieu mi-mai\u201d alors qu\u2019il confirme que \u201cla FAF va pr\u00e9senter un candidat pour l\u2019\u00e9lection du comit\u00e9 ex\u00e9cutif de la CAF\u201d.<br \/>\u00c0 propos de la corruption, Zetchi ne s\u2019est pas trop \u00e9tal\u00e9 sur la question se contentant de dire que\u00a0\u201ccela existe depuis 30 ans dans le championnat d\u2019Alg\u00e9rie\u201d alors qu\u2019il estime que \u201cla FAF a toujours soutenu les arbitres. Tout le monde doit prot\u00e9ger les arbitres et l\u2019instance f\u00e9d\u00e9rale encourage les arbitres \u00e0 aller \u00e0 la justice lorsqu\u2019on touche \u00e0 leur honneur et on les accuse \u00e0 tort. Toujours est-il qu\u2019on peut am\u00e9liorer les choses alors que le probl\u00e8me des salaires des arbitres non pay\u00e9s depuis six journ\u00e9es sera r\u00e9gl\u00e9 dans les plus brefs d\u00e9lais\u201d, a-t-il conclu.<\/p>\n<p class=\"c10\"><strong>Nazim T.<\/strong><\/p>\n<\/div>\n<p>Auteur:<br \/>\n<a href=\"https:\/\/www.liberte-algerie.com\/sport\/les-nouvelles-annonces-de-la-faf-312321\">Cliquez ici pour lire l&rsquo;article depuis sa source.<\/a><\/p>\n","protected":false},"excerpt":{"rendered":"<p>Le pr\u00e9sident de la FAF,\u00a0Kheiredine Zetchi, qui \u00e9tait l\u2019invit\u00e9 de l\u2019\u00e9mission \u201cDawri Al Mouhtarifine\u201d, a \u00e9voqu\u00e9 plusieurs points, notamment la s\u00e9lection nationale, son bilan chiffr\u00e9 depuis son arriv\u00e9e \u00e0 la t\u00eate de la haute instance f\u00e9d\u00e9rale, la sant\u00e9 financi\u00e8re de la FAF et d\u2019autres sujets d\u2019actualit\u00e9. Abordant le volet de l\u2019\u00e9quipe nationale, Zetchi s\u2019est f\u00e9licit\u00e9 [&hellip;]<\/p>\n","protected":false},"author":1742,"featured_media":0,"comment_status":"closed","ping_status":"closed","sticky":false,"template":"","format":"standard","meta":{"fifu_image_url":"","fifu_image_alt":"","footnotes":""},"categories":[73,53],"tags":[],"class_list":["post-23873","post","type-post","status-publish","format-standard","hentry","category-actualite","category-algerie"],"_links":{"self":[{"href":"https:\/\/linitiative.ca\/International\/wp-json\/wp\/v2\/posts\/23873","targetHints":{"allow":["GET"]}}],"collection":[{"href":"https:\/\/linitiative.ca\/International\/wp-json\/wp\/v2\/posts"}],"about":[{"href":"https:\/\/linitiative.ca\/International\/wp-json\/wp\/v2\/types\/post"}],"author":[{"embeddable":true,"href":"https:\/\/linitiative.ca\/International\/wp-json\/wp\/v2\/users\/1742"}],"replies":[{"embeddable":true,"href":"https:\/\/linitiative.ca\/International\/wp-json\/wp\/v2\/comments?post=23873"}],"version-history":[{"count":0,"href":"https:\/\/linitiative.ca\/International\/wp-json\/wp\/v2\/posts\/23873\/revisions"}],"wp:attachment":[{"href":"https:\/\/linitiative.ca\/International\/wp-json\/wp\/v2\/media?parent=23873"}],"wp:term":[{"taxonomy":"category","embeddable":true,"href":"https:\/\/linitiative.ca\/International\/wp-json\/wp\/v2\/categories?post=23873"},{"taxonomy":"post_tag","embeddable":true,"href":"https:\/\/linitiative.ca\/International\/wp-json\/wp\/v2\/tags?post=23873"}],"curies":[{"name":"wp","href":"https:\/\/api.w.org\/{rel}","templated":true}]}}