{"id":23882,"date":"2019-03-25T05:53:17","date_gmt":"2019-03-25T09:53:17","guid":{"rendered":"https:\/\/linitiative.ca\/International\/m-bourita-sentretient-a-marrakech-avec-la-vice-secretaire-generale-de-lorganisation-des-nations-unies\/"},"modified":"2019-03-25T05:53:17","modified_gmt":"2019-03-25T09:53:17","slug":"m-bourita-sentretient-a-marrakech-avec-la-vice-secretaire-generale-de-lorganisation-des-nations-unies","status":"publish","type":"post","link":"https:\/\/linitiative.ca\/International\/m-bourita-sentretient-a-marrakech-avec-la-vice-secretaire-generale-de-lorganisation-des-nations-unies\/","title":{"rendered":"M. Bourita s\u2019entretient \u00e0 Marrakech avec la vice-secr\u00e9taire g\u00e9n\u00e9rale de l\u2019Organisation des Nations-Unies"},"content":{"rendered":"<div class=\"single-featured\"><img alt=\"\" data-src=\"http:\/\/www.mapmarrakech.ma\/map\/uploads\/2019\/03\/Bouritare\u00e7oitMme-Amina-Mohammed.jpg\"\/><\/div>\n<div class=\"single-post-excerpt post-excerpt-bc\" readability=\"39\">\n<p>Marrakech \u2013 Le ministre des Affaires \u00e9trang\u00e8res et de la Coop\u00e9ration Internationale, Nasser Bourita, a eu dimanche, \u00e0 Marrakech, des entretiens avec la vice-secr\u00e9taire g\u00e9n\u00e9rale de l\u2019Organisation des Nations-Unies, Amina Mohamed.<\/p>\n<\/div>\n<div class=\"entry-content clearfix single-post-content\" readability=\"46\">\n<p>La responsable onusienne prendra part \u00e0 la 52\u00e8me session de la Conf\u00e9rence des ministres africains des finances, de la planification et du d\u00e9veloppement \u00e9conomique, de la Commission Economique pour l\u2019Afrique (CEA) organis\u00e9e \u00e0 Marrakech les 25 et 26 mars.<\/p>\n<p>Mme Amina Mohamed a pris part samedi aux travaux de la 20\u00e8 r\u00e9union du M\u00e9canisme de coordination r\u00e9gionale pour l\u2019Afrique (MCR) et la 3\u00e8 r\u00e9union conjointe du MCR et de l\u2019antenne r\u00e9gionale africaine du Groupe des Nations unies pour le d\u00e9veloppement durable.<\/p>\n<p>Cette entrevue s\u2019est d\u00e9roul\u00e9e en pr\u00e9sence notamment de l\u2019ambassadeur Omar Hilale, vice-pr\u00e9sident du Conseil \u00e9conomique et social des Nations unies (ECOSOC), pr\u00e9sident du segment des affaires humanitaires de cet organe et repr\u00e9sentant permanent du Maroc aupr\u00e8s de l\u2019ONU.<\/p>\n<\/div>\n<p>Auteur: Meriem IGASS<br \/>\n<a href=\"http:\/\/www.mapmarrakech.ma\/fr\/m-bourita-sentretient-a-marrakech-avec-la-vice-secretaire-generale-de-lorganisation-des-nations-unies\/\">Cliquez ici pour lire l&rsquo;article depuis sa source.<\/a><\/p>\n","protected":false},"excerpt":{"rendered":"<p>Marrakech \u2013 Le ministre des Affaires \u00e9trang\u00e8res et de la Coop\u00e9ration Internationale, Nasser Bourita, a eu dimanche, \u00e0 Marrakech, des entretiens avec la vice-secr\u00e9taire g\u00e9n\u00e9rale de l\u2019Organisation des Nations-Unies, Amina Mohamed. La responsable onusienne prendra part \u00e0 la 52\u00e8me session de la Conf\u00e9rence des ministres africains des finances, de la planification et du d\u00e9veloppement \u00e9conomique, [&hellip;]<\/p>\n","protected":false},"author":1788,"featured_media":23883,"comment_status":"closed","ping_status":"closed","sticky":false,"template":"","format":"standard","meta":{"fifu_image_url":"","fifu_image_alt":"","footnotes":""},"categories":[54,76],"tags":[],"class_list":["post-23882","post","type-post","status-publish","format-standard","has-post-thumbnail","hentry","category-maroc","category-regions"],"_links":{"self":[{"href":"https:\/\/linitiative.ca\/International\/wp-json\/wp\/v2\/posts\/23882","targetHints":{"allow":["GET"]}}],"collection":[{"href":"https:\/\/linitiative.ca\/International\/wp-json\/wp\/v2\/posts"}],"about":[{"href":"https:\/\/linitiative.ca\/International\/wp-json\/wp\/v2\/types\/post"}],"author":[{"embeddable":true,"href":"https:\/\/linitiative.ca\/International\/wp-json\/wp\/v2\/users\/1788"}],"replies":[{"embeddable":true,"href":"https:\/\/linitiative.ca\/International\/wp-json\/wp\/v2\/comments?post=23882"}],"version-history":[{"count":0,"href":"https:\/\/linitiative.ca\/International\/wp-json\/wp\/v2\/posts\/23882\/revisions"}],"wp:featuredmedia":[{"embeddable":true,"href":"https:\/\/linitiative.ca\/International\/wp-json\/"}],"wp:attachment":[{"href":"https:\/\/linitiative.ca\/International\/wp-json\/wp\/v2\/media?parent=23882"}],"wp:term":[{"taxonomy":"category","embeddable":true,"href":"https:\/\/linitiative.ca\/International\/wp-json\/wp\/v2\/categories?post=23882"},{"taxonomy":"post_tag","embeddable":true,"href":"https:\/\/linitiative.ca\/International\/wp-json\/wp\/v2\/tags?post=23882"}],"curies":[{"name":"wp","href":"https:\/\/api.w.org\/{rel}","templated":true}]}}