{"id":23886,"date":"2019-03-25T06:28:21","date_gmt":"2019-03-25T10:28:21","guid":{"rendered":"https:\/\/linitiative.ca\/International\/mcr-instrument-cle-pour-atteindre-les-objectifs-de-developpement-en-afrique-commission-de-lua\/"},"modified":"2019-03-25T06:28:21","modified_gmt":"2019-03-25T10:28:21","slug":"mcr-instrument-cle-pour-atteindre-les-objectifs-de-developpement-en-afrique-commission-de-lua","status":"publish","type":"post","link":"https:\/\/linitiative.ca\/International\/mcr-instrument-cle-pour-atteindre-les-objectifs-de-developpement-en-afrique-commission-de-lua\/","title":{"rendered":"MCR, instrument cl\u00e9 pour atteindre les objectifs de d\u00e9veloppement en Afrique (commission de l\u2019UA)"},"content":{"rendered":"<div readability=\"40\">\n<p>Marrakech \u2013 Le m\u00e9canisme de coordination r\u00e9gionale pour l\u2019Afrique (MCR-Afrique) joue un r\u00f4le cl\u00e9 dans l\u2019atteinte des objectifs de d\u00e9veloppement sur le continent, a soulign\u00e9, dimanche \u00e0 Marrakech, la Commissaire charg\u00e9e des ressources humaines, des sciences et technologies \u00e0 la commission de l\u2019Union africaine (UA), Sarah Mbi Enow Anyang Agbor.<\/p>\n<\/div>\n<div readability=\"138\">\n<p>Ce m\u00e9canisme, qui est un instrument de coordination de l\u2019appui du syst\u00e8me des Nations unies \u00e0 l\u2019Afrique, soutient les priorit\u00e9s de l\u2019Union africaine, notamment en mati\u00e8re de paix, de s\u00e9curit\u00e9 et de d\u00e9veloppement durable, a fait savoir Mme Anyang Agbor lors d\u2019un point de presse, tenu en marge de la 52\u00e8 session de la conf\u00e9rence des ministres africains des Finances, de la planification et du d\u00e9veloppement \u00e9conomique (COM2019).<\/p>\n<p>La formation du MCR-Afrique, a-t-elle poursuivi, est un arrangement appropri\u00e9 qui non seulement permettra d\u2019approfondir la coop\u00e9ration ONU-UA, mais \u00e9galement de r\u00e9unir les diverses parties prenantes pour travailler main dans la main en faveur de la r\u00e9alisation des objectifs de d\u00e9veloppement.<\/p>\n<p>Soulignant l\u2019importance cruciale de ce m\u00e9canisme qui permettra aux deux institutions de travailler en synergie, Mme Anyang Agbor a estim\u00e9 que \u00ab\u00a0le programme de d\u00e9veloppement durable \u00e0 l\u2019horizon 2030\u00a0\u00bb et \u00ab\u00a0l\u2019Agenda 2063: l\u2019Afrique que nous voulons\u00a0\u00bb doivent conduire au d\u00e9veloppement \u00e9conomique et social, ainsi qu\u2019\u00e0 la stabilit\u00e9 politique sur le continent.<\/p>\n<p>De son c\u00f4t\u00e9, la vice-secr\u00e9taire g\u00e9n\u00e9rale de l\u2019ONU, Amina Mohammed, a indiqu\u00e9 que le th\u00e8me choisi cette ann\u00e9e pour la la 20\u00e8 r\u00e9union du M\u00e9canisme de coordination r\u00e9gionale pour l\u2019Afrique (MCR), \u00e0 savoir \u00ab\u00a0l\u2019appui du syst\u00e8me des Nations unies \u00e0 l\u2019Union africaine pour c\u00e9l\u00e9brer 2019, Ann\u00e9e des r\u00e9fugi\u00e9s, des rapatri\u00e9s et des personnes d\u00e9plac\u00e9es : Vers des solutions durables au d\u00e9placement forc\u00e9 en Afrique\u00a0\u00bb, traite d\u2019un sujet international qui met l\u2019accent sur la contribution de chaque pays \u00e0 la r\u00e9alisation des agendas 2030 et 2063.<\/p>\n<p>Elle s\u2019est, dans ce sens, f\u00e9licit\u00e9e de la relation ONU-UA, pr\u00e9cisant que les deux institutions \u0153uvrent de concert pour aider les gouvernements \u00e0 prendre les mesures n\u00e9cessaires pour qu\u2019ils puissent offrir les services de base \u00e0 leurs populations et ce, dans le cadre d\u2019une approche inclusive.<\/p>\n<p>Amina Mohammed a, par ailleurs, fait savoir que l\u2019ONU et l\u2019UA d\u00e9ploient d\u2019importants efforts pour se r\u00e9former, \u00e0 un moment o\u00f9 les populations sont en train de perdre confiance dans les institutions parce qu\u2019elles ne r\u00e9pondent pas \u00e0 leurs aspirations.<\/p>\n<p>Pour sa part, la secr\u00e9taire ex\u00e9cutive de la CEA, Vera Songwe, a soulign\u00e9 qu&rsquo;\u00a0\u00bbaux Nations unies, nous parlons de l\u2019Afrique comme si c\u2019\u00e9tait une seule entit\u00e9\u00a0\u00bb, notant que la r\u00e9union du MCR devrait traiter des moyens fournis par l\u2019ONU pour aider le continent \u00e0 devenir un continent prosp\u00e8re.<\/p>\n<p>Elle, ainsi, relev\u00e9 la n\u00e9cessit\u00e9 de mettre \u00e0 profit toutes les ressources dans le cadre des agenda 2030 et 2063, notant que le th\u00e8me de cette ann\u00e9e, qui porte sur les r\u00e9fugi\u00e9s, les migrants, les rapatri\u00e9s et les d\u00e9plac\u00e9es \u00e0 l\u2019interne, rev\u00eat une importance primordiale, eu \u00e9gard au nombre de personnes concern\u00e9es (23 millions).<\/p>\n<p>Mme Songwe a, \u00e9galement, indiqu\u00e9 qu\u2019il est important de se r\u00e9unir au moins une fois par an au niveau r\u00e9gional et \u00e0 travers tout le continent avec les repr\u00e9sentants de l\u2019ONU et de l\u2019UA pour faire l\u2019inventaire des actions et mesures prises.<\/p>\n<p>\u00ab\u00a0C\u2019est une question tr\u00e8s importante car nous devons nous assurer que nous avons les outils pour mesurer et \u00e9valuer la situation\u00a0\u00bb, a-t-elle poursuivi, pr\u00e9cisant, \u00e0 cet effet, que \u00ab\u00a0les donn\u00e9es et statistiques montrent que nous devons fournir davantage d\u2019efforts\u00a0\u00bb.<\/p>\n<p>Organis\u00e9e les 23 et 24 mars, la 20\u00e8 r\u00e9union du M\u00e9canisme de coordination r\u00e9gionale pour l\u2019Afrique (MCR) et 3\u00e8 r\u00e9union conjointe du MCR et de l\u2019antenne r\u00e9gionale africaine du Groupe des Nations unies pour le d\u00e9veloppement durable vise \u00e0 servir de cadre \u00e0 des tables rondes de haut niveau sur des questions li\u00e9es au th\u00e8me choisi afin de promouvoir les interactions et de contribuer \u00e0 la r\u00e9solution des probl\u00e8mes li\u00e9s aux r\u00e9fugi\u00e9s et aux personnes d\u00e9plac\u00e9es en Afrique.<\/p>\n<p>Elle a \u00e9galement pour objectif de d\u00e9battre du fonctionnement des instances que sont le M\u00e9canisme et l\u2019antenne r\u00e9gionale africaine du Groupe des Nations unies pour le d\u00e9veloppement durable et \u00e9valuer les r\u00e9alisations, les d\u00e9fis et la voie \u00e0 suivre pour renforcer la coh\u00e9rence et l\u2019efficacit\u00e9 de l\u2019appui apport\u00e9 \u00e0 l\u2019Union africaine et \u00e0 ses organes dans le contexte des r\u00e9formes de l\u2019Union africaine et du syst\u00e8me des Nations Unies<\/p>\n<p>Cette manifestation a constitu\u00e9 aussi l\u2019occasion d\u2019\u00e9changes utiles entre les parties prenantes des deux m\u00e9canismes et leurs partenaires afin de renforcer l\u2019appui aux programmes et aux priorit\u00e9s de d\u00e9veloppement de l\u2019Union africaine.<\/p>\n<\/div>\n<p>Auteur: Meriem IGASS<br \/>\n<a href=\"http:\/\/www.mapmarrakech.ma\/fr\/mcr-instrument-cle-pour-atteindre-les-objectifs-de-developpement-en-afrique-commission-de-lua\/\">Cliquez ici pour lire l&rsquo;article depuis sa source.<\/a><\/p>\n","protected":false},"excerpt":{"rendered":"<p>Marrakech \u2013 Le m\u00e9canisme de coordination r\u00e9gionale pour l\u2019Afrique (MCR-Afrique) joue un r\u00f4le cl\u00e9 dans l\u2019atteinte des objectifs de d\u00e9veloppement sur le continent, a soulign\u00e9, dimanche \u00e0 Marrakech, la Commissaire charg\u00e9e des ressources humaines, des sciences et technologies \u00e0 la commission de l\u2019Union africaine (UA), Sarah Mbi Enow Anyang Agbor. Ce m\u00e9canisme, qui est un [&hellip;]<\/p>\n","protected":false},"author":1788,"featured_media":0,"comment_status":"closed","ping_status":"closed","sticky":false,"template":"","format":"standard","meta":{"fifu_image_url":"","fifu_image_alt":"","footnotes":""},"categories":[54,76],"tags":[],"class_list":["post-23886","post","type-post","status-publish","format-standard","hentry","category-maroc","category-regions"],"_links":{"self":[{"href":"https:\/\/linitiative.ca\/International\/wp-json\/wp\/v2\/posts\/23886","targetHints":{"allow":["GET"]}}],"collection":[{"href":"https:\/\/linitiative.ca\/International\/wp-json\/wp\/v2\/posts"}],"about":[{"href":"https:\/\/linitiative.ca\/International\/wp-json\/wp\/v2\/types\/post"}],"author":[{"embeddable":true,"href":"https:\/\/linitiative.ca\/International\/wp-json\/wp\/v2\/users\/1788"}],"replies":[{"embeddable":true,"href":"https:\/\/linitiative.ca\/International\/wp-json\/wp\/v2\/comments?post=23886"}],"version-history":[{"count":0,"href":"https:\/\/linitiative.ca\/International\/wp-json\/wp\/v2\/posts\/23886\/revisions"}],"wp:attachment":[{"href":"https:\/\/linitiative.ca\/International\/wp-json\/wp\/v2\/media?parent=23886"}],"wp:term":[{"taxonomy":"category","embeddable":true,"href":"https:\/\/linitiative.ca\/International\/wp-json\/wp\/v2\/categories?post=23886"},{"taxonomy":"post_tag","embeddable":true,"href":"https:\/\/linitiative.ca\/International\/wp-json\/wp\/v2\/tags?post=23886"}],"curies":[{"name":"wp","href":"https:\/\/api.w.org\/{rel}","templated":true}]}}