{"id":23889,"date":"2019-03-25T07:22:12","date_gmt":"2019-03-25T11:22:12","guid":{"rendered":"https:\/\/linitiative.ca\/International\/ouverture-a-marrakech-de-la-conference-ministerielle-africaine-sur-lappui-de-lua-au-processus-politique-des-nations-unies-sur-le-differend-regional-au-sujet-du-sahara-marocain\/"},"modified":"2019-03-25T07:22:12","modified_gmt":"2019-03-25T11:22:12","slug":"ouverture-a-marrakech-de-la-conference-ministerielle-africaine-sur-lappui-de-lua-au-processus-politique-des-nations-unies-sur-le-differend-regional-au-sujet-du-sahara-marocain","status":"publish","type":"post","link":"https:\/\/linitiative.ca\/International\/ouverture-a-marrakech-de-la-conference-ministerielle-africaine-sur-lappui-de-lua-au-processus-politique-des-nations-unies-sur-le-differend-regional-au-sujet-du-sahara-marocain\/","title":{"rendered":"Ouverture \u00e0 Marrakech de la Conf\u00e9rence minist\u00e9rielle africaine sur l\u2019appui de l\u2019UA au processus politique des Nations-Unies sur le diff\u00e9rend r\u00e9gional au sujet du Sahara marocain"},"content":{"rendered":"<div readability=\"38\">\n<p>Marrakech \u2013 Les travaux de la Conf\u00e9rence minist\u00e9rielle africaine sur l\u2019appui de l\u2019Union Africaine (UA) au processus politique des Nations Unies sur le diff\u00e9rend r\u00e9gional au sujet du Sahara marocain, ont \u00e9t\u00e9 ouverts, lundi \u00e0 Marrakech, avec la participation de 37 pays africains issus des cinq sous-r\u00e9gions du Continent.<\/p>\n<\/div>\n<div readability=\"101\">\n<p>Cette Conf\u00e9rence vise \u00e0 exprimer le soutien \u00e0 la D\u00e9cision Assembly\/AU\/Dec.693 (XXXI), adopt\u00e9e lors du 31\u00e8me Sommet de l\u2019UA, tenu les 1 et 2 juillet 2018 \u00e0 Nouakchott (Mauritanie). Une d\u00e9cision qui r\u00e9affirme l\u2019exclusivit\u00e9 des Nations Unies dans l\u2019examen du diff\u00e9rend r\u00e9gional au sujet du Sahara marocain.<\/p>\n<p>La D\u00e9cision 693 sur le rapport du Pr\u00e9sident de la Commission sur la question du Sahara a \u00ab\u00a0\u00e9tabli un m\u00e9canisme africain comprenant la Tro\u00efka de l\u2019Union Africaine \u00e0 savoir les Pr\u00e9sidents sortant, en exercice et entrant de l\u2019UA, ainsi que le Pr\u00e9sident de la commission, pour apporter un soutien efficace aux efforts conduits par les Nations Unies\u00a0\u00bb. Elle a consacr\u00e9 la primaut\u00e9 du processus onusien dans la gestion de la question du Sahara, en excluant tout processus parall\u00e8le.<\/p>\n<p>Malgr\u00e9 cette avanc\u00e9e d\u00e9cisive qui installe un climat de s\u00e9r\u00e9nit\u00e9 au sein de l\u2019UA, certaines actions cherchent \u00e0 contrarier l\u2019esprit de la lettre de la D\u00e9cision 693.<\/p>\n<p>C\u2019est en r\u00e9ponse \u00e0 ce contexte que s\u2019inscrit la Conf\u00e9rence minist\u00e9rielle africaine sur l\u2019appui de l\u2019UA au processus politique des Nations Unies sur le diff\u00e9rend r\u00e9gional au sujet du Sahara marocain, organis\u00e9e par le Royaume \u00e0 Marrakech.<\/p>\n<p>Cette Conf\u00e9rence minist\u00e9rielle africaine sera aussi l\u2019occasion de r\u00e9affirmer le consensus africain autour de la D\u00e9cision 693, et de t\u00e9moigner activement de l\u2019appui africain au processus politique en cours dans le cadre des Nations Unies en vue d\u2019une solution politique r\u00e9aliste, pragmatique et durable \u00e0 la question du Sahara, qui repose sur le compromis.<\/p>\n<p>Elle a aussi pour objectif de conforter l\u2019esprit et la lettre de la D\u00e9cision 693 de la Conf\u00e9rence de l\u2019UA, et de r\u00e9affirmer l\u2019attachement de l\u2019Union au processus onusien.<\/p>\n<p>Cet attachement ressort de la D\u00e9cision 693, qui exprime un choix \u00e9clair\u00e9 des Chefs d\u2019Etat et de Gouvernement, soucieux de pr\u00e9venir les clivages et les divisions parmi les pays africains fr\u00e8res, et de les rassembler autour des efforts des Nations Unies.<\/p>\n<p>L\u2019objectif du Royaume du Maroc est donc de rassembler et d\u2019unir autour du respect de l\u2019esprit et de la lettre de la d\u00e9cision de Nouakchott, en \u00e9vitant la cristallisation de divisions internes pouvant compromettre la r\u00e9solution du conflit r\u00e9gional et nuire \u00e0 la stabilit\u00e9, la coh\u00e9sion et l\u2019efficacit\u00e9 de l\u2019Organisation.<\/p>\n<p>La tenue de cette Conf\u00e9rence s\u2019inscrit ainsi dans la vision sage et \u00e9clair\u00e9e des Etats africains en vue du renforcement de l\u2019unit\u00e9 du Continent et du rejet de toute tentative de le d\u00e9vier de ses priorit\u00e9s urgentes en mati\u00e8re de d\u00e9veloppement humain durable, d\u2019int\u00e9gration r\u00e9gionale et de prosp\u00e9rit\u00e9 de ses citoyens.<\/p>\n<p>Depuis son retour \u00e0 l\u2019UA, le Maroc a, sous la conduite \u00e9clair\u00e9e de Sa Majest\u00e9 le Roi Mohammed VI, inscrit son action, selon une approche inclusive et f\u00e9d\u00e9ratrice, dans le cadre d\u2019impl\u00e9mentation d\u2019initiatives et de projets structurants et impactants en termes de d\u00e9veloppement humain et \u00e9conomique (migration, environnement, emploi des jeunes, paix et s\u00e9curit\u00e9, etc \u2026) au service du leadership de l\u2019Afrique et de ses citoyens.<\/p>\n<\/div>\n<p>Auteur: Meriem IGASS<br \/>\n<a href=\"http:\/\/www.mapmarrakech.ma\/fr\/ouverture-a-marrakech-de-la-conference-ministerielle-africaine-sur-lappui-de-lua-au-processus-politique-des-nations-unies-sur-le-differend-regional-au-sujet-du-sahara-marocain\/\">Cliquez ici pour lire l&rsquo;article depuis sa source.<\/a><\/p>\n","protected":false},"excerpt":{"rendered":"<p>Marrakech \u2013 Les travaux de la Conf\u00e9rence minist\u00e9rielle africaine sur l\u2019appui de l\u2019Union Africaine (UA) au processus politique des Nations Unies sur le diff\u00e9rend r\u00e9gional au sujet du Sahara marocain, ont \u00e9t\u00e9 ouverts, lundi \u00e0 Marrakech, avec la participation de 37 pays africains issus des cinq sous-r\u00e9gions du Continent. Cette Conf\u00e9rence vise \u00e0 exprimer le [&hellip;]<\/p>\n","protected":false},"author":1788,"featured_media":0,"comment_status":"closed","ping_status":"closed","sticky":false,"template":"","format":"standard","meta":{"fifu_image_url":"","fifu_image_alt":"","footnotes":""},"categories":[54,76],"tags":[],"class_list":["post-23889","post","type-post","status-publish","format-standard","hentry","category-maroc","category-regions"],"_links":{"self":[{"href":"https:\/\/linitiative.ca\/International\/wp-json\/wp\/v2\/posts\/23889","targetHints":{"allow":["GET"]}}],"collection":[{"href":"https:\/\/linitiative.ca\/International\/wp-json\/wp\/v2\/posts"}],"about":[{"href":"https:\/\/linitiative.ca\/International\/wp-json\/wp\/v2\/types\/post"}],"author":[{"embeddable":true,"href":"https:\/\/linitiative.ca\/International\/wp-json\/wp\/v2\/users\/1788"}],"replies":[{"embeddable":true,"href":"https:\/\/linitiative.ca\/International\/wp-json\/wp\/v2\/comments?post=23889"}],"version-history":[{"count":0,"href":"https:\/\/linitiative.ca\/International\/wp-json\/wp\/v2\/posts\/23889\/revisions"}],"wp:attachment":[{"href":"https:\/\/linitiative.ca\/International\/wp-json\/wp\/v2\/media?parent=23889"}],"wp:term":[{"taxonomy":"category","embeddable":true,"href":"https:\/\/linitiative.ca\/International\/wp-json\/wp\/v2\/categories?post=23889"},{"taxonomy":"post_tag","embeddable":true,"href":"https:\/\/linitiative.ca\/International\/wp-json\/wp\/v2\/tags?post=23889"}],"curies":[{"name":"wp","href":"https:\/\/api.w.org\/{rel}","templated":true}]}}