{"id":23895,"date":"2019-03-25T06:59:19","date_gmt":"2019-03-25T10:59:19","guid":{"rendered":"https:\/\/linitiative.ca\/International\/oran-decouverte-dun-atelier-dabattage-clandestin-et-de-vente-de-viandes-blanches\/"},"modified":"2019-03-25T06:59:19","modified_gmt":"2019-03-25T10:59:19","slug":"oran-decouverte-dun-atelier-dabattage-clandestin-et-de-vente-de-viandes-blanches","status":"publish","type":"post","link":"https:\/\/linitiative.ca\/International\/oran-decouverte-dun-atelier-dabattage-clandestin-et-de-vente-de-viandes-blanches\/","title":{"rendered":"Oran: d\u00e9couverte d&rsquo;un atelier d\u2019abattage clandestin et de vente de viandes blanches"},"content":{"rendered":"<div>\n<div class=\"K2FeedIntroText\">\n<p><strong>ORAN &#8211; Les services de la gendarmerie nationale ont d\u00e9couvert, samedi \u00e0 Oran, un atelier clandestin activant dans le domaine d\u2019abattage et la vente de viandes blanches, a-t-on appris dimanche de ce corps de s\u00e9curit\u00e9.<\/strong><\/p>\n<\/div>\n<div class=\"K2FeedFullText\">\n<p>En application du plan du groupement territorial de la Gendarmerie nationale d\u2019Oran visant \u00e0 assurer un bon d\u00e9ploiement \u00e0 travers le territoire de la wilaya et la protection des citoyens et des biens, une patrouille d&rsquo;\u00e9l\u00e9ments de la brigade territoriale de hai \u00ab\u00a0Yaghmoracene\u00a0\u00bb a surpris quatre personnes dans un entrep\u00f4t s\u2019occupant de l\u2019abattage et de la vente de viande blanche (dindes).<\/p>\n<p>Une quantit\u00e9 de 266 kg de ces viandes pr\u00eates pour la vente a \u00e9t\u00e9 saisie lors de cette op\u00e9ration men\u00e9e en coordination avec le v\u00e9t\u00e9rinaire relevant de l\u2019abattoir communal d\u2019Oran et d&rsquo;agents de la direction du commerce de la wilaya.<\/p>\n<p>Apr\u00e8s analyse, la quantit\u00e9 de viande saisie s\u2019est av\u00e9r\u00e9 impropre \u00e0 la consommation, a-t-on fait savoir, signalant que cette activit\u00e9 au niveau de l\u2019entrep\u00f4t est pratiqu\u00e9e dans des conditions n&rsquo;ob\u00e9issant pas aux conditions sanitaires.<\/p>\n<p>Le mat\u00e9riel d\u2019abattage et de pr\u00e9paration pour la commercialisation ont \u00e9t\u00e9 \u00e9galement saisis.<\/p>\n<\/div>\n<\/div>\n<p>Auteur:<br \/>\n<a href=\"http:\/\/www.aps.dz\/regions\/87261-oran-decouverte-d-un-atelier-d-abattage-clandestin-et-de-vente-de-viandes-blanches\">Cliquez ici pour lire l&rsquo;article depuis sa source.<\/a><\/p>\n","protected":false},"excerpt":{"rendered":"<p>ORAN &#8211; Les services de la gendarmerie nationale ont d\u00e9couvert, samedi \u00e0 Oran, un atelier clandestin activant dans le domaine d\u2019abattage et la vente de viandes blanches, a-t-on appris dimanche de ce corps de s\u00e9curit\u00e9. En application du plan du groupement territorial de la Gendarmerie nationale d\u2019Oran visant \u00e0 assurer un bon d\u00e9ploiement \u00e0 travers [&hellip;]<\/p>\n","protected":false},"author":1790,"featured_media":0,"comment_status":"closed","ping_status":"closed","sticky":false,"template":"","format":"standard","meta":{"fifu_image_url":"","fifu_image_alt":"","footnotes":""},"categories":[53,76],"tags":[],"class_list":["post-23895","post","type-post","status-publish","format-standard","hentry","category-algerie","category-regions"],"_links":{"self":[{"href":"https:\/\/linitiative.ca\/International\/wp-json\/wp\/v2\/posts\/23895","targetHints":{"allow":["GET"]}}],"collection":[{"href":"https:\/\/linitiative.ca\/International\/wp-json\/wp\/v2\/posts"}],"about":[{"href":"https:\/\/linitiative.ca\/International\/wp-json\/wp\/v2\/types\/post"}],"author":[{"embeddable":true,"href":"https:\/\/linitiative.ca\/International\/wp-json\/wp\/v2\/users\/1790"}],"replies":[{"embeddable":true,"href":"https:\/\/linitiative.ca\/International\/wp-json\/wp\/v2\/comments?post=23895"}],"version-history":[{"count":0,"href":"https:\/\/linitiative.ca\/International\/wp-json\/wp\/v2\/posts\/23895\/revisions"}],"wp:attachment":[{"href":"https:\/\/linitiative.ca\/International\/wp-json\/wp\/v2\/media?parent=23895"}],"wp:term":[{"taxonomy":"category","embeddable":true,"href":"https:\/\/linitiative.ca\/International\/wp-json\/wp\/v2\/categories?post=23895"},{"taxonomy":"post_tag","embeddable":true,"href":"https:\/\/linitiative.ca\/International\/wp-json\/wp\/v2\/tags?post=23895"}],"curies":[{"name":"wp","href":"https:\/\/api.w.org\/{rel}","templated":true}]}}