{"id":23896,"date":"2019-03-25T07:22:33","date_gmt":"2019-03-25T11:22:33","guid":{"rendered":"https:\/\/linitiative.ca\/International\/batna-organiser-laviculture-pour-exporter-la-production-excedentaire\/"},"modified":"2019-03-25T07:22:33","modified_gmt":"2019-03-25T11:22:33","slug":"batna-organiser-laviculture-pour-exporter-la-production-excedentaire","status":"publish","type":"post","link":"https:\/\/linitiative.ca\/International\/batna-organiser-laviculture-pour-exporter-la-production-excedentaire\/","title":{"rendered":"Batna: organiser l&rsquo;aviculture pour exporter la production exc\u00e9dentaire"},"content":{"rendered":"<div>\n<div class=\"K2FeedImage\"><img decoding=\"async\" src=\"http:\/\/www.aps.dz\/media\/k2\/items\/cache\/0387e2df9a8190aabc534dd6f58eec16_S.jpg\" alt=\"Batna: organiser l'aviculture pour exporter la production exc\u00e9dentaire\"><\/div>\n<div class=\"K2FeedIntroText\">\n<p><strong>BATNA &#8211; Les participants \u00e0 une journ\u00e9e d\u2019\u00e9tude organis\u00e9e dimanche \u00e0 Batna en marge de la premi\u00e8re \u00e9dition du Salon national de l\u2019aviculture, ont soulign\u00e9 la n\u00e9cessit\u00e9 d&rsquo;organiser cette fili\u00e8re en Alg\u00e9rie en vue d\u2019orienter la production exc\u00e9dentaire vers l&rsquo;exportation.<\/strong><\/p>\n<\/div>\n<div class=\"K2FeedFullText\">\n<p>Universitaires, v\u00e9t\u00e9rinaires et professionnels du secteur ont mis l\u2019accent sur la grande importance que cette fili\u00e8re qui a connu un d\u00e9veloppement remarquable au cours des derni\u00e8res ann\u00e9es, en g\u00e9n\u00e9rant plus de 600 000 emplois \u00e0 travers le territoire national.<\/p>\n<p>A l\u2019occasion de cette rencontre qui a vu la participation de cadres de plusieurs direction s de services agricoles de diff\u00e9rentes wilayas, dont El Oued et Biskra, le DSA de la wilaya d\u2019El Tarf, Kamel Eddine Benseghir, a affirm\u00e9 que \u00ab\u00a0le l\u00e9gislateur alg\u00e9rien n&rsquo;a pas l\u00e9sin\u00e9 sur les textes dans ce domaine\u00a0\u00bb, ajoutant qu\u2019il ne reste qu\u2019\u00e0 les appliquer de mani\u00e8re \u00e0 \u00ab\u00a0assurer le d\u00e9veloppement de la fili\u00e8re laquelle a actuellement essentiellement besoin d\u2019organisation\u00a0\u00bb.<\/p>\n<p>\u00ab\u00a0Il s\u2019agit d\u2019identifier au pr\u00e9alable, les personnes pratiquant cette activit\u00e9 de mani\u00e8re informelle en vue de les inclure dans le syst\u00e8me connu de la fili\u00e8re, afin d\u2019assurer la p\u00e9rennit\u00e9 de leur activit\u00e9 et renforcer ainsi l&rsquo;\u00e9conomie nationale\u00a0\u00bb, a-t-il pr\u00e9cis\u00e9.<\/p>\n<hr>\n<h3>Lire aussi:\u00a0<a href=\"http:\/\/www.aps.dz\/economie\/85283-filiere-avicole-organisation-et-formation-pour-moderniser-le-creneau\" target=\"_blank\" rel=\"noopener noreferrer\">Fili\u00e8re avicole: organisation et formation pour moderniser le cr\u00e9neau<\/a><\/h3>\n<hr>\n<p>Selon Ali Benchaiba, ing\u00e9nieur agronome et avicole, et \u00e9galement pr\u00e9sident du conseil interprofessionnel de la fili\u00e8re avicole dans la wilaya de Batna, \u00ab\u00a0la fiscalit\u00e9 reste la principale pr\u00e9occupation de nombreux \u00e9leveurs de volailles qui pr\u00e9f\u00e8rent ne pas d\u00e9clarer leur activit\u00e9 et renoncer \u00e0 la carte d\u2019aviculteur et exercer de mani\u00e8re informelle\u00a0\u00bb.<\/p>\n<p>Evoquant l\u2019existence d\u2019un arr\u00eat\u00e9 interminist\u00e9riel datant de 1992 et toujours en vigueur stipulant que \u00ab\u00a0quiconque produisant moins de 100.000 poulets par an constitue une activit\u00e9 agricole non imposable\u00a0\u00bb, cette m\u00eame source a assur\u00e9 que \u00ab\u00a0de jeunes \u00e9leveurs ont \u00e9t\u00e9 soumis \u00e0 l\u2019obligation de payer l\u2019imp\u00f4t d\u2019apr\u00e8s les nombreuses plaintes adress\u00e9es au conseil interprofessionnel au niveau local\u00a0\u00bb.<\/p>\n<p>Dans ce contexte, certains \u00e9leveurs ont affirm\u00e9 \u00e0 l\u2019APS que \u00ab\u00a0la solution \u00e0 cet \u00e9cueil constituera une plus-value \u00e0 la fili\u00e8re en permettant \u00e0 l\u2019\u00e9leveur d\u2019exercer en toute transparence, notamment en favorisant la tra\u00e7abilit\u00e9 de la production, \u00e0 partir de la source jusqu\u2019au consommateur avec toutes les informations n\u00e9cessaires concernant le produit\u00a0\u00bb.<\/p>\n<p>Les participants ont abord\u00e9, par ailleurs, certaines questions techniques li\u00e9es \u00e0 l&rsquo;\u00e9levage de volailles, notamment \u00ab\u00a0la n\u00e9cessit\u00e9 de contr\u00f4ler les facteurs environnementaux n\u00e9cessaires \u00e0 l\u2019\u00e9volution des volailles dans les hangars\u00a0\u00bb, selon Abdelouahab Ouarast, v\u00e9t\u00e9rinaire et professeur de l&rsquo;institut v\u00e9t\u00e9rinaire de l&rsquo;universit\u00e9 Batna 1 qui estime que cela est \u00ab\u00a0absolument n\u00e9cessaire en vue de r\u00e9duire le recours aux antibiotiques\u00a0\u00bb.<\/p>\n<hr>\n<h3>Lire aussi:\u00a0<a href=\"http:\/\/www.aps.dz\/economie\/87252-batna-60-exposants-de-22-wilayas-au-1er-salon-national-de-la-filiere-avicole\" target=\"_blank\" rel=\"noopener noreferrer\">Batna: 60 exposants de 22 wilayas au 1er Salon national de la fili\u00e8re avicole<\/a><\/h3>\n<hr>\n<p>Pour sa part, le pr\u00e9sident de l&rsquo;Association des v\u00e9t\u00e9rinaires priv\u00e9s de Batna, Mustapha Benhadid, a soulign\u00e9 \u00ab\u00a0la n\u00e9cessit\u00e9 d&rsquo;intensifier le contr\u00f4le efficient des produits d&rsquo;origine animale \u00e0 base d&rsquo;\u0153ufs et de viande blanche afin de pr\u00e9server la sant\u00e9 du consommateur et la qualit\u00e9 du produit, et ce, en \u0153uvrant \u00e0 fournir un produit sain, en r\u00e9duisant l\u2019utilisation des antibiotiques et en adoptant des mesures pr\u00e9ventives dans le secteur de l\u2019aviculture\u00a0\u00bb.<\/p>\n<p>Cette rencontre, qui a attir\u00e9 un grand nombre de personnes, a \u00e9t\u00e9 marqu\u00e9e par un expos\u00e9 sur le d\u00e9veloppement de la fili\u00e8re avicole \u00e0 Batna, dont la wilaya est devenue un p\u00f4le ann\u00e9e apr\u00e8s ann\u00e9e, selon Samir Hamza, responsable du secteur, qui consid\u00e8re que \u00ab\u00a0la modernisation et le contr\u00f4le des moyens de production ont permis \u00e0 Batna de contribuer, en 2018, \u00e0 hauteur de 8,4% en mati\u00e8re de production de viandes blanches au niveau national et de 19% concernant la production en \u0153ufs\u00a0\u00bb.<\/p>\n<p>Une rencontre sera, en outre, organis\u00e9e au profit des aviculteurs de la ville d\u2019Ain Touta, consid\u00e9r\u00e9e comme \u00ab\u00a0leader\u00a0\u00bb dans cette activit\u00e9 dans la wilaya et la da\u00efra qui regroupe le plus grand nombre d\u2019\u00e9leveurs, et ce, avec pour objectif d&rsquo;identifier les probl\u00e8mes rencontr\u00e9es sur le terrain, mais aussi pour prendre connaissance de leurs pr\u00e9occupations en ouvrant un d\u00e9bat avec les sp\u00e9cialistes sur la r\u00e9alit\u00e9 et les perspectives de cette profession, a ajout\u00e9 la m\u00eame source.<\/p>\n<\/div>\n<\/div>\n<p>Auteur:<br \/>\n<a href=\"http:\/\/www.aps.dz\/regions\/87266-batna-organiser-l-aviculture-pour-exporter-la-production-excedentaire\">Cliquez ici pour lire l&rsquo;article depuis sa source.<\/a><\/p>\n","protected":false},"excerpt":{"rendered":"<p>BATNA &#8211; Les participants \u00e0 une journ\u00e9e d\u2019\u00e9tude organis\u00e9e dimanche \u00e0 Batna en marge de la premi\u00e8re \u00e9dition du Salon national de l\u2019aviculture, ont soulign\u00e9 la n\u00e9cessit\u00e9 d&rsquo;organiser cette fili\u00e8re en Alg\u00e9rie en vue d\u2019orienter la production exc\u00e9dentaire vers l&rsquo;exportation. Universitaires, v\u00e9t\u00e9rinaires et professionnels du secteur ont mis l\u2019accent sur la grande importance que cette [&hellip;]<\/p>\n","protected":false},"author":1790,"featured_media":23897,"comment_status":"closed","ping_status":"closed","sticky":false,"template":"","format":"standard","meta":{"fifu_image_url":"","fifu_image_alt":"","footnotes":""},"categories":[53,76],"tags":[],"class_list":["post-23896","post","type-post","status-publish","format-standard","has-post-thumbnail","hentry","category-algerie","category-regions"],"_links":{"self":[{"href":"https:\/\/linitiative.ca\/International\/wp-json\/wp\/v2\/posts\/23896","targetHints":{"allow":["GET"]}}],"collection":[{"href":"https:\/\/linitiative.ca\/International\/wp-json\/wp\/v2\/posts"}],"about":[{"href":"https:\/\/linitiative.ca\/International\/wp-json\/wp\/v2\/types\/post"}],"author":[{"embeddable":true,"href":"https:\/\/linitiative.ca\/International\/wp-json\/wp\/v2\/users\/1790"}],"replies":[{"embeddable":true,"href":"https:\/\/linitiative.ca\/International\/wp-json\/wp\/v2\/comments?post=23896"}],"version-history":[{"count":0,"href":"https:\/\/linitiative.ca\/International\/wp-json\/wp\/v2\/posts\/23896\/revisions"}],"wp:featuredmedia":[{"embeddable":true,"href":"https:\/\/linitiative.ca\/International\/wp-json\/"}],"wp:attachment":[{"href":"https:\/\/linitiative.ca\/International\/wp-json\/wp\/v2\/media?parent=23896"}],"wp:term":[{"taxonomy":"category","embeddable":true,"href":"https:\/\/linitiative.ca\/International\/wp-json\/wp\/v2\/categories?post=23896"},{"taxonomy":"post_tag","embeddable":true,"href":"https:\/\/linitiative.ca\/International\/wp-json\/wp\/v2\/tags?post=23896"}],"curies":[{"name":"wp","href":"https:\/\/api.w.org\/{rel}","templated":true}]}}