{"id":23898,"date":"2019-03-25T07:38:18","date_gmt":"2019-03-25T11:38:18","guid":{"rendered":"https:\/\/linitiative.ca\/International\/setif-lintermodalite-une-demarche-efficace-pour-ameliorer-le-transport-urbain\/"},"modified":"2019-03-25T07:38:18","modified_gmt":"2019-03-25T11:38:18","slug":"setif-lintermodalite-une-demarche-efficace-pour-ameliorer-le-transport-urbain","status":"publish","type":"post","link":"https:\/\/linitiative.ca\/International\/setif-lintermodalite-une-demarche-efficace-pour-ameliorer-le-transport-urbain\/","title":{"rendered":"S\u00e9tif: l\u2019intermodalit\u00e9, une d\u00e9marche efficace pour am\u00e9liorer le transport urbain"},"content":{"rendered":"<div>\n<div class=\"K2FeedImage\"><img decoding=\"async\" src=\"http:\/\/www.aps.dz\/media\/k2\/items\/cache\/aa14c3bce492c8e128eb803b53c4f0b0_S.jpg\" alt=\"S\u00e9tif: l\u2019intermodalit\u00e9, une d\u00e9marche efficace pour am\u00e9liorer le transport urbain\"><\/div>\n<div class=\"K2FeedIntroText\">\n<p><strong>SETIF &#8211; Les participants \u00e0 une journ\u00e9e d&rsquo;\u00e9tude sur le transport urbain et la mobilit\u00e9 durable, tenue dimanche \u00e0 S\u00e9tif au mus\u00e9e public national de S\u00e9tif ont affirm\u00e9 que l&rsquo;intermodalit\u00e9 est une d\u00e9marche \u2018\u2019efficace\u2019\u2019 pour am\u00e9liorer les services dans le domaine du transport urbain.<\/strong><\/p>\n<\/div>\n<div class=\"K2FeedFullText\">\n<p>Le directeur adjoint des relations publiques et de la formation continue \u00e0 l&rsquo;Ecole nationale sup\u00e9rieure de technologie, Mohamed- Lazher Benaissa a affirm\u00e9 lors de son intervention que l&rsquo;intermodalit\u00e9 entre m\u00e9tro, bus et tramway permet au client d&rsquo;acheter un seul ticket lui facilitant ainsi ses d\u00e9placements.<\/p>\n<p>Ce responsable a ajout\u00e9 que l&rsquo;intermodalit\u00e9 permettrait \u00e0 un plus grand nombre de profiter des services offerts par le transport urbain soulignant l&rsquo;importance de num\u00e9riser le monde des transports en commun et de cr\u00e9er plusieurs points de correspondance intermodale afin de d\u00e9velopper le secteur.<\/p>\n<hr>\n<h3>Lire aussi:\u00a0<a href=\"http:\/\/www.aps.dz\/economie\/83952-creation-d-un-groupement-des-entreprises-publiques-de-transport-urbain-et-suburbain\" target=\"_blank\" rel=\"noopener noreferrer\">Cr\u00e9ation d&rsquo;un groupement des entreprises publiques de transport urbain et suburbain<\/a><\/h3>\n<hr>\n<p>De son cot\u00e9 le directeur d&rsquo;entreprise publique urbain et suburbain de S\u00e9tif (ETUSS), Fateh Zaid a r\u00e9v\u00e9l\u00e9 \u00e0 cette occasion que des efforts sont d\u00e9ploy\u00e9s depuis l&rsquo;ann\u00e9e derni\u00e8re pour cr\u00e9er un abonnement mensuel commun entre la Setram (Soci\u00e9t\u00e9 d&rsquo;Exploitation des Tramways d&rsquo;Alg\u00e9rie) et l&rsquo;ETUSS.<\/p>\n<p>Cette journ\u00e9e d&rsquo;\u00e9tude, \u00e0 l\u2019initiative de l&rsquo;entreprise publique de transport urbain-S\u00e9tif vise \u00e0 discuter des mesures \u00e0 prendre pour am\u00e9liorer et moderniser les moyens de transport en commun et \u00e0 impliquer dans ce processus d&rsquo;unification des moyens tous les acteurs du transport priv\u00e9.<\/p>\n<p>M. Zaid a \u00e9galement affirm\u00e9 que l&rsquo;ETUSS va entamer \u2018\u2019incessamment\u2019\u2019 la concr\u00e9tisation de toutes les mesures \u00e9labor\u00e9es dans l&rsquo;optique d&rsquo;am\u00e9liorer les prestations de service.<\/p>\n<p>Organis\u00e9e \u00e0 l&rsquo;occasion du 11e anniversaire de l&rsquo;ETUSS, cette rencontre qui a permis de d\u00e9battre de plusieurs points ayant trait \u00e0 l&rsquo;am\u00e9lioration des transports en commun, a enregistr\u00e9 la pr\u00e9sence de nombreux directeurs g\u00e9n\u00e9raux d&rsquo;entreprises de transport urbain , de repr\u00e9sentants de l&rsquo;universit\u00e9 de S\u00e9tif et de l&rsquo;Ecole nationale sup\u00e9rieure de technologie.<\/p>\n<\/div>\n<\/div>\n<p>Auteur:<br \/>\n<a href=\"http:\/\/www.aps.dz\/regions\/87269-setif-l-intermodalite-une-demarche-efficace-pour-ameliorer-le-transport-urbain\">Cliquez ici pour lire l&rsquo;article depuis sa source.<\/a><\/p>\n","protected":false},"excerpt":{"rendered":"<p>SETIF &#8211; Les participants \u00e0 une journ\u00e9e d&rsquo;\u00e9tude sur le transport urbain et la mobilit\u00e9 durable, tenue dimanche \u00e0 S\u00e9tif au mus\u00e9e public national de S\u00e9tif ont affirm\u00e9 que l&rsquo;intermodalit\u00e9 est une d\u00e9marche \u2018\u2019efficace\u2019\u2019 pour am\u00e9liorer les services dans le domaine du transport urbain. Le directeur adjoint des relations publiques et de la formation continue [&hellip;]<\/p>\n","protected":false},"author":1790,"featured_media":23899,"comment_status":"closed","ping_status":"closed","sticky":false,"template":"","format":"standard","meta":{"fifu_image_url":"","fifu_image_alt":"","footnotes":""},"categories":[53,76],"tags":[],"class_list":["post-23898","post","type-post","status-publish","format-standard","has-post-thumbnail","hentry","category-algerie","category-regions"],"_links":{"self":[{"href":"https:\/\/linitiative.ca\/International\/wp-json\/wp\/v2\/posts\/23898","targetHints":{"allow":["GET"]}}],"collection":[{"href":"https:\/\/linitiative.ca\/International\/wp-json\/wp\/v2\/posts"}],"about":[{"href":"https:\/\/linitiative.ca\/International\/wp-json\/wp\/v2\/types\/post"}],"author":[{"embeddable":true,"href":"https:\/\/linitiative.ca\/International\/wp-json\/wp\/v2\/users\/1790"}],"replies":[{"embeddable":true,"href":"https:\/\/linitiative.ca\/International\/wp-json\/wp\/v2\/comments?post=23898"}],"version-history":[{"count":0,"href":"https:\/\/linitiative.ca\/International\/wp-json\/wp\/v2\/posts\/23898\/revisions"}],"wp:featuredmedia":[{"embeddable":true,"href":"https:\/\/linitiative.ca\/International\/wp-json\/"}],"wp:attachment":[{"href":"https:\/\/linitiative.ca\/International\/wp-json\/wp\/v2\/media?parent=23898"}],"wp:term":[{"taxonomy":"category","embeddable":true,"href":"https:\/\/linitiative.ca\/International\/wp-json\/wp\/v2\/categories?post=23898"},{"taxonomy":"post_tag","embeddable":true,"href":"https:\/\/linitiative.ca\/International\/wp-json\/wp\/v2\/tags?post=23898"}],"curies":[{"name":"wp","href":"https:\/\/api.w.org\/{rel}","templated":true}]}}