{"id":23911,"date":"2019-03-25T06:53:11","date_gmt":"2019-03-25T10:53:11","guid":{"rendered":"https:\/\/linitiative.ca\/International\/oujda-reunion-avec-les-representants-des-commercants-pour-la-promotion-du-secteur\/"},"modified":"2019-03-25T06:53:11","modified_gmt":"2019-03-25T10:53:11","slug":"oujda-reunion-avec-les-representants-des-commercants-pour-la-promotion-du-secteur","status":"publish","type":"post","link":"https:\/\/linitiative.ca\/International\/oujda-reunion-avec-les-representants-des-commercants-pour-la-promotion-du-secteur\/","title":{"rendered":"Oujda: r\u00e9union avec les repr\u00e9sentants des commer\u00e7ants pour la promotion du secteur"},"content":{"rendered":"<div readability=\"37\">\n<p>Une r\u00e9union s\u2019est tenue, r\u00e9cemment au si\u00e8ge de la wilaya de l\u2019Oriental, avec les repr\u00e9sentants des associations des commer\u00e7ants exer\u00e7ant dans les diff\u00e9rentes march\u00e9s de la ville, en vue d\u2019examiner les moyens \u00e0 m\u00eame de promouvoir l\u2019activit\u00e9 commerciale.<\/p>\n<\/div>\n<div readability=\"108\">\n<p>Pr\u00e9sid\u00e9e par le wali de la r\u00e9gion de l\u2019Oriental et gouverneur de la pr\u00e9fecture d\u2019Oujda-Angad, Mouad El Jamai, cette r\u00e9union s\u2019inscrit dans le cadre d\u2019une s\u00e9rie de rencontres de communication organis\u00e9es par la wilaya de l\u2019Oriental afin de promouvoir la situation socio-\u00e9conomique dans la ville, indique un communiqu\u00e9 de la wilaya de l\u2019Oriental.<\/p>\n<p>Cette r\u00e9union a \u00e9t\u00e9 marqu\u00e9e par la pr\u00e9sence du pr\u00e9sident de la commune d\u2019Oujda, du directeur du Centre r\u00e9gional d\u2019investissement, du directeur et membres de la Chambre de Commerce, d\u2019Industrie et de Services, des chefs des services ext\u00e9rieurs ainsi que des pr\u00e9sidents et repr\u00e9sentants des associations des commer\u00e7ants.<\/p>\n<p>Intervenant \u00e0 cette occasion, M. Jamai a soulign\u00e9 l\u2019importance du secteur commercial en tant que pilier de l\u2019\u00e9conomie locale, notant que toute r\u00e9cession enregistr\u00e9e aura de mauvaises r\u00e9percussions sur la situation socio-\u00e9conomique de la ville.<\/p>\n<p>Cette r\u00e9union, a-t-il poursuivi, vise \u00e0 installer une approche participative susceptible de surmonter les contraintes auxquelles font face les commer\u00e7ants \u00e0 Oujda, et partant insuffler une nouvelle dynamique au secteur commercial, ajoute la m\u00eame source.<\/p>\n<p>M. Jamai a rappel\u00e9 que la r\u00e9union tenue en septembre dernier, a connu la mise en place d\u2019un comit\u00e9 de suivi et de diagnostic de la situation actuelle avec la tenue de 13 r\u00e9unions, et plusieurs s\u00e9ances de travail ayant r\u00e9uni la wilaya de l\u2019Oriental, les repr\u00e9sentants des commer\u00e7ants, la Chambre de commerce, d\u2019industrie et de services, les chefs des services d\u00e9centralis\u00e9s et la commune d\u2019Oujda.<\/p>\n<p>Il s\u2019agit \u00e9galement de plusieurs visites de terrain \u00e0 18 march\u00e9s et complexes commerciaux, ayant donn\u00e9 lieu \u00e0 plusieurs recommandations \u00e0 m\u00eame de relancer les activit\u00e9s commerciales \u00e0 Oujda, souligne-t-on.<\/p>\n<p>Pour sa part, le secr\u00e9taire g\u00e9n\u00e9ral de la wilaya de l\u2019Oriental, Abderazzak El Gourji, a pr\u00e9sent\u00e9 un expos\u00e9 sur le bilan du diagnostic de terrain ax\u00e9 sur le commerce dans la ville et ses contraintes structurelles, ainsi que les attentes et aspirations des commer\u00e7ants et de la population et les solutions prises en coordination avec les diff\u00e9rents services pour r\u00e9soudre tous les probl\u00e8mes.<\/p>\n<p>Les diff\u00e9rents intervenants ont salu\u00e9 l\u2019approche adopt\u00e9e dans la communication avec les commer\u00e7ants, ainsi que la pertinence des solutions propos\u00e9es, ajoute la m\u00eame source.<\/p>\n<p>Le wali a, dans ce sens, mis l\u2019accent sur les mesures d\u2019urgence \u00e0 prendre \u00e0 savoir notamment l\u2019organisation des march\u00e9s et l\u2019adoption d\u2019un r\u00e8glement interne propre \u00e0 chaque march\u00e9, tout en soulignant l\u2019engagement de la Chambre dans le soutien des commer\u00e7ants et le renforcement de leurs comp\u00e9tences pour cr\u00e9er des centres d\u2019achat et am\u00e9liorer l\u2019attractivit\u00e9 des locaux.<\/p>\n<p>Il a aussi appel\u00e9 \u00e0 mutualiser les efforts pour promouvoir le commerce dans la ville par l\u2019am\u00e9lioration de la qualit\u00e9 des produits, le renforcement des comp\u00e9tences en mati\u00e8re de marketing, et l\u2019exploitation des plates-formes \u00e9lectroniques pour la promotion des marchandises, notant que les autorit\u00e9s demeurent engag\u00e9es \u00e0 soutenir les bonnes initiatives afin de booster la dynamique \u00e9conomique dans la ville.<\/p>\n<\/div>\n<p>Auteur: Soufiane ELAHMAR<br \/>\n<a href=\"http:\/\/www.mapoujda.ma\/fr\/oujda-reunion-avec-les-representants-des-commercants-pour-la-promotion-du-secteur\/\">Cliquez ici pour lire l&rsquo;article depuis sa source.<\/a><\/p>\n","protected":false},"excerpt":{"rendered":"<p>Une r\u00e9union s\u2019est tenue, r\u00e9cemment au si\u00e8ge de la wilaya de l\u2019Oriental, avec les repr\u00e9sentants des associations des commer\u00e7ants exer\u00e7ant dans les diff\u00e9rentes march\u00e9s de la ville, en vue d\u2019examiner les moyens \u00e0 m\u00eame de promouvoir l\u2019activit\u00e9 commerciale. Pr\u00e9sid\u00e9e par le wali de la r\u00e9gion de l\u2019Oriental et gouverneur de la pr\u00e9fecture d\u2019Oujda-Angad, Mouad El [&hellip;]<\/p>\n","protected":false},"author":1788,"featured_media":0,"comment_status":"closed","ping_status":"closed","sticky":false,"template":"","format":"standard","meta":{"fifu_image_url":"","fifu_image_alt":"","footnotes":""},"categories":[54,76],"tags":[],"class_list":["post-23911","post","type-post","status-publish","format-standard","hentry","category-maroc","category-regions"],"_links":{"self":[{"href":"https:\/\/linitiative.ca\/International\/wp-json\/wp\/v2\/posts\/23911","targetHints":{"allow":["GET"]}}],"collection":[{"href":"https:\/\/linitiative.ca\/International\/wp-json\/wp\/v2\/posts"}],"about":[{"href":"https:\/\/linitiative.ca\/International\/wp-json\/wp\/v2\/types\/post"}],"author":[{"embeddable":true,"href":"https:\/\/linitiative.ca\/International\/wp-json\/wp\/v2\/users\/1788"}],"replies":[{"embeddable":true,"href":"https:\/\/linitiative.ca\/International\/wp-json\/wp\/v2\/comments?post=23911"}],"version-history":[{"count":0,"href":"https:\/\/linitiative.ca\/International\/wp-json\/wp\/v2\/posts\/23911\/revisions"}],"wp:attachment":[{"href":"https:\/\/linitiative.ca\/International\/wp-json\/wp\/v2\/media?parent=23911"}],"wp:term":[{"taxonomy":"category","embeddable":true,"href":"https:\/\/linitiative.ca\/International\/wp-json\/wp\/v2\/categories?post=23911"},{"taxonomy":"post_tag","embeddable":true,"href":"https:\/\/linitiative.ca\/International\/wp-json\/wp\/v2\/tags?post=23911"}],"curies":[{"name":"wp","href":"https:\/\/api.w.org\/{rel}","templated":true}]}}