{"id":23931,"date":"2019-03-25T15:15:10","date_gmt":"2019-03-25T19:15:10","guid":{"rendered":"https:\/\/linitiative.ca\/International\/international-man-city-letonnant-maillot-de-mahrez-et-ses-coequipiers-photos\/"},"modified":"2019-03-25T15:15:10","modified_gmt":"2019-03-25T19:15:10","slug":"international-man-city-letonnant-maillot-de-mahrez-et-ses-coequipiers-photos","status":"publish","type":"post","link":"https:\/\/linitiative.ca\/International\/international-man-city-letonnant-maillot-de-mahrez-et-ses-coequipiers-photos\/","title":{"rendered":"International : Man City : L&rsquo;\u00e9tonnant maillot de Mahrez et ses co\u00e9quipiers (Photos)"},"content":{"rendered":"<div readability=\"32\">\n<p>Auteur : <span class=\"time\">lundi 25 mars 2019 19:48<\/span><\/p>\n<\/div>\n<div id=\"post_core\" readability=\"48\">\n<p>Apr\u00e8s six ans de collaboration, le club anglais et la firme am\u00e9ricaine vont mettre un terme \u00e0 leur relation, puisque les Citizens seront d\u00e9sormais habill\u00e9s par Puma. Le moment choisi par la marque \u00e0 la virgule de sortir un maillot \u00ab\u00a0collector\u00a0\u00bb&#8230; tr\u00e8s sp\u00e9cial comme le souligne Maxifoot.<\/p>\n<p>En effet, Nike a d\u00e9voil\u00e9 une tunique \u00ab\u00a0medley\u00a0\u00bb s\u2019inspirant de neuf maillots port\u00e9s par les partenaires de Sergio Ag\u00fcero lors des six derni\u00e8res saisons. Bleu clair, bleu fonc\u00e9, vert fluo, grenat, rayures&#8230; Le r\u00e9sultat d\u00e9tonne. Seulement 6 000 exemplaires seront disponibles \u00e0 l&rsquo;achat. Avis aux amateurs.<\/p>\n<p><img decoding=\"async\" alt=\"\" src=\"https:\/\/i.dailymail.co.uk\/1s\/2019\/03\/25\/09\/11419450-0-image-a-21_1553506337659.jpg\" class=\"c1\"\/><\/p>\n<p><img decoding=\"async\" alt=\"\" src=\"https:\/\/i.dailymail.co.uk\/1s\/2019\/03\/25\/09\/11419430-0-image-a-22_1553506345170.jpg\" class=\"c1\"\/><\/p>\n<p><img decoding=\"async\" alt=\"\" src=\"https:\/\/i.dailymail.co.uk\/1s\/2019\/03\/25\/09\/11419428-0-image-a-23_1553506351937.jpg\" class=\"c1\"\/><\/p>\n<p><strong>Publi\u00e9 dans :<\/strong> <span>Manchester City<\/span><\/p>\n<\/div>\n<p>Auteur:<br \/>\n<a href=\"http:\/\/www.lebuteur.com\/article\/detail?titre=man-city-letonnant-maillot-de-mahrez-et-ses-coequipiers-photos&#038;id=87444&#038;utm_source=feedburner&#038;utm_medium=feed&#038;utm_campaign=Feed%3A+GalerieFArtciles+%28Les+derniers+articles++-+lebuteur.com%29\">Cliquez ici pour lire l&rsquo;article depuis sa source.<\/a><\/p>\n","protected":false},"excerpt":{"rendered":"<p>Auteur : lundi 25 mars 2019 19:48 Apr\u00e8s six ans de collaboration, le club anglais et la firme am\u00e9ricaine vont mettre un terme \u00e0 leur relation, puisque les Citizens seront d\u00e9sormais habill\u00e9s par Puma. Le moment choisi par la marque \u00e0 la virgule de sortir un maillot \u00ab\u00a0collector\u00a0\u00bb&#8230; tr\u00e8s sp\u00e9cial comme le souligne Maxifoot. En [&hellip;]<\/p>\n","protected":false},"author":1738,"featured_media":23932,"comment_status":"closed","ping_status":"closed","sticky":false,"template":"","format":"standard","meta":{"fifu_image_url":"","fifu_image_alt":"","footnotes":""},"categories":[53,75],"tags":[],"class_list":["post-23931","post","type-post","status-publish","format-standard","has-post-thumbnail","hentry","category-algerie","category-sport"],"_links":{"self":[{"href":"https:\/\/linitiative.ca\/International\/wp-json\/wp\/v2\/posts\/23931","targetHints":{"allow":["GET"]}}],"collection":[{"href":"https:\/\/linitiative.ca\/International\/wp-json\/wp\/v2\/posts"}],"about":[{"href":"https:\/\/linitiative.ca\/International\/wp-json\/wp\/v2\/types\/post"}],"author":[{"embeddable":true,"href":"https:\/\/linitiative.ca\/International\/wp-json\/wp\/v2\/users\/1738"}],"replies":[{"embeddable":true,"href":"https:\/\/linitiative.ca\/International\/wp-json\/wp\/v2\/comments?post=23931"}],"version-history":[{"count":0,"href":"https:\/\/linitiative.ca\/International\/wp-json\/wp\/v2\/posts\/23931\/revisions"}],"wp:featuredmedia":[{"embeddable":true,"href":"https:\/\/linitiative.ca\/International\/wp-json\/"}],"wp:attachment":[{"href":"https:\/\/linitiative.ca\/International\/wp-json\/wp\/v2\/media?parent=23931"}],"wp:term":[{"taxonomy":"category","embeddable":true,"href":"https:\/\/linitiative.ca\/International\/wp-json\/wp\/v2\/categories?post=23931"},{"taxonomy":"post_tag","embeddable":true,"href":"https:\/\/linitiative.ca\/International\/wp-json\/wp\/v2\/tags?post=23931"}],"curies":[{"name":"wp","href":"https:\/\/api.w.org\/{rel}","templated":true}]}}