{"id":23936,"date":"2019-03-24T19:00:00","date_gmt":"2019-03-24T23:00:00","guid":{"rendered":"https:\/\/linitiative.ca\/International\/ugta-plusieurs-manifestations-emaillent-le-quotidien-de-la-centrale-syndicale\/"},"modified":"2019-03-24T19:00:00","modified_gmt":"2019-03-24T23:00:00","slug":"ugta-plusieurs-manifestations-emaillent-le-quotidien-de-la-centrale-syndicale","status":"publish","type":"post","link":"https:\/\/linitiative.ca\/International\/ugta-plusieurs-manifestations-emaillent-le-quotidien-de-la-centrale-syndicale\/","title":{"rendered":"UGTA   : Plusieurs manifestations \u00e9maillent le quotidien de la centrale syndicale"},"content":{"rendered":"<p>Plusieurs dizaines de syndicalistes affili\u00e9s \u00e0 l\u2019Union g\u00e9n\u00e9rale des travailleurs alg\u00e9riens (UGTA) ont organis\u00e9, hier, un rassemblement devant le si\u00e8ge de la Centrale syndicale, pour r\u00e9clamer le d\u00e9part d\u2019Abdelmadjid Sidi-Sa\u00efd, secr\u00e9taire g\u00e9n\u00e9ral de l\u2019organisation.\u00a0 Issus des diff\u00e9rentes entreprises publiques, \u00e0 l\u2019instar de la CNAC, de Cosider, de la CNAS, d\u2019Arts et Culture, les syndicalistes ont \u00e9t\u00e9 emp\u00each\u00e9s par les services de s\u00e9curit\u00e9 d\u2019entrer \u00e0 l\u2019int\u00e9rieur de la maison du Peuple. D\u2019autres syndicalistes repr\u00e9sentant eux aussi diff\u00e9rentes f\u00e9d\u00e9rations, et qui soutiennent l\u2019actuel secr\u00e9taire g\u00e9n\u00e9ral, s\u2019\u00e9taient rassembl\u00e9s dans la vaste cour de la Centrale syndicale.\u00a0 Face au lyc\u00e9e El-Idrissi, les badauds se retournaient sur leurs pas pour voir les protestataires entonner \u00e0 l\u2019unisson, des chants patriotiques,\u00a0 brandissant des slogans exigeant le d\u00e9part imm\u00e9diat du premier responsable de la Centrale syndicale. Les images diffus\u00e9es par les diff\u00e9rentes cha\u00eenes de t\u00e9l\u00e9vision montrent, depuis plusieurs jours d\u00e9j\u00e0, des manifestations qui ont lieu quotidiennement devant le si\u00e8ge de la maison du Peuple, o\u00f9 des repr\u00e9sentants de diff\u00e9rentes factions syndicales affichent des pancartes portant des messages hostiles \u00e0 l\u2019actuel SG et ses diff\u00e9rentes f\u00e9d\u00e9rations et unions locales : \u00abOui pour le d\u00e9part de Sidi Sa\u00efd. Oui pour le d\u00e9part de toutes les f\u00e9d\u00e9rations ill\u00e9gitimes qui n\u2019ont pas de base. C\u2019est la cinqui\u00e8me marche cons\u00e9cutive,\u00a0 c\u2019est une marche populaire, 42 millions vous demandent de partir, partez, vous devez partir, vous et votre gang.\u00bb \u00abIl est temps de purifier le pays de la corruption et de tous les corrompu, sp\u00e9cialement ceux de l\u2019UGTA.\u00bb \u00abNotre demande et d\u2019avoir le droit de choisir nos repr\u00e9sentants\u00bb, peut-on lire, notamment dans cette floraison de messages brandis et slogans scand\u00e9s \u00e0 tue-t\u00eate. Idir Achour, porte-parole du Syndicat autonome des lyc\u00e9es d\u2019Alg\u00e9rie (CELA), venu soutenir les syndicalistes, abonde dans le m\u00eame sens : \u00abNous sommes tous pour que l\u2019UGTA revienne aux travailleurs.\u00bb Il propose la formation, par \u00abdes syndicalistes int\u00e8gres\u00bb, d\u2019un comit\u00e9 qui sera charg\u00e9 de pr\u00e9parer un congr\u00e8s extraordinaire.<br \/>Pour le pr\u00e9sident du syndicat de la sant\u00e9, la centrale ne d\u00e9fend pas les revendications des travailleurs, mais des int\u00e9r\u00eats personnels. \u00abCelui qui veut faire business n\u2019avait qu\u2019\u00e0 rejoindre l\u2019UGTA. Le plus faible parmi ses membres a des usines, le plus faible a quatre appartements FNPOS et trois voitures. Nous leur disons : d\u2019o\u00f9 vous vient tout \u00e7a ?\u00bb s\u2019interroge M. Bitraoui.<br \/>Les protestataires comptent parmi eux des d\u00e9l\u00e9gu\u00e9s syndicaux radi\u00e9s de leur poste d\u2019emploi. Ils n\u2019ont pas pu \u00eatre r\u00e9int\u00e9gr\u00e9s, la centrale a pr\u00e9f\u00e9r\u00e9, d\u00e9plorent-ils, \u00abne pas g\u00eaner les employeurs\u00bb.<br \/>\u00abNous avons \u00e9t\u00e9 licenci\u00e9s apr\u00e8s avoir d\u00e9nonc\u00e9 la mauvaise gestion et la dilapidation des deniers publics. Nous sommes dans cette situation depuis 27 mois. Ni l\u2019union de wilaya ni aucun organisme de l\u2019UGTA ne nous est venu en aide. Les responsables du syndicat se renvoyaient la balle\u00bb, s\u2019indigne le syndicaliste, tenant de ses deux mains le drapeau national. Pour rappel, des d\u00e9fections sont signal\u00e9es, ces derniers jours, \u00e0 travers plusieurs structures de l\u2019UGTA. N\u00e9anmoins, force est de constater que l\u2019actuel secr\u00e9taire g\u00e9n\u00e9ral jouit toujours d\u2019une certaine renomm\u00e9e parmi la base militante, reste que celui-ci serait victime, selon ses supporters, de la situation actuelle qui demande le d\u00e9part de tous les responsables ayant \u00e9t\u00e9, pendant plus de deux d\u00e9cennies, \u00e0 la t\u00eate des diff\u00e9rents organismes et institutions. \u00abC\u2019est un vent de changement qui veut tout balayer sur son passage\u00bb, ont affirm\u00e9 certains d\u2019entre eux, affirmant toutefois ne pas \u00eatre contre cette vague, pour peu que tout se fasse dans la l\u00e9galit\u00e9. \u00abAllons vers un congr\u00e8s, et c\u2019est lui qui d\u00e9cidera\u00bb, ont-ils r\u00e9clam\u00e9.\u00a0\u00a0\u00a0\u00a0\u00a0\u00a0\u00a0\u00a0<br \/>Salima Ettouahria<\/p>\n<p>Auteur: elmoudjahid<br \/>\n<a href=\"http:\/\/www.elmoudjahid.com\/fr\/actualites\/135101\">Cliquez ici pour lire l&rsquo;article depuis sa source.<\/a><\/p>\n","protected":false},"excerpt":{"rendered":"<p>Plusieurs dizaines de syndicalistes affili\u00e9s \u00e0 l\u2019Union g\u00e9n\u00e9rale des travailleurs alg\u00e9riens (UGTA) ont organis\u00e9, hier, un rassemblement devant le si\u00e8ge de la Centrale syndicale, pour r\u00e9clamer le d\u00e9part d\u2019Abdelmadjid Sidi-Sa\u00efd, secr\u00e9taire g\u00e9n\u00e9ral de l\u2019organisation.\u00a0 Issus des diff\u00e9rentes entreprises publiques, \u00e0 l\u2019instar de la CNAC, de Cosider, de la CNAS, d\u2019Arts et Culture, les syndicalistes ont [&hellip;]<\/p>\n","protected":false},"author":1744,"featured_media":0,"comment_status":"closed","ping_status":"closed","sticky":false,"template":"","format":"standard","meta":{"fifu_image_url":"","fifu_image_alt":"","footnotes":""},"categories":[73,53],"tags":[],"class_list":["post-23936","post","type-post","status-publish","format-standard","hentry","category-actualite","category-algerie"],"_links":{"self":[{"href":"https:\/\/linitiative.ca\/International\/wp-json\/wp\/v2\/posts\/23936","targetHints":{"allow":["GET"]}}],"collection":[{"href":"https:\/\/linitiative.ca\/International\/wp-json\/wp\/v2\/posts"}],"about":[{"href":"https:\/\/linitiative.ca\/International\/wp-json\/wp\/v2\/types\/post"}],"author":[{"embeddable":true,"href":"https:\/\/linitiative.ca\/International\/wp-json\/wp\/v2\/users\/1744"}],"replies":[{"embeddable":true,"href":"https:\/\/linitiative.ca\/International\/wp-json\/wp\/v2\/comments?post=23936"}],"version-history":[{"count":0,"href":"https:\/\/linitiative.ca\/International\/wp-json\/wp\/v2\/posts\/23936\/revisions"}],"wp:attachment":[{"href":"https:\/\/linitiative.ca\/International\/wp-json\/wp\/v2\/media?parent=23936"}],"wp:term":[{"taxonomy":"category","embeddable":true,"href":"https:\/\/linitiative.ca\/International\/wp-json\/wp\/v2\/categories?post=23936"},{"taxonomy":"post_tag","embeddable":true,"href":"https:\/\/linitiative.ca\/International\/wp-json\/wp\/v2\/tags?post=23936"}],"curies":[{"name":"wp","href":"https:\/\/api.w.org\/{rel}","templated":true}]}}