{"id":23937,"date":"2019-03-24T19:00:00","date_gmt":"2019-03-24T23:00:00","guid":{"rendered":"https:\/\/linitiative.ca\/International\/education-nationale-les-sujets-du-baccalaureat-fin-prets\/"},"modified":"2019-03-24T19:00:00","modified_gmt":"2019-03-24T23:00:00","slug":"education-nationale-les-sujets-du-baccalaureat-fin-prets","status":"publish","type":"post","link":"https:\/\/linitiative.ca\/International\/education-nationale-les-sujets-du-baccalaureat-fin-prets\/","title":{"rendered":"Education nationale : Les sujets du baccalaur\u00e9at fin pr\u00eats"},"content":{"rendered":"<p><strong>\u00c0 quelque deux mois de la date de la tenue de l\u2019examen du baccalaur\u00e9at, les annexes r\u00e9gionales relevant de l\u2019Office national des examens et concours (ONEC) vont proc\u00e9der \u00e0 la remise des sujets \u00e9labor\u00e9s, et qui seront plac\u00e9s, par la suite, dans une \u00abbanque de sujets\u00bb. En effet, pas moins de 500 cadres, enseignants et inspecteurs de l\u2019\u00e9ducation, sp\u00e9cialis\u00e9s dans diff\u00e9rentes mati\u00e8res, mobilis\u00e9s pour l\u2019\u00e9laboration des sujets du baccalaur\u00e9at, session 2019, ont fini la mission qui leur a \u00e9t\u00e9 confi\u00e9e.<\/strong><\/p>\n<p>L\u2019ONEC a d\u00e9j\u00e0 proc\u00e9d\u00e9 depuis le mois de novembre dernier \u00e0 la pr\u00e9paration et \u00e0 la mise en place des commissions charg\u00e9es de l\u2019\u00e9laboration des sujets des \u00e9preuves au titre de l\u2019ann\u00e9e scolaire 2018\/2019, dont la tenue est pr\u00e9vue du 16 au 20 juin de l\u2019ann\u00e9e en cours. Il faut dire que toutes les mesures ont \u00e9t\u00e9 prises pour garantir la cr\u00e9dibilit\u00e9 des examens scolaires nationaux, avec la contribution des secteurs concern\u00e9s et les responsables locaux. Ces m\u00eames mesures pr\u00e9voient notamment la s\u00e9curisation des examens dans le but d\u2019assurer leur cr\u00e9dibilit\u00e9 et de garantir l\u2019\u00e9galit\u00e9 des chances entre les \u00e9l\u00e8ves.<br \/>Pour ce faire, les enseignants et inspecteurs charg\u00e9s de l\u2019\u00e9laboration des sujets d\u2019examens nationaux ont b\u00e9n\u00e9fici\u00e9, en novembre dernier, d\u2019une formation en vue d\u2019am\u00e9liorer leurs performances. Ce cycle de formation a permis \u00e0 ces enseignants d\u2019\u00e9changer les exp\u00e9riences et expertises sur les crit\u00e8res et indicateurs adopt\u00e9s pour l\u2019\u00e9laboration des sujets, ce qui permettra de r\u00e9duire la marge d\u2019erreur et de concevoir des sujets de qualit\u00e9 aux normes internationales.<br \/>Pour ce qu\u2019il s\u2019agit des r\u00e9formes qui devraient \u00eatre introduites au syst\u00e8me du baccalaur\u00e9at, la ministre de l\u2019Education nationale, Nouria Benghabrit, a affirm\u00e9 auparavant qu\u2019il n\u2019y aura pas de changement dans les \u00e9preuves du baccalaur\u00e9at pour la session 2019 et que \u00ables changements dans l\u2019organisation du bac ne seront op\u00e9r\u00e9s qu\u2019\u00e0 partir de l\u2019ann\u00e9e prochaine\u00bb, c\u2019est-\u00e0-dire en 2020.<br \/>En effet, il est pr\u00e9vu que la r\u00e9forme du baccalaur\u00e9at sera appliqu\u00e9e d\u00e8s l\u2019ann\u00e9e prochaine, apr\u00e8s son passage par plusieurs \u00e9tapes pour son approbation. Cette r\u00e9forme devrait porter principalement sur deux propositions relatives \u00e0 la r\u00e9duction du nombre de jours des \u00e9preuves du baccalaur\u00e9at de cinq jours actuellement \u00e0 2 jours et demi ou 3 jours et demi, alors que sur le plan p\u00e9dagogique, il est pr\u00e9vu d\u2019instaurer le contr\u00f4le continu ou l\u2019\u00e9valuation en permanence de l\u2019\u00e9l\u00e8ve \u00e0 partir de la deuxi\u00e8me ann\u00e9e secondaire englobant toutes les mati\u00e8res sans exception.<br \/>Les syndicats ont d\u00e9j\u00e0 accept\u00e9 ce projet de r\u00e9forme qui se trouve actuellement sur le bureau du gouvernement.<br \/>En ce qui concerne l\u2019examen de 5e ann\u00e9e, celui-ci sera maintenu sous sa forme actuelle, cependant, les sujets d\u2019examen devraient \u00eatre, dans le futur, des sujets r\u00e9gionaux et non nationaux, et ce dans le cadre de la poursuite de la mise en \u0153uvre des r\u00e9formes \u00e9ducatives adopt\u00e9es depuis 2003.<br \/>Rappelons que l\u2019examen de la 5e ann\u00e9e (cycle primaire) se d\u00e9roulera le 29 mai 2019, avec l\u2019\u00e9preuve de la langue arabe (9h-10h30) et des math\u00e9matiques (11h-12h30) en matin\u00e9e, alors que l\u2019\u00e9preuve de la langue fran\u00e7aise est pr\u00e9vue dans l\u2019apr\u00e8s-midi de 15h \u00e0 16h30.<br \/>Pour ce qui est des \u00e9preuves du BEM, elles se d\u00e9rouleront en trois jours du 9 au 11 juin 2019. Les \u00e9preuves inscrites au premier jour du BEM sont la langue arabe (8h30-10h30), les sciences physiques et technologie (11h-12h30), l\u2019\u00e9ducation islamique (14h30-15h30) et l\u2019\u00e9ducation civique (16h-17h).<br \/>Le deuxi\u00e8me jour du BEM sera consacr\u00e9 aux math\u00e9matiques (8h30-10h30), la langue anglaise (11h-12h30) et l\u2019histoire-g\u00e9ographie (14h30-16h).<br \/>Concernant le troisi\u00e8me jour, les \u00e9preuves porteront sur la langue fran\u00e7aise (8h30-10h30), les sciences naturelles et de la vie (11h-12h30) ainsi que la langue amazigh (14h30-16h).<br \/>S\u2019agissant de l\u2019examen du baccalaur\u00e9at, il s\u2019\u00e9talera sur cinq jours, soit du 16 au 20 juin 2019, et concernera six fili\u00e8res, \u00e0 savoir litt\u00e9rature-philosophie, langues \u00e9trang\u00e8res, sciences exp\u00e9rimentales, math\u00e9matiques, techniques-math\u00e9matiques et gestion-\u00e9conomie.<br \/>Les \u00e9preuves d\u00e9buteront \u00e0 8h30 pour toutes les fili\u00e8res et celles de l\u2019apr\u00e8s-midi d\u00e9buteront \u00e0 15h, alors que certaines \u00e9preuves se termineront \u00e0 18h30. Il convient de noter tout de m\u00eame que les examens de fin d\u2019ann\u00e9e ne seront pas affect\u00e9e par le d\u00e9part du ministre actuel et l\u2019arriv\u00e9e d\u2019un nouveau ministre du secteur, et ce dans le cas d\u2019un \u00e9ventuel remaniement minist\u00e9riel.\u00a0 L\u2019ann\u00e9e scolaire 2018\/2019 s\u2019est tout de m\u00eame inscrite dans la poursuite des r\u00e9formes et se caract\u00e9rise par la mise en \u0153uvre du processus de \u00abl\u2019\u00e9cole de qualit\u00e9\u00bb, \u00e0 laquelle aspire toute la communaut\u00e9 \u00e9ducative et nationale.<br \/><strong>Sarah A. Benali Cherif<\/strong><br \/>\u00a0<\/p>\n<p>Auteur: elmoudjahid<br \/>\n<a href=\"http:\/\/www.elmoudjahid.com\/fr\/actualites\/135102\">Cliquez ici pour lire l&rsquo;article depuis sa source.<\/a><\/p>\n","protected":false},"excerpt":{"rendered":"<p>\u00c0 quelque deux mois de la date de la tenue de l\u2019examen du baccalaur\u00e9at, les annexes r\u00e9gionales relevant de l\u2019Office national des examens et concours (ONEC) vont proc\u00e9der \u00e0 la remise des sujets \u00e9labor\u00e9s, et qui seront plac\u00e9s, par la suite, dans une \u00abbanque de sujets\u00bb. En effet, pas moins de 500 cadres, enseignants et [&hellip;]<\/p>\n","protected":false},"author":1744,"featured_media":0,"comment_status":"closed","ping_status":"closed","sticky":false,"template":"","format":"standard","meta":{"fifu_image_url":"","fifu_image_alt":"","footnotes":""},"categories":[73,53],"tags":[],"class_list":["post-23937","post","type-post","status-publish","format-standard","hentry","category-actualite","category-algerie"],"_links":{"self":[{"href":"https:\/\/linitiative.ca\/International\/wp-json\/wp\/v2\/posts\/23937","targetHints":{"allow":["GET"]}}],"collection":[{"href":"https:\/\/linitiative.ca\/International\/wp-json\/wp\/v2\/posts"}],"about":[{"href":"https:\/\/linitiative.ca\/International\/wp-json\/wp\/v2\/types\/post"}],"author":[{"embeddable":true,"href":"https:\/\/linitiative.ca\/International\/wp-json\/wp\/v2\/users\/1744"}],"replies":[{"embeddable":true,"href":"https:\/\/linitiative.ca\/International\/wp-json\/wp\/v2\/comments?post=23937"}],"version-history":[{"count":0,"href":"https:\/\/linitiative.ca\/International\/wp-json\/wp\/v2\/posts\/23937\/revisions"}],"wp:attachment":[{"href":"https:\/\/linitiative.ca\/International\/wp-json\/wp\/v2\/media?parent=23937"}],"wp:term":[{"taxonomy":"category","embeddable":true,"href":"https:\/\/linitiative.ca\/International\/wp-json\/wp\/v2\/categories?post=23937"},{"taxonomy":"post_tag","embeddable":true,"href":"https:\/\/linitiative.ca\/International\/wp-json\/wp\/v2\/tags?post=23937"}],"curies":[{"name":"wp","href":"https:\/\/api.w.org\/{rel}","templated":true}]}}