{"id":23938,"date":"2019-03-24T19:00:00","date_gmt":"2019-03-24T23:00:00","guid":{"rendered":"https:\/\/linitiative.ca\/International\/festival-lire-en-fete-a-constantine-activites-ludiques-et-educatives\/"},"modified":"2019-03-24T19:00:00","modified_gmt":"2019-03-24T23:00:00","slug":"festival-lire-en-fete-a-constantine-activites-ludiques-et-educatives","status":"publish","type":"post","link":"https:\/\/linitiative.ca\/International\/festival-lire-en-fete-a-constantine-activites-ludiques-et-educatives\/","title":{"rendered":"Festival \u00ab lire en f\u00eate \u00bb \u00e0 Constantine   :     Activit\u00e9s ludiques et \u00e9ducatives"},"content":{"rendered":"<p>Depuis l\u2019ouverture, samedi, de la neuvi\u00e8me \u00e9dition du festival \u00abLire en f\u00eate\u00bb, la biblioth\u00e8que principale de lecture publique de Constantine s\u2019est remplie \u00e0 nouveau du bourdonnement joyeux des tout-petits venus profiter d\u2019une flop\u00e9e d\u2019activit\u00e9s ludiques et \u00e9ducatives sp\u00e9cialement concoct\u00e9es \u00e0 cette occasion. Organis\u00e9 comme \u00e0 l\u2019accoutum\u00e9 durant les vacances scolaires de printemps, cette nouvelle \u00e9dition du festival annuel \u00abLire en f\u00eate\u00bb propose aux enfants des programmes tr\u00e8s vari\u00e9s \u00e9tablis pour capter l\u2019attention des enfants en m\u00e9langeant activit\u00e9s ludiques et instructives. Cette manifestation culturelle propose notamment des spectacles de th\u00e9\u00e2tre et de conte, des divertissements anim\u00e9s par des clowns, des ateliers artistiques et scientifiques, des jeux d\u2019intelligence et des concours de dessin de culture g\u00e9n\u00e9rale et de calcul mental \u00e0 l\u2019aide en plus d\u2019un atelier d\u2019initiation \u00e0 l\u2019astronomie.<br \/>Deux expositions d\u2019astrophotographies et de livres sont \u00e9galement propos\u00e9es aux plus \u00e2g\u00e9s parmi les jeunes visiteurs de cette manifestation plac\u00e9e sous le slogan \u00abColore ta vie par la lecture\u00bb. A l\u2019affiche les pi\u00e8ces El Sheitan El Maghrour et Maya Wal Arnab El Maghrour de l\u2019association El Afaf, Al Nemla Oua Soursour, (la cigale et la fourmi) de la troupe El Karakouze propos\u00e9es seront \u00e9galement pr\u00e9sent\u00e9es \u00e0 la salle de spectacles de la biblioth\u00e8que principale de lecture publique en marge de cette manifestation. Selon Bilel Bouteba, responsable du service des activit\u00e9s culturelles de la biblioth\u00e8que principale de lecture publique de Constantine, le commissariat du festival a voulu se d\u00e9marquer cette ann\u00e9e en offrant aux enfants de nouvelles activit\u00e9s pour les aider \u00e0 d\u00e9couvrir et \u00e0 d\u00e9velopper leur cr\u00e9ativit\u00e9 \u00e0 l\u2019instar du concours de jeu vid\u00e9o et l\u2019atelier de \u00abSoroban\u00bb.<br \/>\u00abTous les ateliers et les spectacles propos\u00e9s se veulent \u00eatre une invitation pour les bambins \u00e0 grandir dans l\u2019amour de la science, de l\u2019art et de la lecture et \u00e0 aller constamment \u00e0 la d\u00e9couverte du savoir\u00bb, ajoute-t-il.<br \/>Ouvert \u00e0 tout public, la 9e \u00e9dition de la manifestation \u00abLire en f\u00eate\u00bb sera cl\u00f4tur\u00e9e mardi par une remise de prix aux enfants ayant particip\u00e9 aux ateliers de Calcul mental et de dessin notamment, en plus d\u2019une remise d\u2019attestations aux participants, a-t-on indiqu\u00e9.<\/p>\n<p>Auteur: elmoudjahid<br \/>\n<a href=\"http:\/\/www.elmoudjahid.com\/fr\/actualites\/135103\">Cliquez ici pour lire l&rsquo;article depuis sa source.<\/a><\/p>\n","protected":false},"excerpt":{"rendered":"<p>Depuis l\u2019ouverture, samedi, de la neuvi\u00e8me \u00e9dition du festival \u00abLire en f\u00eate\u00bb, la biblioth\u00e8que principale de lecture publique de Constantine s\u2019est remplie \u00e0 nouveau du bourdonnement joyeux des tout-petits venus profiter d\u2019une flop\u00e9e d\u2019activit\u00e9s ludiques et \u00e9ducatives sp\u00e9cialement concoct\u00e9es \u00e0 cette occasion. Organis\u00e9 comme \u00e0 l\u2019accoutum\u00e9 durant les vacances scolaires de printemps, cette nouvelle \u00e9dition [&hellip;]<\/p>\n","protected":false},"author":1744,"featured_media":0,"comment_status":"closed","ping_status":"closed","sticky":false,"template":"","format":"standard","meta":{"fifu_image_url":"","fifu_image_alt":"","footnotes":""},"categories":[73,53],"tags":[],"class_list":["post-23938","post","type-post","status-publish","format-standard","hentry","category-actualite","category-algerie"],"_links":{"self":[{"href":"https:\/\/linitiative.ca\/International\/wp-json\/wp\/v2\/posts\/23938","targetHints":{"allow":["GET"]}}],"collection":[{"href":"https:\/\/linitiative.ca\/International\/wp-json\/wp\/v2\/posts"}],"about":[{"href":"https:\/\/linitiative.ca\/International\/wp-json\/wp\/v2\/types\/post"}],"author":[{"embeddable":true,"href":"https:\/\/linitiative.ca\/International\/wp-json\/wp\/v2\/users\/1744"}],"replies":[{"embeddable":true,"href":"https:\/\/linitiative.ca\/International\/wp-json\/wp\/v2\/comments?post=23938"}],"version-history":[{"count":0,"href":"https:\/\/linitiative.ca\/International\/wp-json\/wp\/v2\/posts\/23938\/revisions"}],"wp:attachment":[{"href":"https:\/\/linitiative.ca\/International\/wp-json\/wp\/v2\/media?parent=23938"}],"wp:term":[{"taxonomy":"category","embeddable":true,"href":"https:\/\/linitiative.ca\/International\/wp-json\/wp\/v2\/categories?post=23938"},{"taxonomy":"post_tag","embeddable":true,"href":"https:\/\/linitiative.ca\/International\/wp-json\/wp\/v2\/tags?post=23938"}],"curies":[{"name":"wp","href":"https:\/\/api.w.org\/{rel}","templated":true}]}}