{"id":23939,"date":"2019-03-24T19:00:00","date_gmt":"2019-03-24T23:00:00","guid":{"rendered":"https:\/\/linitiative.ca\/International\/les-decrets-presidentiels-de-nomination-de-mm-bedoui-et-lamamra-publies-au-jo\/"},"modified":"2019-03-24T19:00:00","modified_gmt":"2019-03-24T23:00:00","slug":"les-decrets-presidentiels-de-nomination-de-mm-bedoui-et-lamamra-publies-au-jo","status":"publish","type":"post","link":"https:\/\/linitiative.ca\/International\/les-decrets-presidentiels-de-nomination-de-mm-bedoui-et-lamamra-publies-au-jo\/","title":{"rendered":"Les d\u00e9crets pr\u00e9sidentiels de nomination  de MM. Bedoui et Lamamra publi\u00e9s au JO"},"content":{"rendered":"<p>Les d\u00e9crets pr\u00e9sidentiels relatifs \u00e0 la nomination de M. Noureddine Bedoui, comme Premier ministre, et de M. Ramtane Lamamra, au poste de vice-Premier ministre et ministre des Affaires \u00e9trang\u00e8res, ont \u00e9t\u00e9 publi\u00e9s dans le dernier num\u00e9ro du Journal officiel. Le premier d\u00e9cret pr\u00e9sidentiel n\u00b019-97, du 11 mars 2019, est relatif \u00e0 la nomination de M. Bedoui au poste de Premier ministre. Le second d\u00e9cret pr\u00e9sidentiel n\u00b019-99, concerne la nomination de M. Lamamra en tant que vice-Premier ministre et ministre des Affaires \u00e9trang\u00e8res.\u00a0\u00a0<br \/>Dans le m\u00eame num\u00e9ro du JO, sont \u00e9galement publi\u00e9s les d\u00e9crets pr\u00e9sidentiels mettant fin aux fonctions de Premier ministre exerc\u00e9es par M. Ahmed Ouyahia, ainsi qu&rsquo;aux fonctions de ministre des Affaires \u00e9trang\u00e8res, exerc\u00e9es par M. Abdelkader Messahel.<\/p>\n<p>Auteur: elmoudjahid<br \/>\n<a href=\"http:\/\/www.elmoudjahid.com\/fr\/actualites\/135104\">Cliquez ici pour lire l&rsquo;article depuis sa source.<\/a><\/p>\n","protected":false},"excerpt":{"rendered":"<p>Les d\u00e9crets pr\u00e9sidentiels relatifs \u00e0 la nomination de M. Noureddine Bedoui, comme Premier ministre, et de M. Ramtane Lamamra, au poste de vice-Premier ministre et ministre des Affaires \u00e9trang\u00e8res, ont \u00e9t\u00e9 publi\u00e9s dans le dernier num\u00e9ro du Journal officiel. Le premier d\u00e9cret pr\u00e9sidentiel n\u00b019-97, du 11 mars 2019, est relatif \u00e0 la nomination de M. [&hellip;]<\/p>\n","protected":false},"author":1744,"featured_media":0,"comment_status":"closed","ping_status":"closed","sticky":false,"template":"","format":"standard","meta":{"fifu_image_url":"","fifu_image_alt":"","footnotes":""},"categories":[73,53],"tags":[],"class_list":["post-23939","post","type-post","status-publish","format-standard","hentry","category-actualite","category-algerie"],"_links":{"self":[{"href":"https:\/\/linitiative.ca\/International\/wp-json\/wp\/v2\/posts\/23939","targetHints":{"allow":["GET"]}}],"collection":[{"href":"https:\/\/linitiative.ca\/International\/wp-json\/wp\/v2\/posts"}],"about":[{"href":"https:\/\/linitiative.ca\/International\/wp-json\/wp\/v2\/types\/post"}],"author":[{"embeddable":true,"href":"https:\/\/linitiative.ca\/International\/wp-json\/wp\/v2\/users\/1744"}],"replies":[{"embeddable":true,"href":"https:\/\/linitiative.ca\/International\/wp-json\/wp\/v2\/comments?post=23939"}],"version-history":[{"count":0,"href":"https:\/\/linitiative.ca\/International\/wp-json\/wp\/v2\/posts\/23939\/revisions"}],"wp:attachment":[{"href":"https:\/\/linitiative.ca\/International\/wp-json\/wp\/v2\/media?parent=23939"}],"wp:term":[{"taxonomy":"category","embeddable":true,"href":"https:\/\/linitiative.ca\/International\/wp-json\/wp\/v2\/categories?post=23939"},{"taxonomy":"post_tag","embeddable":true,"href":"https:\/\/linitiative.ca\/International\/wp-json\/wp\/v2\/tags?post=23939"}],"curies":[{"name":"wp","href":"https:\/\/api.w.org\/{rel}","templated":true}]}}