{"id":23940,"date":"2019-03-24T19:00:00","date_gmt":"2019-03-24T23:00:00","guid":{"rendered":"https:\/\/linitiative.ca\/International\/dans-lattente-dun-nouveau-gouvernement-le-dialogue-un-imperatif\/"},"modified":"2019-03-24T19:00:00","modified_gmt":"2019-03-24T23:00:00","slug":"dans-lattente-dun-nouveau-gouvernement-le-dialogue-un-imperatif","status":"publish","type":"post","link":"https:\/\/linitiative.ca\/International\/dans-lattente-dun-nouveau-gouvernement-le-dialogue-un-imperatif\/","title":{"rendered":"Dans l\u2019attente d\u2019un nouveau gouvernement :   Le dialogue, un imp\u00e9ratif"},"content":{"rendered":"<p><strong>Les d\u00e9crets pr\u00e9sidentiels relatifs \u00e0 la nomination de M. Noureddine Bedoui comme Premier ministre et de M. Ramtane Lamamra au poste de vice-Premier ministre et ministre des Affaires \u00e9trang\u00e8res ont \u00e9t\u00e9 publi\u00e9s au Journal officiel. Sur un autre volet, force est de constater que le temps pris par M. Bedoui pour former un nouveau gouvernement a donn\u00e9 lieu \u00e0 des interpr\u00e9tations diverses.<\/strong><\/p>\n<p>Un sujet qui ne cesse de faire couler beaucoup d\u2019encre dans les colonnes de la presse, les sites \u00e9lectroniques et m\u00eame sur les r\u00e9seaux sociaux. Hier encore, des r\u00e9dactions \u00e9taient tenues en haleine des heures durant, suspendues \u00e0 l\u2019id\u00e9e qu\u2019une annonce officielle du nouvel Ex\u00e9cutif allait se faire dans la journ\u00e9e.<br \/>Il n\u2019en fut rien. Il s\u2019agit de savoir si le Premier ministre maintiendra en poste des membres du gouvernement actuel, comme cela est annonc\u00e9 par certains titres de la presse.<br \/>Dans l\u2019opinion, le doute s\u2019est install\u00e9 du fait que sur le site du Premier minist\u00e8re, seuls apparaissent les noms et les portraits de M. Bedoui et de M. Lamamra. N\u00e9anmoins, hier, les ministres Abdelwahid Temmar et Youcef Yousfi, respectivement en charge de l\u2019Habitat et de l\u2019Industrie, se sont rendus \u00e0 la Safex, pour inaugurer le Salon Batimatec. C\u2019est une preuve suffisante de la continuit\u00e9 des institutions de l\u2019\u00c9tat et du service public, et qu\u2019il n\u2019y a aucun vide institutionnel. Le processus de consultation que m\u00e8ne le nouveau Premier ministre est toujours en cours, pour aboutir \u00e0 l\u2019objectif escompt\u00e9, \u00e0 savoir former un nouveau gouvernement.<br \/>Cela est d\u2019ailleurs un pr\u00e9alable pour accompagner et faciliter le d\u00e9roulement de la conf\u00e9rence nationale inclusive, contenue dans la feuille de route du pr\u00e9sident Abdelaziz Bouteflika.<br \/>\u00c0 ce stade de l\u2019\u00e9volution de la situation politique, le consensus se fait attendre et le contexte de divergences rend difficile le rapprochement des visions des uns et des autres.<br \/>Pourtant, aussi bien les pouvoirs publics que la quasi-totalit\u00e9 des partis, y compris ceux de l\u2019opposition, sont tous acquis au projet d\u2019une IIe R\u00e9publique, souhait\u00e9e et revendiqu\u00e9e par les manifestants de ce mouvement pacifique.<br \/>Du coup, et dans l\u2019attente de la constitution d\u2019un nouvel Ex\u00e9cutif, un appel a \u00e9t\u00e9 lanc\u00e9, pour l\u2019ouverture du dialogue entre toutes les parties, en vue de d\u00e9passer la situation actuelle dans un court laps de temps.<br \/>De la discussion jaillit la lumi\u00e8re, comme dit l\u2019adage, et ce qui est demand\u00e9 aux comp\u00e9tences nationales, aux repr\u00e9sentants de la soci\u00e9t\u00e9 civile et aux leaders des partis toutes ob\u00e9diences confondues, est juste de faire valoir l\u2019int\u00e9r\u00eat de la nation plac\u00e9 au-dessus de toute autre consid\u00e9ration et d\u2019\u0153uvrer \u00e0 consacrer une transition dans la stabilit\u00e9 et la s\u00e9r\u00e9nit\u00e9. Dans un communiqu\u00e9 rendu public hier, le FLN a r\u00e9it\u00e9r\u00e9 son adh\u00e9sion \u00e0 la feuille de route du chef de l\u2019\u00c9tat, y compris la tenue de la conf\u00e9rence nationale qui demeure fondamentale, contrairement \u00e0 ce qu\u2019a annonc\u00e9, \u00e0 \u00ab titre personnel\u00bb, le porte-parole du parti, Hocine Khaldoun, acquis, quant \u00e0 lui, \u00e0 l\u2019id\u00e9e de l\u2019application de l\u2019article 102 de la Constitution. Des formations politiques et des personnalit\u00e9s de l\u2019opposition, r\u00e9unies samedi \u00e0 Alger, ont, de leur c\u00f4t\u00e9, propos\u00e9 \u00abune solution politique, dans le cadre de la l\u00e9gitimit\u00e9 populaire, telle que consacr\u00e9e par l\u2019article 7 de la Constitution\u00bb.<br \/>Elles pr\u00e9conisent ainsi la cr\u00e9ation d\u2019une \u00abinstance pr\u00e9sidentielle\u00bb devant assurer une p\u00e9riode de transition de moins de six mois. Ladite instance \u00abse charge de former un gouvernement de comp\u00e9tences nationales, pour g\u00e9rer les affaires courantes, instaurer une instance nationale ind\u00e9pendante d\u2019organisation des \u00e9lections, modifier la loi \u00e9lectorale, pour garantir des \u00e9lections libres et transparentes\u00bb. Les propositions sur la mani\u00e8re d\u2019aller vers cette deuxi\u00e8me R\u00e9publique ne manquent pas, c\u2019est plut\u00f4t le fait de les d\u00e9battre autour d\u2019une m\u00eame table qui tarde \u00e0 se faire jour.<br \/>\u00a0Karim Aoudia<\/p>\n<p>Auteur: elmoudjahid<br \/>\n<a href=\"http:\/\/www.elmoudjahid.com\/fr\/actualites\/135105\">Cliquez ici pour lire l&rsquo;article depuis sa source.<\/a><\/p>\n","protected":false},"excerpt":{"rendered":"<p>Les d\u00e9crets pr\u00e9sidentiels relatifs \u00e0 la nomination de M. Noureddine Bedoui comme Premier ministre et de M. Ramtane Lamamra au poste de vice-Premier ministre et ministre des Affaires \u00e9trang\u00e8res ont \u00e9t\u00e9 publi\u00e9s au Journal officiel. Sur un autre volet, force est de constater que le temps pris par M. Bedoui pour former un nouveau gouvernement [&hellip;]<\/p>\n","protected":false},"author":1744,"featured_media":0,"comment_status":"closed","ping_status":"closed","sticky":false,"template":"","format":"standard","meta":{"fifu_image_url":"","fifu_image_alt":"","footnotes":""},"categories":[73,53],"tags":[],"class_list":["post-23940","post","type-post","status-publish","format-standard","hentry","category-actualite","category-algerie"],"_links":{"self":[{"href":"https:\/\/linitiative.ca\/International\/wp-json\/wp\/v2\/posts\/23940","targetHints":{"allow":["GET"]}}],"collection":[{"href":"https:\/\/linitiative.ca\/International\/wp-json\/wp\/v2\/posts"}],"about":[{"href":"https:\/\/linitiative.ca\/International\/wp-json\/wp\/v2\/types\/post"}],"author":[{"embeddable":true,"href":"https:\/\/linitiative.ca\/International\/wp-json\/wp\/v2\/users\/1744"}],"replies":[{"embeddable":true,"href":"https:\/\/linitiative.ca\/International\/wp-json\/wp\/v2\/comments?post=23940"}],"version-history":[{"count":0,"href":"https:\/\/linitiative.ca\/International\/wp-json\/wp\/v2\/posts\/23940\/revisions"}],"wp:attachment":[{"href":"https:\/\/linitiative.ca\/International\/wp-json\/wp\/v2\/media?parent=23940"}],"wp:term":[{"taxonomy":"category","embeddable":true,"href":"https:\/\/linitiative.ca\/International\/wp-json\/wp\/v2\/categories?post=23940"},{"taxonomy":"post_tag","embeddable":true,"href":"https:\/\/linitiative.ca\/International\/wp-json\/wp\/v2\/tags?post=23940"}],"curies":[{"name":"wp","href":"https:\/\/api.w.org\/{rel}","templated":true}]}}