{"id":23948,"date":"2019-03-25T09:27:50","date_gmt":"2019-03-25T13:27:50","guid":{"rendered":"https:\/\/linitiative.ca\/International\/87280-championnats-d-afrique-u18-et-u20-d-athletisme-l-algerie-avec-29-athletes-a-abidjan\/"},"modified":"2019-03-25T09:27:50","modified_gmt":"2019-03-25T13:27:50","slug":"87280-championnats-d-afrique-u18-et-u20-d-athletisme-l-algerie-avec-29-athletes-a-abidjan","status":"publish","type":"post","link":"https:\/\/linitiative.ca\/International\/87280-championnats-d-afrique-u18-et-u20-d-athletisme-l-algerie-avec-29-athletes-a-abidjan\/","title":{"rendered":"Championnats d&rsquo;Afrique U18 et U20 d\u2019Athl\u00e9tisme: l&rsquo;Alg\u00e9rie avec 29 athl\u00e8tes \u00e0 Abidjan"},"content":{"rendered":"<div>\n<div class=\"K2FeedImage\"><img decoding=\"async\" src=\"http:\/\/www.aps.dz\/media\/k2\/items\/cache\/a8c7a3f58670960e92d2e90fe8407b99_S.jpg\" alt=\"Championnats d'Afrique U18 et U20 d\u2019Athl\u00e9tisme: l'Alg\u00e9rie avec 29 athl\u00e8tes \u00e0 Abidjan\"><\/div>\n<div class=\"K2FeedIntroText\">\n<p>ALGER &#8211; Vingt-neuf athl\u00e8tes (22 gar\u00e7ons et 7 filles) repr\u00e9senteront l&rsquo;Alg\u00e9rie aux prochains Championnats d&rsquo;Afrique des moins de 18 ans et des moins de 20 ans, pr\u00e9vus du 16 au 20 avril 2019 \u00e0 Abidjan (C\u00f4te d&rsquo;Ivoire), a-t-on appris lundi aupr\u00e8s de la F\u00e9d\u00e9ration alg\u00e9rienne d&rsquo;athl\u00e9tisme (FAA).<\/p>\n<\/div>\n<div class=\"K2FeedFullText\">\n<p>\u00ab\u00a0La s\u00e9lection alg\u00e9rienne se compose de 11 gar\u00e7ons U18, 11 gar\u00e7ons U20, 4 filles U18 et 3 filles U20\u00a0\u00bb a indiqu\u00e9 l&rsquo;instance f\u00e9d\u00e9rale, en pr\u00e9cisant que \u00ab\u00a0ces athl\u00e8tes ont r\u00e9alis\u00e9 les minima exig\u00e9s pour participer aux prochains Championnats d&rsquo;Afrique\u00a0\u00bb et que c&rsquo;est sur cette base qu&rsquo;ils ont \u00e9t\u00e9 s\u00e9lectionn\u00e9s.<\/p>\n<p>Chez les U18 (gar\u00e7ons), l&rsquo;Alg\u00e9rie sera repr\u00e9sent\u00e9e par Ameur Abdennour (10.000m marche), Karim Belmahdi (3000m), Mohamed-Skander Bahbouh (disque), Isma\u00efl Benhammouda (10.000m marche), Mohamed Benmansour (110m\/haies), Abdelmalek Benziada (disque\/marteau), Badreddine Boudrah (d\u00e9cathlon), Mohamed-Ali Gouaned (400m\/800m), Abderrahmane Daoud (3000m), A\u00efssa Lefilef (1500m) et Ayoub Taleb (1500m).<\/p>\n<hr>\n<p><em><strong>Lire aussi:\u00a0<a href=\"http:\/\/www.aps.dz\/sport\/87208-handisports-retour-a-la-competition-des-equipes-de-natation-et-de-tennis-de-table\">Handisports: retour \u00e0 la comp\u00e9tition des \u00e9quipes de natation et de tennis de table<\/a><\/strong><\/em><\/p>\n<hr>\n<p>Chez les filles de la m\u00eame cat\u00e9gorie d&rsquo;\u00e2ge, les repr\u00e9sentantes alg\u00e9riennes sont Rahil Hamel (100m\/haies), Nuara Lamzaoui (800m), Fatma-Zohra Ikram Tadjine (Marteau) et Melissa Touloum (5000m marche).<\/p>\n<p>Chez les U20 (Gar\u00e7ons), les couleurs nationales seront repr\u00e9sent\u00e9es par Akram Abed (3000m steeple), Mehdi Abidi (10.000m marche), Billel Afer (hauteur), Hicham Bekkouche (400m\/haies), R\u00e9da Boudechiche (perche), Oussama Cherrad (800m), Rabie Deliba (1500m), Mohamed Abdelhakim Guettouche (100m), Sa\u00efd Khoufache (10.000m marche), Mohamed Abderrahmane Zadi (d\u00e9cathlon\/110m haies), Mohamed Mahdi Zekraoui (100m).<\/p>\n<p>Chez les filles de la m\u00eame cat\u00e9gorie d&rsquo;\u00e2ge, l&rsquo;Alg\u00e9rie sera repr\u00e9sent\u00e9e par Loubna Benhadja (400m\/haies), Katia Hammouraoui (disque) et Widad Yesli (heptathlon).<\/p>\n<\/div>\n<p><img loading=\"lazy\" decoding=\"async\" src=\"http:\/\/feeds.feedburner.com\/~r\/aps-sport\/~4\/MKACv3C7EUg\" height=\"1\" width=\"1\" alt=\"\"><\/div>\n<p>Auteur:<br \/>\n<a href=\"http:\/\/www.aps.dz\/sport\/87280-championnats-d-afrique-u18-et-u20-d-athletisme-l-algerie-avec-29-athletes-a-abidjan?utm_source=feedburner&#038;utm_medium=feed&#038;utm_campaign=Feed%3A+aps-sport+%28APS+-+SPORT%29\">Cliquez ici pour lire l&rsquo;article depuis sa source.<\/a><\/p>\n","protected":false},"excerpt":{"rendered":"<p>ALGER &#8211; Vingt-neuf athl\u00e8tes (22 gar\u00e7ons et 7 filles) repr\u00e9senteront l&rsquo;Alg\u00e9rie aux prochains Championnats d&rsquo;Afrique des moins de 18 ans et des moins de 20 ans, pr\u00e9vus du 16 au 20 avril 2019 \u00e0 Abidjan (C\u00f4te d&rsquo;Ivoire), a-t-on appris lundi aupr\u00e8s de la F\u00e9d\u00e9ration alg\u00e9rienne d&rsquo;athl\u00e9tisme (FAA). \u00ab\u00a0La s\u00e9lection alg\u00e9rienne se compose de 11 gar\u00e7ons [&hellip;]<\/p>\n","protected":false},"author":1790,"featured_media":23949,"comment_status":"closed","ping_status":"closed","sticky":false,"template":"","format":"standard","meta":{"fifu_image_url":"","fifu_image_alt":"","footnotes":""},"categories":[53,75],"tags":[],"class_list":["post-23948","post","type-post","status-publish","format-standard","has-post-thumbnail","hentry","category-algerie","category-sport"],"_links":{"self":[{"href":"https:\/\/linitiative.ca\/International\/wp-json\/wp\/v2\/posts\/23948","targetHints":{"allow":["GET"]}}],"collection":[{"href":"https:\/\/linitiative.ca\/International\/wp-json\/wp\/v2\/posts"}],"about":[{"href":"https:\/\/linitiative.ca\/International\/wp-json\/wp\/v2\/types\/post"}],"author":[{"embeddable":true,"href":"https:\/\/linitiative.ca\/International\/wp-json\/wp\/v2\/users\/1790"}],"replies":[{"embeddable":true,"href":"https:\/\/linitiative.ca\/International\/wp-json\/wp\/v2\/comments?post=23948"}],"version-history":[{"count":0,"href":"https:\/\/linitiative.ca\/International\/wp-json\/wp\/v2\/posts\/23948\/revisions"}],"wp:featuredmedia":[{"embeddable":true,"href":"https:\/\/linitiative.ca\/International\/wp-json\/"}],"wp:attachment":[{"href":"https:\/\/linitiative.ca\/International\/wp-json\/wp\/v2\/media?parent=23948"}],"wp:term":[{"taxonomy":"category","embeddable":true,"href":"https:\/\/linitiative.ca\/International\/wp-json\/wp\/v2\/categories?post=23948"},{"taxonomy":"post_tag","embeddable":true,"href":"https:\/\/linitiative.ca\/International\/wp-json\/wp\/v2\/tags?post=23948"}],"curies":[{"name":"wp","href":"https:\/\/api.w.org\/{rel}","templated":true}]}}