{"id":23982,"date":"2019-03-25T14:23:00","date_gmt":"2019-03-25T18:23:00","guid":{"rendered":"https:\/\/linitiative.ca\/International\/mohamed-adel-chehida-mer-mediterranee-pont-culturel-ou-cimetiere-de-nos-reves\/"},"modified":"2019-03-25T14:23:00","modified_gmt":"2019-03-25T18:23:00","slug":"mohamed-adel-chehida-mer-mediterranee-pont-culturel-ou-cimetiere-de-nos-reves","status":"publish","type":"post","link":"https:\/\/linitiative.ca\/International\/mohamed-adel-chehida-mer-mediterranee-pont-culturel-ou-cimetiere-de-nos-reves\/","title":{"rendered":"Mohamed Adel Chehida &#8211; Mer M\u00e9diterran\u00e9e: pont culturel ou cimeti\u00e8re de nos r\u00eaves ?"},"content":{"rendered":"<p><img loading=\"lazy\" decoding=\"async\" src=\"\/uploads\/FCK_files\/Mohamed-Adel-Chehida(10).jpg\" alt=\"\" width=\"201\" vspace=\"5\" hspace=\"5\" height=\"239\" align=\"right\"\/>Ni\u00e8me trag\u00e9die de jeunes tunisiens en mer m\u00e9diterran\u00e9enne. Une dizaine de jeunes qui r\u00eavaient d\u2019un avenir meilleur, dont un jeune couple et leur enfant, ont quitt\u00e9 clandestinement la c\u00f4te de Mahdia le 17 mars dernier, nous sommes sans aucune nouvelle d\u2019eux m\u2019\u00e9crivait une dame sur mon Messenger. Elle me demandait de m\u2019informer aupr\u00e8s des p\u00e9cheurs tunisiens, ici en Italie. Evidement le sujet est sensible et personne ne savait grand-chose. La seule certitude est qu\u2019on a retrouv\u00e9 la barque vide, ce qui a mis toutes les familles en alerte et toute la r\u00e9gion de Rejich en angoisse.<\/p>\n<p>Hier\u00a0 soir cette dame m\u2019a inform\u00e9 que malheureusement, ils viennent de retrouver le corps de Mlle Ons, \u00e2g\u00e9e de 26 ans dipl\u00f4m\u00e9e universitaire en \u00e9ducation physique sur les c\u00f4tes sfaxiennes.<\/p>\n<p>Un drame d\u2019autant plus insupportable que cette jeune dame cherchait \u00e0 quitter la Tunisie avec son fr\u00e8re mineur dans l\u2019espoir de se faire traiter pour une maladie. Aucune nouvelle des autres \u00e0 l\u2019instant o\u00f9 je r\u00e9dige ces quelques lignes.<\/p>\n<p>Le jeune Aziz Nessib lyc\u00e9en en troisi\u00e8me ann\u00e9e math\u00e9matique avait post\u00e9 sur son facebook le 24 janvier dernier : \u00abcette g\u00e9n\u00e9ration qui a grandi avec la r\u00e9volution et les libert\u00e9s et qui aurait d\u00fb \u00eatre porteuse d\u2019espoir de changement, est \u00e0 l\u2019inverse d\u00e9go\u00fbt\u00e9e d\u2019une patrie qui au final ne lui a rien apport\u00e9\u00bb.<\/p>\n<p>Ceci \u00e9tant, je m\u2019attends \u00e0 ce que nos repr\u00e9sentants au sein de l\u2019ARP demandent des comptes \u00e0 nos dirigeants, interrogent notre ministre de l\u2019int\u00e9rieur. Le 20 mars dernier, dans un exercice pour le moins inhabituel et devant les cadres de l\u2019Etat, le pr\u00e9sident de la r\u00e9publique a dress\u00e9 un tableau bien sombre de la situation. Pers\u00e9v\u00e9rer dans l&rsquo;erreur est condamnable. Les shows comme celui auquel nous avons eu droit sur la sant\u00e9, ne peuvent pas rattraper l\u2019accumulation d\u2019erreurs et de n\u00e9gligences. Le probl\u00e8me de l\u2019\u00e9migration sous toutes ses formes l\u00e9gales et clandestine a \u00e9t\u00e9 longtemps trait\u00e9 \u00e0 la l\u00e9g\u00e8re et pourtant les drames sont devenus quasi quotidiens.\u00a0<\/p>\n<p>On sait qu&rsquo;une enqu\u00eate est en cours depuis un an concernant une autre trag\u00e9die, celle des jeunes de Bir hfay et Bir Ali dont l&#8217;embarcation, transportant plus de 90 jeunes a \u00e9t\u00e9 intercept\u00e9e par la marine nationale, mais s&rsquo;est retrouv\u00e9e au fond de la mer avec plus de 45 corps qui ont \u00e9t\u00e9 rep\u00each\u00e9s. \u00abUn drame national\u00bb avait alors d\u00e9clar\u00e9 le chef de gouvernement. La catastrophe avait alors co\u00fbt\u00e9 au ministre de l&rsquo;Int\u00e9rieur de l\u2019\u00e9poque, Lotfi Brahem son poste.<\/p>\n<p>Les jeunes de la r\u00e9volution (moyenne d\u2019\u00e2ge 22 ans c\u2019est \u00e0 dire ils avaient 14 ans lors de la r\u00e9volution) \u00e0 perdre espoir. La classe politique continue \u00e0 les d\u00e9cevoir, pire encore on continue \u00e0 les culpabiliser de r\u00eaver \u00e0 une vie meilleure en quittant la patrie. Le travail rend digne dit-on \u00e0 juste titre. Etre au ch\u00f4mage sans autre espoir que le caf\u00e9 au bout de la rue est destructeur.<\/p>\n<p>Enfin je me permettrai quand m\u00eame de faire un appel \u00e0 nos jeunes : Je vous implore ne quittez pas la Tunisie clandestinement si vraiment vous cherchez \u00e0 pr\u00e9server votre dignit\u00e9. Cherchez la l\u00e9galit\u00e9 et les canaux r\u00e9guliers. Ne vous attendez pas \u00e0 trouver l\u2019eldorado, le moment et le lieu ne sont pas du tout propices. Une partie de l\u2019Europe traverse malheureusement, une p\u00e9riode sombre, une d\u00e9rive x\u00e9nophobe men\u00e9e par une classe politique qui n\u2019est pas \u00e0 la hauteur des d\u00e9fis futurs.<\/p>\n<p class=\"c2\"><strong>Mohamed Adel Chehida<\/strong><\/p>\n<p>Auteur:<br \/>\n<a href=\"https:\/\/www.leaders.com.tn\/article\/26757-mohamed-adel-chehida-mer-mediterranee-pont-culturel-ou-cimetiere-de-reves\">Cliquez ici pour lire l&rsquo;article depuis sa source.<\/a><\/p>\n","protected":false},"excerpt":{"rendered":"<p>Ni\u00e8me trag\u00e9die de jeunes tunisiens en mer m\u00e9diterran\u00e9enne. Une dizaine de jeunes qui r\u00eavaient d\u2019un avenir meilleur, dont un jeune couple et leur enfant, ont quitt\u00e9 clandestinement la c\u00f4te de Mahdia le 17 mars dernier, nous sommes sans aucune nouvelle d\u2019eux m\u2019\u00e9crivait une dame sur mon Messenger. Elle me demandait de m\u2019informer aupr\u00e8s des p\u00e9cheurs [&hellip;]<\/p>\n","protected":false},"author":1772,"featured_media":23983,"comment_status":"closed","ping_status":"closed","sticky":false,"template":"","format":"standard","meta":{"fifu_image_url":"","fifu_image_alt":"","footnotes":""},"categories":[73,55],"tags":[],"class_list":["post-23982","post","type-post","status-publish","format-standard","has-post-thumbnail","hentry","category-actualite","category-tunisie"],"_links":{"self":[{"href":"https:\/\/linitiative.ca\/International\/wp-json\/wp\/v2\/posts\/23982","targetHints":{"allow":["GET"]}}],"collection":[{"href":"https:\/\/linitiative.ca\/International\/wp-json\/wp\/v2\/posts"}],"about":[{"href":"https:\/\/linitiative.ca\/International\/wp-json\/wp\/v2\/types\/post"}],"author":[{"embeddable":true,"href":"https:\/\/linitiative.ca\/International\/wp-json\/wp\/v2\/users\/1772"}],"replies":[{"embeddable":true,"href":"https:\/\/linitiative.ca\/International\/wp-json\/wp\/v2\/comments?post=23982"}],"version-history":[{"count":0,"href":"https:\/\/linitiative.ca\/International\/wp-json\/wp\/v2\/posts\/23982\/revisions"}],"wp:featuredmedia":[{"embeddable":true,"href":"https:\/\/linitiative.ca\/International\/wp-json\/"}],"wp:attachment":[{"href":"https:\/\/linitiative.ca\/International\/wp-json\/wp\/v2\/media?parent=23982"}],"wp:term":[{"taxonomy":"category","embeddable":true,"href":"https:\/\/linitiative.ca\/International\/wp-json\/wp\/v2\/categories?post=23982"},{"taxonomy":"post_tag","embeddable":true,"href":"https:\/\/linitiative.ca\/International\/wp-json\/wp\/v2\/tags?post=23982"}],"curies":[{"name":"wp","href":"https:\/\/api.w.org\/{rel}","templated":true}]}}