{"id":23990,"date":"2019-03-25T06:00:00","date_gmt":"2019-03-25T10:00:00","guid":{"rendered":"https:\/\/linitiative.ca\/International\/parler-de-corde-sans-setrangler-avec\/"},"modified":"2019-03-25T06:00:00","modified_gmt":"2019-03-25T10:00:00","slug":"parler-de-corde-sans-setrangler-avec","status":"publish","type":"post","link":"https:\/\/linitiative.ca\/International\/parler-de-corde-sans-setrangler-avec\/","title":{"rendered":"Parler de corde sans s\u2019\u00e9trangler avec"},"content":{"rendered":"<p class=\"c3\">Les m\u00e9dias \u00e9gyptiens s\u2019abstiennent de \u00ab parler de corde dans la maison d\u2019un pendu \u00bb, comme le veut le proverbe, et ils sont ultra-prudents dans le traitement de ce qui se passe en Alg\u00e9rie. Les commentateurs \u00e9gyptiens veulent bien \u00e9tablir des comparaisons, mais sans se hasarder \u00e0 traiter les questions de fond. Ainsi, lorsqu\u2019ils parlent de Bouteflika, la comparaison avec Moubarak fait cliqueter le clavier, mais on ne se hasarde jamais \u00e0 aller trop loin, et pourquoi se hasarder aussi loin ? Pour bien montrer qu\u2019il s\u2019agit d\u2019un pass\u00e9 r\u00e9volu, aussi bien pour eux que pour nous, nos confr\u00e8res \u00e9gyptiens aiment \u00e0 rappeler que Moubarak aussi s\u2019\u00e9tait engag\u00e9 \u00e0 ne pas se repr\u00e9senter. Il avait certes tent\u00e9 d\u2019imposer une succession de type dynastique, en mettant en avant l\u2019un de ses fils les plus affairistes, mais il avait renonc\u00e9 sous la pression de la rue. La comparaison entre les deux r\u00e9volutions, celle du 25 janvier 2011 et celle du 22 f\u00e9vrier 2019, appelons-la ainsi en attendant mieux, se limite \u00e0 la suspicion de la rue \u00e0 l\u2019encontre de deux hommes. La corde, qui peut \u00e9touffer en l\u2019occurrence, c\u2019est l\u2019ambition des mandats pr\u00e9sidentiels \u00e0 vie, repouss\u00e9e par la rue avec la m\u00eame \u00e9nergie, aussi bien pour Bouteflika que pour Moubarak. Le pendu, lui, se porte bien et m\u00eame tr\u00e8s bien, si j\u2019ose dire, puisqu\u2019il s\u2019agit de l\u2019actuel Pr\u00e9sident Sissi, qui menace de battre un record de long\u00e9vit\u00e9.<br \/>On peut comprendre, d\u00e8s lors, la discr\u00e9tion des journaux \u00e9gyptiens qui ne se hasardent pas \u00e0 trop insister sur les mandats de Bouteflika, alors que le Parlement pr\u00e9pare une rallonge pour Sissi. Et quelle rallonge, puisque la r\u00e9forme constitutionnelle, ne parlons pas de chamboulement, pr\u00e9voit m\u00eame un \u00ab bonus \u00bb l\u00e9gal qui devrait permettre \u00e0 l\u2019actuel Ra\u00efs de le rester, pour 34 ans encore. Sachant que Sissi est \u00e2g\u00e9 actuellement de 64 ans, cela devrait donner un \u00e2ge assez raisonnable et correspondant \u00e0 des normes alg\u00e9riennes, pour le moment, mais avec un avenir commun. La rallonge des mandats pr\u00e9sidentiels reste toutefois un sujet d\u2019actualit\u00e9 en \u00c9gypte, mais une actualit\u00e9 dissoci\u00e9e et m\u00eame \u00e9loign\u00e9e en termes de mise en page de l\u2019actualit\u00e9 alg\u00e9rienne. Chronologiquement parlant, on peut se permettre d\u2019aller au-del\u00e0 de Moubarak, et m\u00eame pousser jusqu\u2019\u00e0 Sissi en \u00e9voquant la lame de fond qui a balay\u00e9 le \u00ab fr\u00e8re musulman \u00bb Morsi. On peut parler de soi, tout en montrant du doigt la voisine, un exercice propice aux exorcismes et autres abjurations qui ont toujours le don de rassurer \u00e0 d\u00e9faut d\u2019offrir la solution. Et revoil\u00e0 notre confr\u00e8re du quotidien Al-Misri Alyoum, Suleimane Djawda, qui revient sur la composante des manifestations pacifiques du vendredi et nous fait part de ses soup\u00e7ons.<br \/>Ces soup\u00e7ons portent \u00e9videmment sur \u00ab la pr\u00e9sence d\u2019activistes islamistes infiltr\u00e9s dans les marches et qui attendent le moment propice comme cela s\u2019est pass\u00e9 chez nous, le 25 janvier 2011. Nous verrons, dit-il, mais le probl\u00e8me est qu\u2019ils sont embusqu\u00e9s \u00e0 l\u2019arri\u00e8re, comme ils l\u2019ont fait ici et ailleurs dans la r\u00e9gion, et qu\u2019ils n\u2019appara\u00eetront que dans le tableau final \u00bb. Comme cela s\u2019est pass\u00e9 effectivement en \u00c9gypte o\u00f9 le mouvement des Fr\u00e8res musulmans a d\u2019abord combattu la r\u00e9volution du 25 janvier 2011, avant de l\u2019utiliser pour acc\u00e9der au pouvoir. Le journal saoudien Al-Watan relativise quelque peu le pessimisme de son confr\u00e8re \u00e9gyptien, et son \u00e9ditorialiste Mohamed Al-Sa\u00efdi remarque l\u2019absence de slogans islamistes.(1) Il observe que lors des manifestations, la jeunesse a scand\u00e9 des slogans appelant \u00e0 la d\u00e9mocratie et au respect de la Constitution, mais il n\u2019a jamais \u00e9t\u00e9 question de l\u2019\u00c9tat islamique. Le journal rappelle les slogans de nagu\u00e8re qui revendiquaient l\u2019application de la Charia et promettaient m\u00eame \u00ab un Islam qui ne sera pas celui de l\u2019Arabie Saoudite et qui sera enseign\u00e9 en Orient et en Occident \u00bb, ironise-t-il. Il s\u2019\u00e9tonne de ne plus voir tous ces slogans que brandissaient des islamistes, \u00ab empress\u00e9s par ailleurs de lancer des injures \u00e0 l\u2019Arabie Saoudite, \u00e0 son \u00c9tat, et \u00e0 sa religion \u00bb, et se demande o\u00f9 ils sont pass\u00e9s. \u00ab Qu\u2019est-ce que c\u2019est que cette histoire ? Il faut que l\u2019on sache comment la rue alg\u00e9rienne a abandonn\u00e9 le slogan de l\u2019\u00c9tat islamique, pour demander une Constitution, la R\u00e9publique, et la d\u00e9mocratie. C\u2019est un grand retournement contre une id\u00e9e qui dominait nagu\u00e8re l\u2019opinion populaire, jusqu\u2019\u00e0 l\u2019amener \u00e0 donner 81% de ses voix au Front islamique du salut .\u00bb Mais tout en reconnaissant le r\u00f4le d\u00e9cisif des pr\u00eacheurs (wahhabites) dans la progression de l\u2019Islam politique, Al-Watan admet que \u00ab l\u2019Islamisme ne paie plus, tout en reconnaissant que les Alg\u00e9riens sont toujours attach\u00e9s \u00e0 l\u2019Islam et qu\u2019ils le resteront, Dieu merci. Tous ceux qui voient en l\u2019Islam une religion compl\u00e8te ne font pas confiance aux partis et mouvements islamistes pour incarner l\u2019Islam ou gouverner selon l\u2019Islam. Aussi rejettent-ils ces partis et ces mouvements et non pas l\u2019Islam en tant que religion\u00bb. Un aveu implicite que trop de religion est souvent nuisible \u00e0 la religion et surtout \u00e0 ses proph\u00e8tes autoproclam\u00e9s. Voyons maintenant ce qu\u2019en pensent les Qataris, en face, et dans le journal Al-Quds qu\u2019ils ont rachet\u00e9 \u00e0 son ancien propri\u00e9taire palestinien(2), et qui leur sert de support de propagande.<br \/>Dans sa rubrique actualit\u00e9, le quotidien londonien accorde une large place aux tirs \u00e0 l\u2019arme lourde que le sieur Ahmed Ouyahia subit de la part de son fr\u00e8re La\u00effa.(3) Ce dernier rappelle \u00e0 son fr\u00e8re intra-ut\u00e9rin qu\u2019il fait partie du probl\u00e8me et non de la solution, et qu\u2019il devrait s\u2019en aller, tout comme le syst\u00e8me qu\u2019il a servi fid\u00e8lement et trop longtemps . Il faut saluer cette d\u00e9claration de guerre \u00ab fratricide \u00bb qui marque les limites de la solidarit\u00e9, quand une famille a identifi\u00e9 son ou ses moutons noirs. Un exemple dont devraient s\u2019inspirer nombre d\u2019Alg\u00e9riens qui ont des proches d\u00e9j\u00e0 enfonc\u00e9s jusqu\u2019au cou dans la gadoue.<br \/><strong><em>A. H.<\/em><\/strong><\/p>\n<p class=\"c3\"><em>(1) Des internautes ont fait part de l\u2019apparition de certaines banderoles islamistes et m\u00eame des drapeaux turcs, ce qui reste \u00e0 v\u00e9rifier, mais le slogan \u00ab Dawla islamya harrachia \u00bb (\u00c9tat islamique harrachi) a \u00e9t\u00e9 scand\u00e9, dans le quartier d\u2019El-Harrach pr\u00e9cis\u00e9ment.<br \/>(2) Abdelbari Atwane, fondateur du quotidien Al-Quds qui vient de d\u00e9clarer \u00e0 propos de Bouteflika que c\u2019\u00e9tait \u00ab un mystique \u00bb, d\u00e9tach\u00e9 des plaisirs et des biens mat\u00e9riels de ce bas monde. On appr\u00e9ciera.<br \/>(3) La\u00effa Ouyahia a tenu ces propos, diffus\u00e9s aussi sur vid\u00e9os, dans le quotidien arabophone Al-Hiwar, du samedi 23 mars 2019.<\/em><\/p>\n<p>Auteur:<br \/>\n<a href=\"https:\/\/www.lesoirdalgerie.com\/kiosque-arabe\/parler-de-corde-sans-setrangler-avec-21153\">Cliquez ici pour lire l&rsquo;article depuis sa source.<\/a><\/p>\n","protected":false},"excerpt":{"rendered":"<p>Les m\u00e9dias \u00e9gyptiens s\u2019abstiennent de \u00ab parler de corde dans la maison d\u2019un pendu \u00bb, comme le veut le proverbe, et ils sont ultra-prudents dans le traitement de ce qui se passe en Alg\u00e9rie. Les commentateurs \u00e9gyptiens veulent bien \u00e9tablir des comparaisons, mais sans se hasarder \u00e0 traiter les questions de fond. Ainsi, lorsqu\u2019ils parlent [&hellip;]<\/p>\n","protected":false},"author":1741,"featured_media":0,"comment_status":"closed","ping_status":"closed","sticky":false,"template":"","format":"standard","meta":{"fifu_image_url":"","fifu_image_alt":"","footnotes":""},"categories":[73,53],"tags":[],"class_list":["post-23990","post","type-post","status-publish","format-standard","hentry","category-actualite","category-algerie"],"_links":{"self":[{"href":"https:\/\/linitiative.ca\/International\/wp-json\/wp\/v2\/posts\/23990","targetHints":{"allow":["GET"]}}],"collection":[{"href":"https:\/\/linitiative.ca\/International\/wp-json\/wp\/v2\/posts"}],"about":[{"href":"https:\/\/linitiative.ca\/International\/wp-json\/wp\/v2\/types\/post"}],"author":[{"embeddable":true,"href":"https:\/\/linitiative.ca\/International\/wp-json\/wp\/v2\/users\/1741"}],"replies":[{"embeddable":true,"href":"https:\/\/linitiative.ca\/International\/wp-json\/wp\/v2\/comments?post=23990"}],"version-history":[{"count":0,"href":"https:\/\/linitiative.ca\/International\/wp-json\/wp\/v2\/posts\/23990\/revisions"}],"wp:attachment":[{"href":"https:\/\/linitiative.ca\/International\/wp-json\/wp\/v2\/media?parent=23990"}],"wp:term":[{"taxonomy":"category","embeddable":true,"href":"https:\/\/linitiative.ca\/International\/wp-json\/wp\/v2\/categories?post=23990"},{"taxonomy":"post_tag","embeddable":true,"href":"https:\/\/linitiative.ca\/International\/wp-json\/wp\/v2\/tags?post=23990"}],"curies":[{"name":"wp","href":"https:\/\/api.w.org\/{rel}","templated":true}]}}